{"id":492894,"date":"2023-07-10T18:31:57","date_gmt":"2023-07-11T00:31:57","guid":{"rendered":"https:\/\/www.zunoticia.com\/noticias-de-hidalgo\/?p=492894"},"modified":"2023-07-10T18:31:58","modified_gmt":"2023-07-11T00:31:58","slug":"orizatlan-presente-en-la-estrategia-para-la-paz-y-atencion-a-la-violencia","status":"publish","type":"post","link":"https:\/\/www.zunoticia.com\/noticias-de-hidalgo\/2023\/07\/10\/orizatlan-presente-en-la-estrategia-para-la-paz-y-atencion-a-la-violencia\/","title":{"rendered":"Orizatl\u00e1n presente en la estrategia para la paz y atenci\u00f3n a la violencia"},"content":{"rendered":"<aside class=\"mashsb-container mashsb-main mashsb-stretched\"><div class=\"mashsb-box\"><div class=\"mashsb-count mash-large\" style=\"float:left\"><div class=\"counts mashsbcount\">1<\/div><span class=\"mashsb-sharetext\">SHARES<\/span><\/div><div class=\"mashsb-buttons\"><a class=\"mashicon-facebook mash-large mash-center mashsb-noshadow\" href=\"https:\/\/www.facebook.com\/sharer.php?u=https%3A%2F%2Fwww.zunoticia.com%2Fnoticias-de-hidalgo%2F2023%2F07%2F10%2Forizatlan-presente-en-la-estrategia-para-la-paz-y-atencion-a-la-violencia%2F\" target=\"_top\" rel=\"nofollow\"><span class=\"icon\"><\/span><span class=\"text\">Share<\/span><\/a><a class=\"mashicon-twitter mash-large mash-center mashsb-noshadow\" href=\"https:\/\/twitter.com\/intent\/tweet?text=&amp;url=https:\/\/www.zunoticia.com\/noticias-de-hidalgo\/2023\/07\/10\/orizatlan-presente-en-la-estrategia-para-la-paz-y-atencion-a-la-violencia\/\" target=\"_top\" rel=\"nofollow\"><span class=\"icon\"><\/span><span class=\"text\">Tweet<\/span><\/a><div class=\"onoffswitch2 mash-large mashsb-noshadow\" style=\"display:none\"><\/div><\/div>\n            <\/div>\n                <div style=\"clear:both\"><\/div><div class=\"mashsb-toggle-container\"><\/div><\/aside>\n            <!-- Share buttons by mashshare.net - Version: 4.0.47-->\n<p><em>Por \u00c1ngel Silverio\/Zunoticia<\/em><\/p>\n\n\n\n<p><strong>San Felipe Orizatl\u00e1n, Hgo<\/strong>.- &#8220;Estuvimos presentes en la primera reuni\u00f3n referente a la Estrategia Regional para la Paz y la Atenci\u00f3n a la Violencia contra las Mujeres, Ni\u00f1as, Ni\u00f1os y Adolescentes, que tiene como objetivo sensibilizar y capacitar a servidoras y servidores p\u00fablicos, as\u00ed como generar v\u00ednculos institucionales para el dise\u00f1o y operaci\u00f3n de acciones que impulsen el empoderamiento y la prevenci\u00f3n de la violencia en los municipios y localidades&#8221;.<\/p>\n\n\n\n<p>Mencion\u00f3 lo anterior, la titular de SIPINNA, Esmeralda Flores, quien explic\u00f3 que dicha estrategia fue creada en coordinaci\u00f3n con la Secretar\u00eda de Seguridad P\u00fablica y Protecci\u00f3n Ciudadana, Unidad de Pol\u00edtica y Estrategias para la Construcci\u00f3n de Paz, de las Mujeres Hidalgo y Derechos Humanos de la Secretar\u00eda de Gobierno del Estado.<\/p>\n\n\n\n<p>Destac\u00f3 que, formar parte de estas mesas de trabajo, es de vital importancia, pues se pueden dar a conocer los problemas psicosociales que afectan a los ni\u00f1os y adolescentes y con base a ellos, crear estrategias que ayuden a erradicar la violencia.<\/p>\n\n\n\n<p>Agradecieron tambi\u00e9n a la alcaldesa Erika Saab Lara, por el apoyo y el respaldo que se han tenido a estas mesas de seguridad, pues as\u00ed tambi\u00e9n dijo que, se han estado Implementando acciones en coordinaci\u00f3n con el DIF que hoy por hoy son de mucha ayuda en las instituciones educativas y as\u00ed ir trabajando en la reconstrucci\u00f3n del tejido social.<\/p>\n","protected":false},"excerpt":{"rendered":"<p>Por \u00c1ngel Silverio\/Zunoticia San Felipe Orizatl\u00e1n, Hgo.- &#8220;Estuvimos presentes en la primera reuni\u00f3n referente a la Estrategia Regional para la Paz y la Atenci\u00f3n a la Violencia contra las Mujeres, Ni\u00f1as, Ni\u00f1os y Adolescentes, que tiene como objetivo sensibilizar y capacitar a servidoras y servidores p\u00fablicos, as\u00ed como generar v\u00ednculos institucionales para el dise\u00f1o y&hellip; <a class=\"more-link\" href=\"https:\/\/www.zunoticia.com\/noticias-de-hidalgo\/2023\/07\/10\/orizatlan-presente-en-la-estrategia-para-la-paz-y-atencion-a-la-violencia\/\">Seguir leyendo <span class=\"screen-reader-text\">Orizatl\u00e1n presente en la estrategia para la paz y atenci\u00f3n a la violencia<\/span><\/a><\/p>\n","protected":false},"author":20,"featured_media":492895,"comment_status":"closed","ping_status":"open","sticky":false,"template":"","format":"standard","meta":{"rop_custom_images_group":[],"rop_custom_messages_group":[],"rop_publish_now":"initial","rop_publish_now_accounts":{"facebook_10159540855086992_322828327761733":""},"rop_publish_now_history":[],"rop_publish_now_status":"pending","footnotes":""},"categories":[208],"tags":[214],"class_list":["post-492894","post","type-post","status-publish","format-standard","has-post-thumbnail","hentry","category-estado","tag-estado","entry"],"_links":{"self":[{"href":"https:\/\/www.zunoticia.com\/noticias-de-hidalgo\/wp-json\/wp\/v2\/posts\/492894","targetHints":{"allow":["GET"]}}],"collection":[{"href":"https:\/\/www.zunoticia.com\/noticias-de-hidalgo\/wp-json\/wp\/v2\/posts"}],"about":[{"href":"https:\/\/www.zunoticia.com\/noticias-de-hidalgo\/wp-json\/wp\/v2\/types\/post"}],"author":[{"embeddable":true,"href":"https:\/\/www.zunoticia.com\/noticias-de-hidalgo\/wp-json\/wp\/v2\/users\/20"}],"replies":[{"embeddable":true,"href":"https:\/\/www.zunoticia.com\/noticias-de-hidalgo\/wp-json\/wp\/v2\/comments?post=492894"}],"version-history":[{"count":1,"href":"https:\/\/www.zunoticia.com\/noticias-de-hidalgo\/wp-json\/wp\/v2\/posts\/492894\/revisions"}],"predecessor-version":[{"id":492896,"href":"https:\/\/www.zunoticia.com\/noticias-de-hidalgo\/wp-json\/wp\/v2\/posts\/492894\/revisions\/492896"}],"wp:featuredmedia":[{"embeddable":true,"href":"https:\/\/www.zunoticia.com\/noticias-de-hidalgo\/wp-json\/wp\/v2\/media\/492895"}],"wp:attachment":[{"href":"https:\/\/www.zunoticia.com\/noticias-de-hidalgo\/wp-json\/wp\/v2\/media?parent=492894"}],"wp:term":[{"taxonomy":"category","embeddable":true,"href":"https:\/\/www.zunoticia.com\/noticias-de-hidalgo\/wp-json\/wp\/v2\/categories?post=492894"},{"taxonomy":"post_tag","embeddable":true,"href":"https:\/\/www.zunoticia.com\/noticias-de-hidalgo\/wp-json\/wp\/v2\/tags?post=492894"}],"curies":[{"name":"wp","href":"https:\/\/api.w.org\/{rel}","templated":true}]}}