{"id":492900,"date":"2023-07-10T19:07:26","date_gmt":"2023-07-11T01:07:26","guid":{"rendered":"https:\/\/www.zunoticia.com\/noticias-de-hidalgo\/?p=492900"},"modified":"2023-07-10T19:15:30","modified_gmt":"2023-07-11T01:15:30","slug":"inaugura-secretario-de-educacion-el-polideportivo-de-la-uph","status":"publish","type":"post","link":"https:\/\/www.zunoticia.com\/noticias-de-hidalgo\/2023\/07\/10\/inaugura-secretario-de-educacion-el-polideportivo-de-la-uph\/","title":{"rendered":"Inaugura secretario de Educaci\u00f3n el Polideportivo de la UPH"},"content":{"rendered":"<aside class=\"mashsb-container mashsb-main mashsb-stretched\"><div class=\"mashsb-box\"><div class=\"mashsb-count mash-large\" style=\"float:left\"><div class=\"counts mashsbcount\">10<\/div><span class=\"mashsb-sharetext\">SHARES<\/span><\/div><div class=\"mashsb-buttons\"><a class=\"mashicon-facebook mash-large mash-center mashsb-noshadow\" href=\"https:\/\/www.facebook.com\/sharer.php?u=https%3A%2F%2Fwww.zunoticia.com%2Fnoticias-de-hidalgo%2F2023%2F07%2F10%2Finaugura-secretario-de-educacion-el-polideportivo-de-la-uph%2F\" target=\"_top\" rel=\"nofollow\"><span class=\"icon\"><\/span><span class=\"text\">Share<\/span><\/a><a class=\"mashicon-twitter mash-large mash-center mashsb-noshadow\" href=\"https:\/\/twitter.com\/intent\/tweet?text=&amp;url=https:\/\/www.zunoticia.com\/noticias-de-hidalgo\/2023\/07\/10\/inaugura-secretario-de-educacion-el-polideportivo-de-la-uph\/\" target=\"_top\" rel=\"nofollow\"><span class=\"icon\"><\/span><span class=\"text\">Tweet<\/span><\/a><div class=\"onoffswitch2 mash-large mashsb-noshadow\" style=\"display:none\"><\/div><\/div>\n            <\/div>\n                <div style=\"clear:both\"><\/div><div class=\"mashsb-toggle-container\"><\/div><\/aside>\n            <!-- Share buttons by mashshare.net - Version: 4.0.47-->\n<p><em>Por Enedino Hern\u00e1ndez\/Zunoticia<\/em><\/p>\n\n\n\n<p><strong>Huejutla, Hgo<\/strong>.- El Secretario de Educaci\u00f3n P\u00fablica en Hidalgo, Natividad Castrej\u00f3n, inaugur\u00f3 el Polideportivo de la Universidad Polit\u00e9cnica de Huejutla, Edificio de Laboratorio Pesado.<\/p>\n\n\n\n<p>La inauguraci\u00f3n se llev\u00f3 a cabo despu\u00e9s de las 13:00 horas, una de la tarde, de este lunes 10 de julio, en donde fue acompa\u00f1ado por el Rector de la UPH, Jos\u00e9 Eugenio Segura Marroqu\u00edn.<\/p>\n\n\n\n<p>En el evento se cont\u00f3 con la presencia del alcalde de Huejutla, Daniel Andrade Zurutuza; el alcalde de Jaltoc\u00e1n, Iv\u00e1n Lara Tovar; el subsecretario de Gobierno en la Huasteca Hidalguense, Marco Antonio Ramos Moguel; el subsecretario de Educaci\u00f3n Media Superior y Superior, Daniel Fragoso; la coordinadora regional V del COBAEH, Gloria Alicia Ch\u00e1vez Guerrero; la directora de la Escuela Normal de las Huastecas, Enriqueta Vargas Castel\u00e1n; el rector de la UTHH, Miguel Acosta Salazar; entre otras personalidades.<\/p>\n\n\n\n<p>Jos\u00e9 Eugenio Segura Marroqu\u00edn, reconoci\u00f3 el respaldo del Gobernador del Estado, Julio Menchaca Salazar y el apoyo correspondiente a la instituci\u00f3n educativa que se concreta con la inauguraci\u00f3n del Polideportivo de la Universidad Polit\u00e9cnica de Huejutla, Edificio de Laboratorio Pesado.<\/p>\n\n\n\n<p>En su intervenci\u00f3n el alcalde, Daniel Andrade, se\u00f1al\u00f3 que cada una de las veces que el gobernador ha estado en la regi\u00f3n siempre ha tra\u00eddo apoyos, por ello; pide a los j\u00f3venes que se ven beneficiados con esta obra, fortalecer en todo momento las bases educativas.<\/p>\n\n\n\n<p>Por su parte, el secretario de Educaci\u00f3n P\u00fablica en Hidalgo, Natividad Castrej\u00f3n; exhort\u00f3 a los j\u00f3venes universitarios a esforzarse d\u00eda con d\u00eda para salir adelante.<\/p>\n\n\n\n<p>Resalt\u00f3 que, en la entidad el presupuesto total que se tiene aplicado es un 43% a la educaci\u00f3n, destacando que uno de los retos que se han propuesto en estos meses de administraci\u00f3n, es buscar que en la Secretar\u00eda de Educaci\u00f3n todos avancen por el mismo rumbo, en bien de la formaci\u00f3n de los j\u00f3venes.<\/p>\n\n\n\n<figure class=\"wp-block-gallery has-nested-images columns-default is-cropped wp-block-gallery-1 is-layout-flex wp-block-gallery-is-layout-flex\">\n<figure class=\"wp-block-image size-large\"><img fetchpriority=\"high\" decoding=\"async\" width=\"940\" height=\"788\" data-id=\"492902\" src=\"https:\/\/www.zunoticia.com\/noticias-de-hidalgo\/wp-content\/uploads\/2023\/07\/3-23.png\" alt=\"\" class=\"wp-image-492902\" srcset=\"https:\/\/www.zunoticia.com\/noticias-de-hidalgo\/wp-content\/uploads\/2023\/07\/3-23.png 940w, https:\/\/www.zunoticia.com\/noticias-de-hidalgo\/wp-content\/uploads\/2023\/07\/3-23-300x251.png 300w, https:\/\/www.zunoticia.com\/noticias-de-hidalgo\/wp-content\/uploads\/2023\/07\/3-23-768x644.png 768w\" sizes=\"(max-width: 940px) 100vw, 940px\" \/><\/figure>\n\n\n\n<figure class=\"wp-block-image size-large\"><img decoding=\"async\" width=\"940\" height=\"788\" data-id=\"492904\" src=\"https:\/\/www.zunoticia.com\/noticias-de-hidalgo\/wp-content\/uploads\/2023\/07\/1-64.png\" alt=\"\" class=\"wp-image-492904\" srcset=\"https:\/\/www.zunoticia.com\/noticias-de-hidalgo\/wp-content\/uploads\/2023\/07\/1-64.png 940w, https:\/\/www.zunoticia.com\/noticias-de-hidalgo\/wp-content\/uploads\/2023\/07\/1-64-300x251.png 300w, https:\/\/www.zunoticia.com\/noticias-de-hidalgo\/wp-content\/uploads\/2023\/07\/1-64-768x644.png 768w\" sizes=\"(max-width: 940px) 100vw, 940px\" \/><\/figure>\n\n\n\n<figure class=\"wp-block-image size-large\"><img decoding=\"async\" width=\"940\" height=\"788\" data-id=\"492903\" src=\"https:\/\/www.zunoticia.com\/noticias-de-hidalgo\/wp-content\/uploads\/2023\/07\/2-66.png\" alt=\"\" class=\"wp-image-492903\" srcset=\"https:\/\/www.zunoticia.com\/noticias-de-hidalgo\/wp-content\/uploads\/2023\/07\/2-66.png 940w, https:\/\/www.zunoticia.com\/noticias-de-hidalgo\/wp-content\/uploads\/2023\/07\/2-66-300x251.png 300w, https:\/\/www.zunoticia.com\/noticias-de-hidalgo\/wp-content\/uploads\/2023\/07\/2-66-768x644.png 768w\" sizes=\"(max-width: 940px) 100vw, 940px\" \/><\/figure>\n<\/figure>\n","protected":false},"excerpt":{"rendered":"<p>Por Enedino Hern\u00e1ndez\/Zunoticia Huejutla, Hgo.- El Secretario de Educaci\u00f3n P\u00fablica en Hidalgo, Natividad Castrej\u00f3n, inaugur\u00f3 el Polideportivo de la Universidad Polit\u00e9cnica de Huejutla, Edificio de Laboratorio Pesado. La inauguraci\u00f3n se llev\u00f3 a cabo despu\u00e9s de las 13:00 horas, una de la tarde, de este lunes 10 de julio, en donde fue acompa\u00f1ado por el Rector&hellip; <a class=\"more-link\" href=\"https:\/\/www.zunoticia.com\/noticias-de-hidalgo\/2023\/07\/10\/inaugura-secretario-de-educacion-el-polideportivo-de-la-uph\/\">Seguir leyendo <span class=\"screen-reader-text\">Inaugura secretario de Educaci\u00f3n el Polideportivo de la UPH<\/span><\/a><\/p>\n","protected":false},"author":20,"featured_media":492901,"comment_status":"closed","ping_status":"open","sticky":false,"template":"","format":"standard","meta":{"rop_custom_images_group":[],"rop_custom_messages_group":[],"rop_publish_now":"initial","rop_publish_now_accounts":{"facebook_10159540855086992_322828327761733":""},"rop_publish_now_history":[],"rop_publish_now_status":"pending","footnotes":""},"categories":[181],"tags":[121],"class_list":["post-492900","post","type-post","status-publish","format-standard","has-post-thumbnail","hentry","category-huejutla","tag-huejutla","entry"],"_links":{"self":[{"href":"https:\/\/www.zunoticia.com\/noticias-de-hidalgo\/wp-json\/wp\/v2\/posts\/492900","targetHints":{"allow":["GET"]}}],"collection":[{"href":"https:\/\/www.zunoticia.com\/noticias-de-hidalgo\/wp-json\/wp\/v2\/posts"}],"about":[{"href":"https:\/\/www.zunoticia.com\/noticias-de-hidalgo\/wp-json\/wp\/v2\/types\/post"}],"author":[{"embeddable":true,"href":"https:\/\/www.zunoticia.com\/noticias-de-hidalgo\/wp-json\/wp\/v2\/users\/20"}],"replies":[{"embeddable":true,"href":"https:\/\/www.zunoticia.com\/noticias-de-hidalgo\/wp-json\/wp\/v2\/comments?post=492900"}],"version-history":[{"count":3,"href":"https:\/\/www.zunoticia.com\/noticias-de-hidalgo\/wp-json\/wp\/v2\/posts\/492900\/revisions"}],"predecessor-version":[{"id":492907,"href":"https:\/\/www.zunoticia.com\/noticias-de-hidalgo\/wp-json\/wp\/v2\/posts\/492900\/revisions\/492907"}],"wp:featuredmedia":[{"embeddable":true,"href":"https:\/\/www.zunoticia.com\/noticias-de-hidalgo\/wp-json\/wp\/v2\/media\/492901"}],"wp:attachment":[{"href":"https:\/\/www.zunoticia.com\/noticias-de-hidalgo\/wp-json\/wp\/v2\/media?parent=492900"}],"wp:term":[{"taxonomy":"category","embeddable":true,"href":"https:\/\/www.zunoticia.com\/noticias-de-hidalgo\/wp-json\/wp\/v2\/categories?post=492900"},{"taxonomy":"post_tag","embeddable":true,"href":"https:\/\/www.zunoticia.com\/noticias-de-hidalgo\/wp-json\/wp\/v2\/tags?post=492900"}],"curies":[{"name":"wp","href":"https:\/\/api.w.org\/{rel}","templated":true}]}}