{"id":492946,"date":"2023-07-10T21:05:15","date_gmt":"2023-07-11T03:05:15","guid":{"rendered":"https:\/\/www.zunoticia.com\/noticias-de-hidalgo\/?p=492946"},"modified":"2023-07-10T21:05:16","modified_gmt":"2023-07-11T03:05:16","slug":"choque-entre-camioneta-y-auto-compacto","status":"publish","type":"post","link":"https:\/\/www.zunoticia.com\/noticias-de-hidalgo\/2023\/07\/10\/choque-entre-camioneta-y-auto-compacto\/","title":{"rendered":"Choque entre camioneta y auto compacto"},"content":{"rendered":"<aside class=\"mashsb-container mashsb-main mashsb-stretched\"><div class=\"mashsb-box\"><div class=\"mashsb-count mash-large\" style=\"float:left\"><div class=\"counts mashsbcount\">25<\/div><span class=\"mashsb-sharetext\">SHARES<\/span><\/div><div class=\"mashsb-buttons\"><a class=\"mashicon-facebook mash-large mash-center mashsb-noshadow\" href=\"https:\/\/www.facebook.com\/sharer.php?u=https%3A%2F%2Fwww.zunoticia.com%2Fnoticias-de-hidalgo%2F2023%2F07%2F10%2Fchoque-entre-camioneta-y-auto-compacto%2F\" target=\"_top\" rel=\"nofollow\"><span class=\"icon\"><\/span><span class=\"text\">Share<\/span><\/a><a class=\"mashicon-twitter mash-large mash-center mashsb-noshadow\" href=\"https:\/\/twitter.com\/intent\/tweet?text=&amp;url=https:\/\/www.zunoticia.com\/noticias-de-hidalgo\/2023\/07\/10\/choque-entre-camioneta-y-auto-compacto\/\" target=\"_top\" rel=\"nofollow\"><span class=\"icon\"><\/span><span class=\"text\">Tweet<\/span><\/a><div class=\"onoffswitch2 mash-large mashsb-noshadow\" style=\"display:none\"><\/div><\/div>\n            <\/div>\n                <div style=\"clear:both\"><\/div><div class=\"mashsb-toggle-container\"><\/div><\/aside>\n            <!-- Share buttons by mashshare.net - Version: 4.0.47-->\n<p><em>Por Francisco Rosas\/Zunoticia<\/em><\/p>\n\n\n\n<p><strong>Huejutla, Hgo.-<\/strong> Una camioneta de la marca Toyota. que presuntamente circulaba a exceso de velocidad en el bulevar central de la carretera M\u00e9xico \u2013 Tampico, choc\u00f3 con un auto compacto.<\/p>\n\n\n\n<p>El incidente sucedi\u00f3 un poco antes de las 00:00 horas de este lunes, a la altura de la tienda comercial Chedraui y el presunto responsable fue el conductor de una Toyota Hilux de color blanco, la cual luego de impactar en la parte trasera de una coche tipo Jetta de color gris, se dio a la fuga.<\/p>\n\n\n\n<figure class=\"wp-block-image size-full\"><img fetchpriority=\"high\" decoding=\"async\" width=\"597\" height=\"416\" src=\"https:\/\/www.zunoticia.com\/noticias-de-hidalgo\/wp-content\/uploads\/2023\/07\/eZy-Watermark-10-07-2023-06-26-23-9570p.m..jpg\" alt=\"\" class=\"wp-image-492937\" srcset=\"https:\/\/www.zunoticia.com\/noticias-de-hidalgo\/wp-content\/uploads\/2023\/07\/eZy-Watermark-10-07-2023-06-26-23-9570p.m..jpg 597w, https:\/\/www.zunoticia.com\/noticias-de-hidalgo\/wp-content\/uploads\/2023\/07\/eZy-Watermark-10-07-2023-06-26-23-9570p.m.-300x209.jpg 300w\" sizes=\"(max-width: 597px) 100vw, 597px\" \/><\/figure>\n\n\n\n<p>Sin embargo, minutos m\u00e1s tarde, la unidad motora fue localizada en un callej\u00f3n de la colonia Jacarandas, hasta donde arribaron elementos de la Secretar\u00eda de Seguridad P\u00fablica y Tr\u00e1nsito Municipal, para ordenar el remolque del veh\u00edculo hac\u00eda el corral\u00f3n.<\/p>\n\n\n\n<p>Asimismo, los tripulantes del auto compacto fueron valorados por socorristas de la Cruz Roja Mexicana, no obstante, por fortuna solo sufrieron lesiones leves y no amerit\u00f3 ser trasladados a un centro hospitalario.<\/p>\n","protected":false},"excerpt":{"rendered":"<p>Por Francisco Rosas\/Zunoticia Huejutla, Hgo.- Una camioneta de la marca Toyota. que presuntamente circulaba a exceso de velocidad en el bulevar central de la carretera M\u00e9xico \u2013 Tampico, choc\u00f3 con un auto compacto. El incidente sucedi\u00f3 un poco antes de las 00:00 horas de este lunes, a la altura de la tienda comercial Chedraui y&hellip; <a class=\"more-link\" href=\"https:\/\/www.zunoticia.com\/noticias-de-hidalgo\/2023\/07\/10\/choque-entre-camioneta-y-auto-compacto\/\">Seguir leyendo <span class=\"screen-reader-text\">Choque entre camioneta y auto compacto<\/span><\/a><\/p>\n","protected":false},"author":12,"featured_media":492938,"comment_status":"closed","ping_status":"open","sticky":false,"template":"","format":"standard","meta":{"rop_custom_images_group":[],"rop_custom_messages_group":[],"rop_publish_now":"initial","rop_publish_now_accounts":{"facebook_10159540855086992_322828327761733":""},"rop_publish_now_history":[],"rop_publish_now_status":"pending","footnotes":""},"categories":[178],"tags":[259],"class_list":["post-492946","post","type-post","status-publish","format-standard","has-post-thumbnail","hentry","category-policiaca","tag-policiaca","entry"],"_links":{"self":[{"href":"https:\/\/www.zunoticia.com\/noticias-de-hidalgo\/wp-json\/wp\/v2\/posts\/492946","targetHints":{"allow":["GET"]}}],"collection":[{"href":"https:\/\/www.zunoticia.com\/noticias-de-hidalgo\/wp-json\/wp\/v2\/posts"}],"about":[{"href":"https:\/\/www.zunoticia.com\/noticias-de-hidalgo\/wp-json\/wp\/v2\/types\/post"}],"author":[{"embeddable":true,"href":"https:\/\/www.zunoticia.com\/noticias-de-hidalgo\/wp-json\/wp\/v2\/users\/12"}],"replies":[{"embeddable":true,"href":"https:\/\/www.zunoticia.com\/noticias-de-hidalgo\/wp-json\/wp\/v2\/comments?post=492946"}],"version-history":[{"count":1,"href":"https:\/\/www.zunoticia.com\/noticias-de-hidalgo\/wp-json\/wp\/v2\/posts\/492946\/revisions"}],"predecessor-version":[{"id":492948,"href":"https:\/\/www.zunoticia.com\/noticias-de-hidalgo\/wp-json\/wp\/v2\/posts\/492946\/revisions\/492948"}],"wp:featuredmedia":[{"embeddable":true,"href":"https:\/\/www.zunoticia.com\/noticias-de-hidalgo\/wp-json\/wp\/v2\/media\/492938"}],"wp:attachment":[{"href":"https:\/\/www.zunoticia.com\/noticias-de-hidalgo\/wp-json\/wp\/v2\/media?parent=492946"}],"wp:term":[{"taxonomy":"category","embeddable":true,"href":"https:\/\/www.zunoticia.com\/noticias-de-hidalgo\/wp-json\/wp\/v2\/categories?post=492946"},{"taxonomy":"post_tag","embeddable":true,"href":"https:\/\/www.zunoticia.com\/noticias-de-hidalgo\/wp-json\/wp\/v2\/tags?post=492946"}],"curies":[{"name":"wp","href":"https:\/\/api.w.org\/{rel}","templated":true}]}}