{"id":492964,"date":"2023-07-10T21:58:20","date_gmt":"2023-07-11T03:58:20","guid":{"rendered":"https:\/\/www.zunoticia.com\/noticias-de-hidalgo\/?p=492964"},"modified":"2023-07-10T22:34:55","modified_gmt":"2023-07-11T04:34:55","slug":"apf-agradecio-al-gobernador-por-el-inicio-de-la-barba-perimetral-de-la-esghar","status":"publish","type":"post","link":"https:\/\/www.zunoticia.com\/noticias-de-hidalgo\/2023\/07\/10\/apf-agradecio-al-gobernador-por-el-inicio-de-la-barba-perimetral-de-la-esghar\/","title":{"rendered":"APF agradeci\u00f3 al Gobernador por el inicio de la barba perimetral de&nbsp;la&nbsp;ESGHAR"},"content":{"rendered":"<aside class=\"mashsb-container mashsb-main mashsb-stretched\"><div class=\"mashsb-box\"><div class=\"mashsb-count mash-large\" style=\"float:left\"><div class=\"counts mashsbcount\">10<\/div><span class=\"mashsb-sharetext\">SHARES<\/span><\/div><div class=\"mashsb-buttons\"><a class=\"mashicon-facebook mash-large mash-center mashsb-noshadow\" href=\"https:\/\/www.facebook.com\/sharer.php?u=https%3A%2F%2Fwww.zunoticia.com%2Fnoticias-de-hidalgo%2F2023%2F07%2F10%2Fapf-agradecio-al-gobernador-por-el-inicio-de-la-barba-perimetral-de-la-esghar%2F\" target=\"_top\" rel=\"nofollow\"><span class=\"icon\"><\/span><span class=\"text\">Share<\/span><\/a><a class=\"mashicon-twitter mash-large mash-center mashsb-noshadow\" href=\"https:\/\/twitter.com\/intent\/tweet?text=&amp;url=https:\/\/www.zunoticia.com\/noticias-de-hidalgo\/2023\/07\/10\/apf-agradecio-al-gobernador-por-el-inicio-de-la-barba-perimetral-de-la-esghar\/\" target=\"_top\" rel=\"nofollow\"><span class=\"icon\"><\/span><span class=\"text\">Tweet<\/span><\/a><div class=\"onoffswitch2 mash-large mashsb-noshadow\" style=\"display:none\"><\/div><\/div>\n            <\/div>\n                <div style=\"clear:both\"><\/div><div class=\"mashsb-toggle-container\"><\/div><\/aside>\n            <!-- Share buttons by mashshare.net - Version: 4.0.47-->\n<p><em>Por Karen Rivera\/Zunoticia<\/em><\/p>\n\n\n\n<p><strong>Huejutla de Reyes, Hgo.-<\/strong> Al ser la Huasteca hidalguense la zona m\u00e1s visitada por el Gobernador del Estado, Julio Menchaca Salazar, y tras cumplir su compromiso, la asociaci\u00f3n de padres de familia, a trav\u00e9s del doctor Natividad Castrej\u00f3n Valdez, Secretario de Educaci\u00f3n, agradecieron al mandatario estatal por cumplir su palabra.<\/p>\n\n\n\n<p>Rubicel Hern\u00e1ndez Naranjo, Presidente del Comit\u00e9 de Padres de Familia, de la Escuela Secundaria General &#8220;H\u00e9roe Antonio Reyes&#8221;, record\u00f3 que, reci\u00e9n llegado al Gobierno del Estado, en una visita realizada a la Huasteca, tuvo un encuentro con el mandatario estatal para hacerle llegar la solicitud de la barda perimetral de la citada casa de estudios; en esos momentos, Menchaca Salazar, le respondi\u00f3, &#8220;Ll\u00e9vale el mensaje a los padres de familia que me tengan confianza, ahorita estamos recibiendo este gobierno, pero una vez encaminados cr\u00e9eme que ser\u00e1 una de las prioridades que tendremos que atender en la huasteca&#8221;.<\/p>\n\n\n\n<p>Hoy es una promesa cumplida al iniciar la construcci\u00f3n de la barda perimetral, trabajo que lleva un 10%.<\/p>\n\n\n\n<p>Hern\u00e1ndez Naranjo se\u00f1al\u00f3 que, en aquel momento \u00e9l le respondi\u00f3 &#8220;confiamos en usted, porque s\u00e9 que es un hombre de palabra&#8221;, y el Gobernador contest\u00f3 &#8220;ya en su momento estar\u00e1 el profesor Natividad con las dem\u00e1s \u00e1reas para poder coordinar estas actividades&#8221;.<\/p>\n\n\n\n<p>Tras decir estas palabras, y por el conducto del doctor Natividad, a nombre de la asociaci\u00f3n de padres de familia y de la instituci\u00f3n agradeci\u00f3 al Gobernador del Estado por esta magna obra.<\/p>\n\n\n\n<p>&#8220;Hoy tenemos el inicio de la barba perimetral, son 180 metros, actualmente tenemos un avance del 10% y esto significa para nosotros la seguridad de los j\u00f3venes, ya que tenemos una matr\u00edcula de 1275 alumnos&#8221;, concluy\u00f3.<\/p>\n","protected":false},"excerpt":{"rendered":"<p>Por Karen Rivera\/Zunoticia Huejutla de Reyes, Hgo.- Al ser la Huasteca hidalguense la zona m\u00e1s visitada por el Gobernador del Estado, Julio Menchaca Salazar, y tras cumplir su compromiso, la asociaci\u00f3n de padres de familia, a trav\u00e9s del doctor Natividad Castrej\u00f3n Valdez, Secretario de Educaci\u00f3n, agradecieron al mandatario estatal por cumplir su palabra. Rubicel Hern\u00e1ndez&hellip; <a class=\"more-link\" href=\"https:\/\/www.zunoticia.com\/noticias-de-hidalgo\/2023\/07\/10\/apf-agradecio-al-gobernador-por-el-inicio-de-la-barba-perimetral-de-la-esghar\/\">Seguir leyendo <span class=\"screen-reader-text\">APF agradeci\u00f3 al Gobernador por el inicio de la barba perimetral de&nbsp;la&nbsp;ESGHAR<\/span><\/a><\/p>\n","protected":false},"author":12,"featured_media":492921,"comment_status":"closed","ping_status":"open","sticky":false,"template":"","format":"standard","meta":{"rop_custom_images_group":[],"rop_custom_messages_group":[],"rop_publish_now":"initial","rop_publish_now_accounts":{"facebook_10159540855086992_322828327761733":""},"rop_publish_now_history":[],"rop_publish_now_status":"pending","footnotes":""},"categories":[181],"tags":[121],"class_list":["post-492964","post","type-post","status-publish","format-standard","has-post-thumbnail","hentry","category-huejutla","tag-huejutla","entry"],"_links":{"self":[{"href":"https:\/\/www.zunoticia.com\/noticias-de-hidalgo\/wp-json\/wp\/v2\/posts\/492964","targetHints":{"allow":["GET"]}}],"collection":[{"href":"https:\/\/www.zunoticia.com\/noticias-de-hidalgo\/wp-json\/wp\/v2\/posts"}],"about":[{"href":"https:\/\/www.zunoticia.com\/noticias-de-hidalgo\/wp-json\/wp\/v2\/types\/post"}],"author":[{"embeddable":true,"href":"https:\/\/www.zunoticia.com\/noticias-de-hidalgo\/wp-json\/wp\/v2\/users\/12"}],"replies":[{"embeddable":true,"href":"https:\/\/www.zunoticia.com\/noticias-de-hidalgo\/wp-json\/wp\/v2\/comments?post=492964"}],"version-history":[{"count":2,"href":"https:\/\/www.zunoticia.com\/noticias-de-hidalgo\/wp-json\/wp\/v2\/posts\/492964\/revisions"}],"predecessor-version":[{"id":492981,"href":"https:\/\/www.zunoticia.com\/noticias-de-hidalgo\/wp-json\/wp\/v2\/posts\/492964\/revisions\/492981"}],"wp:featuredmedia":[{"embeddable":true,"href":"https:\/\/www.zunoticia.com\/noticias-de-hidalgo\/wp-json\/wp\/v2\/media\/492921"}],"wp:attachment":[{"href":"https:\/\/www.zunoticia.com\/noticias-de-hidalgo\/wp-json\/wp\/v2\/media?parent=492964"}],"wp:term":[{"taxonomy":"category","embeddable":true,"href":"https:\/\/www.zunoticia.com\/noticias-de-hidalgo\/wp-json\/wp\/v2\/categories?post=492964"},{"taxonomy":"post_tag","embeddable":true,"href":"https:\/\/www.zunoticia.com\/noticias-de-hidalgo\/wp-json\/wp\/v2\/tags?post=492964"}],"curies":[{"name":"wp","href":"https:\/\/api.w.org\/{rel}","templated":true}]}}