{"id":492965,"date":"2023-07-10T21:53:40","date_gmt":"2023-07-11T03:53:40","guid":{"rendered":"https:\/\/www.zunoticia.com\/noticias-de-hidalgo\/?p=492965"},"modified":"2023-07-10T21:53:41","modified_gmt":"2023-07-11T03:53:41","slug":"calibrara-profeco-basculas-en-el-mercado-de-huejutla","status":"publish","type":"post","link":"https:\/\/www.zunoticia.com\/noticias-de-hidalgo\/2023\/07\/10\/calibrara-profeco-basculas-en-el-mercado-de-huejutla\/","title":{"rendered":"Calibrar\u00e1 PROFECO b\u00e1sculas en el mercado de Huejutla"},"content":{"rendered":"<aside class=\"mashsb-container mashsb-main mashsb-stretched\"><div class=\"mashsb-box\"><div class=\"mashsb-count mash-large\" style=\"float:left\"><div class=\"counts mashsbcount\">11<\/div><span class=\"mashsb-sharetext\">SHARES<\/span><\/div><div class=\"mashsb-buttons\"><a class=\"mashicon-facebook mash-large mash-center mashsb-noshadow\" href=\"https:\/\/www.facebook.com\/sharer.php?u=https%3A%2F%2Fwww.zunoticia.com%2Fnoticias-de-hidalgo%2F2023%2F07%2F10%2Fcalibrara-profeco-basculas-en-el-mercado-de-huejutla%2F\" target=\"_top\" rel=\"nofollow\"><span class=\"icon\"><\/span><span class=\"text\">Share<\/span><\/a><a class=\"mashicon-twitter mash-large mash-center mashsb-noshadow\" href=\"https:\/\/twitter.com\/intent\/tweet?text=&amp;url=https:\/\/www.zunoticia.com\/noticias-de-hidalgo\/2023\/07\/10\/calibrara-profeco-basculas-en-el-mercado-de-huejutla\/\" target=\"_top\" rel=\"nofollow\"><span class=\"icon\"><\/span><span class=\"text\">Tweet<\/span><\/a><div class=\"onoffswitch2 mash-large mashsb-noshadow\" style=\"display:none\"><\/div><\/div>\n            <\/div>\n                <div style=\"clear:both\"><\/div><div class=\"mashsb-toggle-container\"><\/div><\/aside>\n            <!-- Share buttons by mashshare.net - Version: 4.0.47-->\n<p><em>Por Enedino Hern\u00e1ndez\/Zunoticia<\/em><\/p>\n\n\n\n<p><strong>Huejutla, Hgo.-<\/strong> Por espacio de dos d\u00edas de la presente semana (martes y mi\u00e9rcoles) personal de la Procuradur\u00eda Federal del Consumidor (PROFECO) realizar\u00e1 el proceso de Calibraci\u00f3n de las b\u00e1sculas que normalmente utilizan los socios comerciantes del gremio para expender sus productos, as\u00ed lo se\u00f1ala el Secretario General de la Uni\u00f3n de Comerciantes Locatarios y Ambulantes (UCLA) del Mercado Municipal, Jorge Lara Garc\u00eda.<\/p>\n\n\n\n<p>Dijo que los, trabajos de Calibraci\u00f3n se llevar\u00e1n a cabo despu\u00e9s de las 9:30 horas del martes en las oficinas de la UCLA, por lo que hace extensiva la invitaci\u00f3n a los socios comerciantes para que puntualmente acudan a revisar en qu\u00e9 condiciones operan sus aparatos de medici\u00f3n que utilizan para poder despachar sus productos.<\/p>\n\n\n\n<p>Reconoce que m\u00e1s del 50% de los aparatos de medici\u00f3n (b\u00e1sculas) a\u00fan se tienen pendientes por calibrar en la zona del mercado municipal de Huejutla, por ello la raz\u00f3n de la importancia de que acudan a calibrarlas durante martes y mi\u00e9rcoles de la presente semana.<\/p>\n\n\n\n<p>Dijo que, es indispensable que quienes tienen sus b\u00e1sculas sin calibrar acudan en esta semana a las oficinas de la UCLA para su calibraci\u00f3n, pues solo de esta manera se evitar\u00e1 que los clientes se quejen de que les otorgan productos con pesos incompletos; y concluye citando que en el mercado todos deben de saber que los productos se entregan con un precio y peso exacto, por lo que es importante la calibraci\u00f3n de las b\u00e1sculas.<\/p>\n","protected":false},"excerpt":{"rendered":"<p>Por Enedino Hern\u00e1ndez\/Zunoticia Huejutla, Hgo.- Por espacio de dos d\u00edas de la presente semana (martes y mi\u00e9rcoles) personal de la Procuradur\u00eda Federal del Consumidor (PROFECO) realizar\u00e1 el proceso de Calibraci\u00f3n de las b\u00e1sculas que normalmente utilizan los socios comerciantes del gremio para expender sus productos, as\u00ed lo se\u00f1ala el Secretario General de la Uni\u00f3n de&hellip; <a class=\"more-link\" href=\"https:\/\/www.zunoticia.com\/noticias-de-hidalgo\/2023\/07\/10\/calibrara-profeco-basculas-en-el-mercado-de-huejutla\/\">Seguir leyendo <span class=\"screen-reader-text\">Calibrar\u00e1 PROFECO b\u00e1sculas en el mercado de Huejutla<\/span><\/a><\/p>\n","protected":false},"author":12,"featured_media":492922,"comment_status":"closed","ping_status":"open","sticky":false,"template":"","format":"standard","meta":{"rop_custom_images_group":[],"rop_custom_messages_group":[],"rop_publish_now":"initial","rop_publish_now_accounts":{"facebook_10159540855086992_322828327761733":""},"rop_publish_now_history":[],"rop_publish_now_status":"pending","footnotes":""},"categories":[181],"tags":[121],"class_list":["post-492965","post","type-post","status-publish","format-standard","has-post-thumbnail","hentry","category-huejutla","tag-huejutla","entry"],"_links":{"self":[{"href":"https:\/\/www.zunoticia.com\/noticias-de-hidalgo\/wp-json\/wp\/v2\/posts\/492965","targetHints":{"allow":["GET"]}}],"collection":[{"href":"https:\/\/www.zunoticia.com\/noticias-de-hidalgo\/wp-json\/wp\/v2\/posts"}],"about":[{"href":"https:\/\/www.zunoticia.com\/noticias-de-hidalgo\/wp-json\/wp\/v2\/types\/post"}],"author":[{"embeddable":true,"href":"https:\/\/www.zunoticia.com\/noticias-de-hidalgo\/wp-json\/wp\/v2\/users\/12"}],"replies":[{"embeddable":true,"href":"https:\/\/www.zunoticia.com\/noticias-de-hidalgo\/wp-json\/wp\/v2\/comments?post=492965"}],"version-history":[{"count":1,"href":"https:\/\/www.zunoticia.com\/noticias-de-hidalgo\/wp-json\/wp\/v2\/posts\/492965\/revisions"}],"predecessor-version":[{"id":492966,"href":"https:\/\/www.zunoticia.com\/noticias-de-hidalgo\/wp-json\/wp\/v2\/posts\/492965\/revisions\/492966"}],"wp:featuredmedia":[{"embeddable":true,"href":"https:\/\/www.zunoticia.com\/noticias-de-hidalgo\/wp-json\/wp\/v2\/media\/492922"}],"wp:attachment":[{"href":"https:\/\/www.zunoticia.com\/noticias-de-hidalgo\/wp-json\/wp\/v2\/media?parent=492965"}],"wp:term":[{"taxonomy":"category","embeddable":true,"href":"https:\/\/www.zunoticia.com\/noticias-de-hidalgo\/wp-json\/wp\/v2\/categories?post=492965"},{"taxonomy":"post_tag","embeddable":true,"href":"https:\/\/www.zunoticia.com\/noticias-de-hidalgo\/wp-json\/wp\/v2\/tags?post=492965"}],"curies":[{"name":"wp","href":"https:\/\/api.w.org\/{rel}","templated":true}]}}