{"id":492969,"date":"2023-07-10T22:11:33","date_gmt":"2023-07-11T04:11:33","guid":{"rendered":"https:\/\/www.zunoticia.com\/noticias-de-hidalgo\/?p=492969"},"modified":"2023-07-10T22:11:35","modified_gmt":"2023-07-11T04:11:35","slug":"secretario-de-educacion-pidio-a-las-autoridades-locales-tomar-medidas-por-cierre-de-planteles-educativos","status":"publish","type":"post","link":"https:\/\/www.zunoticia.com\/noticias-de-hidalgo\/2023\/07\/10\/secretario-de-educacion-pidio-a-las-autoridades-locales-tomar-medidas-por-cierre-de-planteles-educativos\/","title":{"rendered":"Secretario de Educaci\u00f3n pidi\u00f3 a las autoridades locales tomar medidas por cierre de planteles educativos"},"content":{"rendered":"<aside class=\"mashsb-container mashsb-main mashsb-stretched\"><div class=\"mashsb-box\"><div class=\"mashsb-count mash-large\" style=\"float:left\"><div class=\"counts mashsbcount\">14<\/div><span class=\"mashsb-sharetext\">SHARES<\/span><\/div><div class=\"mashsb-buttons\"><a class=\"mashicon-facebook mash-large mash-center mashsb-noshadow\" href=\"https:\/\/www.facebook.com\/sharer.php?u=https%3A%2F%2Fwww.zunoticia.com%2Fnoticias-de-hidalgo%2F2023%2F07%2F10%2Fsecretario-de-educacion-pidio-a-las-autoridades-locales-tomar-medidas-por-cierre-de-planteles-educativos%2F\" target=\"_top\" rel=\"nofollow\"><span class=\"icon\"><\/span><span class=\"text\">Share<\/span><\/a><a class=\"mashicon-twitter mash-large mash-center mashsb-noshadow\" href=\"https:\/\/twitter.com\/intent\/tweet?text=&amp;url=https:\/\/www.zunoticia.com\/noticias-de-hidalgo\/2023\/07\/10\/secretario-de-educacion-pidio-a-las-autoridades-locales-tomar-medidas-por-cierre-de-planteles-educativos\/\" target=\"_top\" rel=\"nofollow\"><span class=\"icon\"><\/span><span class=\"text\">Tweet<\/span><\/a><div class=\"onoffswitch2 mash-large mashsb-noshadow\" style=\"display:none\"><\/div><\/div>\n            <\/div>\n                <div style=\"clear:both\"><\/div><div class=\"mashsb-toggle-container\"><\/div><\/aside>\n            <!-- Share buttons by mashshare.net - Version: 4.0.47-->\n<ul class=\"wp-block-list\">\n<li>Ante los constantes cierres de los planteles educativos.<\/li>\n<\/ul>\n\n\n\n<p><em>Por Karen Rivera\/Zunoticia<\/em><\/p>\n\n\n\n<p><strong>Huejutla de Reyes, Hgo.-<\/strong> Por la falta de maestros y de personal de intendencia, en algunas instituciones educativas de esta cabecera y algunas comunidades, y por acuerdos del comit\u00e9 de padres de familia, han llevado a cabo el cierre de las escuelas; hechos que calific\u00f3 el Secretario de Educaci\u00f3n que esto solo trae perjuicios a los ni\u00f1os, pero tambi\u00e9n recomend\u00f3 a los supervisores, jefes de sector, incluso a Servicios Regionales dar soluci\u00f3n a estos problemas, antes de que estas medidas dr\u00e1sticas se lleven a cabo.<\/p>\n\n\n\n<p>En su reciente visita, el Secretario de Educaci\u00f3n en el Estado, Natividad Castrej\u00f3n Valdez, tras la pregunta expresa de los recientes acontecimientos por el cierre de instituciones en varios puntos de la cabecera municipal, el funcionario estatal respondi\u00f3 &#8220;tenemos en el estado poco m\u00e1s de 8,000 escuelas, es normal que este tipo de cosas sucedan porque durante el ciclo escolar, de pronto los docentes piden cambios, se mueven por embarazo, enfermedad, por jubilaci\u00f3n, por defunci\u00f3n, muchas son las razones por las cuales quedan huecos en alguna escuela y lo que buscamos es que resuelvan r\u00e1pidamente las autoridades educativas locales, es decir, el director, el supervisor, el jefe de sector, el director de nivel, tomen las medidas para que r\u00e1pidamente se resuelvan los problemas&#8221;.<\/p>\n\n\n\n<p>Asegur\u00f3 que, tambi\u00e9n existen problemas de fondo, tal es el caso de intendentes, asuntos administrativos, que no est\u00e1n en el inicio, pero que son situaciones complicadas, ya que es la federaci\u00f3n la que se encarga de autorizar los presupuestos y las plazas para tal fin.<\/p>\n\n\n\n<p>Agreg\u00f3, &#8220;Invitamos a los maestros y maestras, as\u00ed como a los padres de familia a evitar ese tipo de medidas, porque cuando cierran una carretera o una escuela, cuando suspenden, los m\u00e1s perjudicados son los ni\u00f1os&#8221;.<\/p>\n\n\n\n<p>&#8220;Si tuvieran una Secretar\u00eda que no escucha, si tuvieran una Secretar\u00eda que no atiende, probablemente pudieran tener un argumento, pero las puertas siempre est\u00e1n abiertas, no siempre se les va a atender en las medidas que ellos quieren, porque necesidades todos tienen&#8221;, argument\u00f3.<\/p>\n\n\n\n<p>Dijo que el programa &#8220;La Escuela es Nuestra&#8221;, en Huejutla es en donde m\u00e1s se aplica y se ha invertido mucho dinero.<\/p>\n\n\n\n<p>&#8220;Se han invertido 180 millones de pesos, en los \u00faltimos cuatro a\u00f1os para mejorar las escuelas de la regi\u00f3n; esfuerzos hay enormes, necesidades tambi\u00e9n, pero vamos paso a pasito&#8221;, indic\u00f3.<\/p>\n\n\n\n<p>Por otra parte, a\u00f1adi\u00f3 que en ESGHAR, se est\u00e1 invirtiendo una cantidad de $600,000 mil pesos para la construcci\u00f3n de la barda perimetral, recurso por parte del programa &#8220;La Escuela es Nuestra&#8221;, el a\u00f1o anterior recibieron $500,000 mil pesos, &#8220;de seguro ya tienen una lista de necesidades enormes que tenemos que ir resolviendo poco a poco&#8221;, concluy\u00f3.<\/p>\n","protected":false},"excerpt":{"rendered":"<p>Por Karen Rivera\/Zunoticia Huejutla de Reyes, Hgo.- Por la falta de maestros y de personal de intendencia, en algunas instituciones educativas de esta cabecera y algunas comunidades, y por acuerdos del comit\u00e9 de padres de familia, han llevado a cabo el cierre de las escuelas; hechos que calific\u00f3 el Secretario de Educaci\u00f3n que esto solo&hellip; <a class=\"more-link\" href=\"https:\/\/www.zunoticia.com\/noticias-de-hidalgo\/2023\/07\/10\/secretario-de-educacion-pidio-a-las-autoridades-locales-tomar-medidas-por-cierre-de-planteles-educativos\/\">Seguir leyendo <span class=\"screen-reader-text\">Secretario de Educaci\u00f3n pidi\u00f3 a las autoridades locales tomar medidas por cierre de planteles educativos<\/span><\/a><\/p>\n","protected":false},"author":12,"featured_media":492920,"comment_status":"closed","ping_status":"open","sticky":false,"template":"","format":"standard","meta":{"rop_custom_images_group":[],"rop_custom_messages_group":[],"rop_publish_now":"initial","rop_publish_now_accounts":{"facebook_10159540855086992_322828327761733":""},"rop_publish_now_history":[],"rop_publish_now_status":"pending","footnotes":""},"categories":[181],"tags":[121],"class_list":["post-492969","post","type-post","status-publish","format-standard","has-post-thumbnail","hentry","category-huejutla","tag-huejutla","entry"],"_links":{"self":[{"href":"https:\/\/www.zunoticia.com\/noticias-de-hidalgo\/wp-json\/wp\/v2\/posts\/492969","targetHints":{"allow":["GET"]}}],"collection":[{"href":"https:\/\/www.zunoticia.com\/noticias-de-hidalgo\/wp-json\/wp\/v2\/posts"}],"about":[{"href":"https:\/\/www.zunoticia.com\/noticias-de-hidalgo\/wp-json\/wp\/v2\/types\/post"}],"author":[{"embeddable":true,"href":"https:\/\/www.zunoticia.com\/noticias-de-hidalgo\/wp-json\/wp\/v2\/users\/12"}],"replies":[{"embeddable":true,"href":"https:\/\/www.zunoticia.com\/noticias-de-hidalgo\/wp-json\/wp\/v2\/comments?post=492969"}],"version-history":[{"count":1,"href":"https:\/\/www.zunoticia.com\/noticias-de-hidalgo\/wp-json\/wp\/v2\/posts\/492969\/revisions"}],"predecessor-version":[{"id":492971,"href":"https:\/\/www.zunoticia.com\/noticias-de-hidalgo\/wp-json\/wp\/v2\/posts\/492969\/revisions\/492971"}],"wp:featuredmedia":[{"embeddable":true,"href":"https:\/\/www.zunoticia.com\/noticias-de-hidalgo\/wp-json\/wp\/v2\/media\/492920"}],"wp:attachment":[{"href":"https:\/\/www.zunoticia.com\/noticias-de-hidalgo\/wp-json\/wp\/v2\/media?parent=492969"}],"wp:term":[{"taxonomy":"category","embeddable":true,"href":"https:\/\/www.zunoticia.com\/noticias-de-hidalgo\/wp-json\/wp\/v2\/categories?post=492969"},{"taxonomy":"post_tag","embeddable":true,"href":"https:\/\/www.zunoticia.com\/noticias-de-hidalgo\/wp-json\/wp\/v2\/tags?post=492969"}],"curies":[{"name":"wp","href":"https:\/\/api.w.org\/{rel}","templated":true}]}}