{"id":493405,"date":"2023-07-12T21:29:11","date_gmt":"2023-07-13T03:29:11","guid":{"rendered":"https:\/\/www.zunoticia.com\/noticias-de-hidalgo\/?p=493405"},"modified":"2023-07-12T21:29:12","modified_gmt":"2023-07-13T03:29:12","slug":"llevan-conferencias-a-padres-de-familia","status":"publish","type":"post","link":"https:\/\/www.zunoticia.com\/noticias-de-hidalgo\/2023\/07\/12\/llevan-conferencias-a-padres-de-familia\/","title":{"rendered":"Llevan conferencias a padres de familia"},"content":{"rendered":"<aside class=\"mashsb-container mashsb-main mashsb-stretched\"><div class=\"mashsb-box\"><div class=\"mashsb-count mash-large\" style=\"float:left\"><div class=\"counts mashsbcount\">18<\/div><span class=\"mashsb-sharetext\">SHARES<\/span><\/div><div class=\"mashsb-buttons\"><a class=\"mashicon-facebook mash-large mash-center mashsb-noshadow\" href=\"https:\/\/www.facebook.com\/sharer.php?u=https%3A%2F%2Fwww.zunoticia.com%2Fnoticias-de-hidalgo%2F2023%2F07%2F12%2Fllevan-conferencias-a-padres-de-familia%2F\" target=\"_top\" rel=\"nofollow\"><span class=\"icon\"><\/span><span class=\"text\">Share<\/span><\/a><a class=\"mashicon-twitter mash-large mash-center mashsb-noshadow\" href=\"https:\/\/twitter.com\/intent\/tweet?text=&amp;url=https:\/\/www.zunoticia.com\/noticias-de-hidalgo\/2023\/07\/12\/llevan-conferencias-a-padres-de-familia\/\" target=\"_top\" rel=\"nofollow\"><span class=\"icon\"><\/span><span class=\"text\">Tweet<\/span><\/a><div class=\"onoffswitch2 mash-large mashsb-noshadow\" style=\"display:none\"><\/div><\/div>\n            <\/div>\n                <div style=\"clear:both\"><\/div><div class=\"mashsb-toggle-container\"><\/div><\/aside>\n            <!-- Share buttons by mashshare.net - Version: 4.0.47-->\n<p><em>Por \u00c1ngel Silverio\/Zunoticia<\/em><\/p>\n\n\n\n<p><strong>Jaltoc\u00e1n, Hgo.-<\/strong>&nbsp; La Instancia de la Mujer contin\u00faa con las conferencias de \u201cTrabajo en Equipo para Erradicar la Violencia contra las mujeres y ni\u00f1as y tambi\u00e9n el acoso escolar\u201d, por ello est\u00e1n llevando a todos los rincones de la demarcaci\u00f3n un ciclo de conferencias dirigidas a padres de familia y alumnos.<\/p>\n\n\n\n<p>Idalia Lara Ram\u00edrez, titular de la citada \u00e1rea, se\u00f1al\u00f3 que, en esta ocasi\u00f3n se imparti\u00f3 la conferencia a alumnos y padres de familia de primero, segundo y tercer grado de la Escuela Primaria Ind\u00edgena &#8220;Vicente Guerrero&#8221; del Barrio Tlalnepantla.<\/p>\n\n\n\n<p>Dijo que, es muy importante seguir con estas conferencias, pues es urgente que se siga trabajando en la concientizaci\u00f3n de la erradicaci\u00f3n de este c\u00e1ncer social como lo es la violencia, y que afecta a muchas familias de este municipio.<\/p>\n\n\n\n<p>Agreg\u00f3 que, apoyados con el DIF Estatal, que atinadamente dirige Edda Vite, se ha podido apoyar a quienes han solicitado ayuda, y del mismo modo invit\u00f3 a quienes requieran asesoramiento a que se acerquen a la instancia.<\/p>\n","protected":false},"excerpt":{"rendered":"<p>Por \u00c1ngel Silverio\/Zunoticia Jaltoc\u00e1n, Hgo.-&nbsp; La Instancia de la Mujer contin\u00faa con las conferencias de \u201cTrabajo en Equipo para Erradicar la Violencia contra las mujeres y ni\u00f1as y tambi\u00e9n el acoso escolar\u201d, por ello est\u00e1n llevando a todos los rincones de la demarcaci\u00f3n un ciclo de conferencias dirigidas a padres de familia y alumnos. Idalia&hellip; <a class=\"more-link\" href=\"https:\/\/www.zunoticia.com\/noticias-de-hidalgo\/2023\/07\/12\/llevan-conferencias-a-padres-de-familia\/\">Seguir leyendo <span class=\"screen-reader-text\">Llevan conferencias a padres de familia<\/span><\/a><\/p>\n","protected":false},"author":12,"featured_media":493361,"comment_status":"closed","ping_status":"open","sticky":false,"template":"","format":"standard","meta":{"rop_custom_images_group":[],"rop_custom_messages_group":[],"rop_publish_now":"initial","rop_publish_now_accounts":{"facebook_10159540855086992_322828327761733":""},"rop_publish_now_history":[],"rop_publish_now_status":"pending","footnotes":""},"categories":[179,200],"tags":[131],"class_list":["post-493405","post","type-post","status-publish","format-standard","has-post-thumbnail","hentry","category-huasteca","category-jaltocan","tag-jaltocan","entry"],"_links":{"self":[{"href":"https:\/\/www.zunoticia.com\/noticias-de-hidalgo\/wp-json\/wp\/v2\/posts\/493405","targetHints":{"allow":["GET"]}}],"collection":[{"href":"https:\/\/www.zunoticia.com\/noticias-de-hidalgo\/wp-json\/wp\/v2\/posts"}],"about":[{"href":"https:\/\/www.zunoticia.com\/noticias-de-hidalgo\/wp-json\/wp\/v2\/types\/post"}],"author":[{"embeddable":true,"href":"https:\/\/www.zunoticia.com\/noticias-de-hidalgo\/wp-json\/wp\/v2\/users\/12"}],"replies":[{"embeddable":true,"href":"https:\/\/www.zunoticia.com\/noticias-de-hidalgo\/wp-json\/wp\/v2\/comments?post=493405"}],"version-history":[{"count":1,"href":"https:\/\/www.zunoticia.com\/noticias-de-hidalgo\/wp-json\/wp\/v2\/posts\/493405\/revisions"}],"predecessor-version":[{"id":493407,"href":"https:\/\/www.zunoticia.com\/noticias-de-hidalgo\/wp-json\/wp\/v2\/posts\/493405\/revisions\/493407"}],"wp:featuredmedia":[{"embeddable":true,"href":"https:\/\/www.zunoticia.com\/noticias-de-hidalgo\/wp-json\/wp\/v2\/media\/493361"}],"wp:attachment":[{"href":"https:\/\/www.zunoticia.com\/noticias-de-hidalgo\/wp-json\/wp\/v2\/media?parent=493405"}],"wp:term":[{"taxonomy":"category","embeddable":true,"href":"https:\/\/www.zunoticia.com\/noticias-de-hidalgo\/wp-json\/wp\/v2\/categories?post=493405"},{"taxonomy":"post_tag","embeddable":true,"href":"https:\/\/www.zunoticia.com\/noticias-de-hidalgo\/wp-json\/wp\/v2\/tags?post=493405"}],"curies":[{"name":"wp","href":"https:\/\/api.w.org\/{rel}","templated":true}]}}