{"id":493413,"date":"2023-07-12T21:58:10","date_gmt":"2023-07-13T03:58:10","guid":{"rendered":"https:\/\/www.zunoticia.com\/noticias-de-hidalgo\/?p=493413"},"modified":"2023-07-12T21:58:11","modified_gmt":"2023-07-13T03:58:11","slug":"ya-nos-fuimos-del-prd-ivan","status":"publish","type":"post","link":"https:\/\/www.zunoticia.com\/noticias-de-hidalgo\/2023\/07\/12\/ya-nos-fuimos-del-prd-ivan\/","title":{"rendered":"&#8220;Ya nos fuimos del PRD&#8221;: Iv\u00e1n"},"content":{"rendered":"<aside class=\"mashsb-container mashsb-main mashsb-stretched\"><div class=\"mashsb-box\"><div class=\"mashsb-count mash-large\" style=\"float:left\"><div class=\"counts mashsbcount\">27<\/div><span class=\"mashsb-sharetext\">SHARES<\/span><\/div><div class=\"mashsb-buttons\"><a class=\"mashicon-facebook mash-large mash-center mashsb-noshadow\" href=\"https:\/\/www.facebook.com\/sharer.php?u=https%3A%2F%2Fwww.zunoticia.com%2Fnoticias-de-hidalgo%2F2023%2F07%2F12%2Fya-nos-fuimos-del-prd-ivan%2F\" target=\"_top\" rel=\"nofollow\"><span class=\"icon\"><\/span><span class=\"text\">Share<\/span><\/a><a class=\"mashicon-twitter mash-large mash-center mashsb-noshadow\" href=\"https:\/\/twitter.com\/intent\/tweet?text=&amp;url=https:\/\/www.zunoticia.com\/noticias-de-hidalgo\/2023\/07\/12\/ya-nos-fuimos-del-prd-ivan\/\" target=\"_top\" rel=\"nofollow\"><span class=\"icon\"><\/span><span class=\"text\">Tweet<\/span><\/a><div class=\"onoffswitch2 mash-large mashsb-noshadow\" style=\"display:none\"><\/div><\/div>\n            <\/div>\n                <div style=\"clear:both\"><\/div><div class=\"mashsb-toggle-container\"><\/div><\/aside>\n            <!-- Share buttons by mashshare.net - Version: 4.0.47-->\n<p><em>Por Mois\u00e9s Medrano\/Zunoticia<\/em><\/p>\n\n\n\n<p><strong>Jaltoc\u00e1n, Hgo.-<\/strong> El alcalde de Jaltoc\u00e1n, Iv\u00e1n Lara Tovar, dijo &#8220;ya nos fuimos del PRD como lo dijo el ex dirigente estatal, pero nosotros estamos dedicados a gobernar y a cumplirle a la gente de lleno&#8221;.<\/p>\n\n\n\n<p>El edil no dice si se fueron a Morena, refiere que \u00e9l est\u00e1 dedicado a gobernar &#8220;decidimos salirnos de las filas del PRD, en estos momentos las cosas se calientan m\u00e1s, pero lo que busco es la estabilidad de gobierno del municipio y estamos separando lo m\u00e1s que se puede para buscar el beneficio de la gente&#8221;.<\/p>\n\n\n\n<p>Asegur\u00f3 que, es institucional con el gobernador Julio Menchaca Salazar, a quien agradeci\u00f3 el beneficio para el municipio, a los secretarios y gabinete del gobierno de Hidalgo por el apoyo y record\u00f3 que este mi\u00e9rcoles inauguraba una obra importante para una localidad y estar\u00edan gestionando m\u00e1s ante el gobernador para beneficio de la sociedad.<\/p>\n\n\n\n<p>A\u00f1adi\u00f3 el edil que, la sociedad demanda obra p\u00fablica y se tienen que dar resultados a la gente, en los barrios y localidades &#8220;se nos han abierto las puertas del gobierno estatal y del gobierno federal con quienes van a seguir trabajando hasta el final de la administraci\u00f3n\u201d.<\/p>\n\n\n\n<p>Asegur\u00f3 que, su gobierno se mantiene focalizado en no mezclar la pol\u00edtica, sino en traer beneficio a la gente, porque no hay dinero que alcance ante tanta necesidad, record\u00f3 ya van por el pr\u00f3ximo informe de gobierno y que se habr\u00eda tenido obra en todas las comunidades y barrios &#8220;eso no lo hemos descuidado&#8221;.<\/p>\n\n\n\n<p>Detall\u00f3 que, la ciudadan\u00eda se encargar\u00e1 de calificar su trabajo, adem\u00e1s sobre su solicitud de pr\u00e9stamo a BANOBRAS dijo que se hizo la gesti\u00f3n de solicitud, que no se ha aprobado, record\u00f3 que viene un a\u00f1o complicado por la veda electoral y los trabajos se detienen, por eso junto a la asamblea se hizo la solicitud, que no ha sido aprobada.<\/p>\n\n\n\n<p>Sobre el Festival de las Huastecas y el Xantolo que son eventos para atraer el turismo, que acaban de estar con la titular de Cultura y que el pr\u00f3ximo 2 de agosto estar\u00e1n en Jaltoc\u00e1n y que su municipio tambi\u00e9n es sede que para el comercio y artesanos siendo de gran beneficio.<\/p>\n\n\n\n<p>De Xantolo record\u00f3 que su municipio mantiene una esencia que no se deja llevar por lo moderno y ser\u00e1 los di\u00e1logos con el consejo cultural con quien trabajar\u00e1n el programa&nbsp;cultural.<\/p>\n","protected":false},"excerpt":{"rendered":"<p>Por Mois\u00e9s Medrano\/Zunoticia Jaltoc\u00e1n, Hgo.- El alcalde de Jaltoc\u00e1n, Iv\u00e1n Lara Tovar, dijo &#8220;ya nos fuimos del PRD como lo dijo el ex dirigente estatal, pero nosotros estamos dedicados a gobernar y a cumplirle a la gente de lleno&#8221;. El edil no dice si se fueron a Morena, refiere que \u00e9l est\u00e1 dedicado a gobernar&hellip; <a class=\"more-link\" href=\"https:\/\/www.zunoticia.com\/noticias-de-hidalgo\/2023\/07\/12\/ya-nos-fuimos-del-prd-ivan\/\">Seguir leyendo <span class=\"screen-reader-text\">&#8220;Ya nos fuimos del PRD&#8221;: Iv\u00e1n<\/span><\/a><\/p>\n","protected":false},"author":12,"featured_media":493414,"comment_status":"closed","ping_status":"open","sticky":false,"template":"","format":"standard","meta":{"rop_custom_images_group":[],"rop_custom_messages_group":[],"rop_publish_now":"initial","rop_publish_now_accounts":{"facebook_10159540855086992_322828327761733":""},"rop_publish_now_history":[],"rop_publish_now_status":"pending","footnotes":""},"categories":[179,200],"tags":[131],"class_list":["post-493413","post","type-post","status-publish","format-standard","has-post-thumbnail","hentry","category-huasteca","category-jaltocan","tag-jaltocan","entry"],"_links":{"self":[{"href":"https:\/\/www.zunoticia.com\/noticias-de-hidalgo\/wp-json\/wp\/v2\/posts\/493413","targetHints":{"allow":["GET"]}}],"collection":[{"href":"https:\/\/www.zunoticia.com\/noticias-de-hidalgo\/wp-json\/wp\/v2\/posts"}],"about":[{"href":"https:\/\/www.zunoticia.com\/noticias-de-hidalgo\/wp-json\/wp\/v2\/types\/post"}],"author":[{"embeddable":true,"href":"https:\/\/www.zunoticia.com\/noticias-de-hidalgo\/wp-json\/wp\/v2\/users\/12"}],"replies":[{"embeddable":true,"href":"https:\/\/www.zunoticia.com\/noticias-de-hidalgo\/wp-json\/wp\/v2\/comments?post=493413"}],"version-history":[{"count":1,"href":"https:\/\/www.zunoticia.com\/noticias-de-hidalgo\/wp-json\/wp\/v2\/posts\/493413\/revisions"}],"predecessor-version":[{"id":493417,"href":"https:\/\/www.zunoticia.com\/noticias-de-hidalgo\/wp-json\/wp\/v2\/posts\/493413\/revisions\/493417"}],"wp:featuredmedia":[{"embeddable":true,"href":"https:\/\/www.zunoticia.com\/noticias-de-hidalgo\/wp-json\/wp\/v2\/media\/493414"}],"wp:attachment":[{"href":"https:\/\/www.zunoticia.com\/noticias-de-hidalgo\/wp-json\/wp\/v2\/media?parent=493413"}],"wp:term":[{"taxonomy":"category","embeddable":true,"href":"https:\/\/www.zunoticia.com\/noticias-de-hidalgo\/wp-json\/wp\/v2\/categories?post=493413"},{"taxonomy":"post_tag","embeddable":true,"href":"https:\/\/www.zunoticia.com\/noticias-de-hidalgo\/wp-json\/wp\/v2\/tags?post=493413"}],"curies":[{"name":"wp","href":"https:\/\/api.w.org\/{rel}","templated":true}]}}