{"id":494016,"date":"2023-07-15T14:00:53","date_gmt":"2023-07-15T20:00:53","guid":{"rendered":"https:\/\/www.zunoticia.com\/noticias-de-hidalgo\/?p=494016"},"modified":"2023-07-15T14:00:56","modified_gmt":"2023-07-15T20:00:56","slug":"la-cotidianidad-comunitaria-plasmada-en-mi-arte-nativo-cristobal-hernandez","status":"publish","type":"post","link":"https:\/\/www.zunoticia.com\/noticias-de-hidalgo\/2023\/07\/15\/la-cotidianidad-comunitaria-plasmada-en-mi-arte-nativo-cristobal-hernandez\/","title":{"rendered":"La cotidianidad comunitaria plasmada en mi arte nativo: Crist\u00f3bal Hern\u00e1ndez"},"content":{"rendered":"<aside class=\"mashsb-container mashsb-main mashsb-stretched\"><div class=\"mashsb-box\"><div class=\"mashsb-count mash-large\" style=\"float:left\"><div class=\"counts mashsbcount\">46<\/div><span class=\"mashsb-sharetext\">SHARES<\/span><\/div><div class=\"mashsb-buttons\"><a class=\"mashicon-facebook mash-large mash-center mashsb-noshadow\" href=\"https:\/\/www.facebook.com\/sharer.php?u=https%3A%2F%2Fwww.zunoticia.com%2Fnoticias-de-hidalgo%2F2023%2F07%2F15%2Fla-cotidianidad-comunitaria-plasmada-en-mi-arte-nativo-cristobal-hernandez%2F\" target=\"_top\" rel=\"nofollow\"><span class=\"icon\"><\/span><span class=\"text\">Share<\/span><\/a><a class=\"mashicon-twitter mash-large mash-center mashsb-noshadow\" href=\"https:\/\/twitter.com\/intent\/tweet?text=&amp;url=https:\/\/www.zunoticia.com\/noticias-de-hidalgo\/2023\/07\/15\/la-cotidianidad-comunitaria-plasmada-en-mi-arte-nativo-cristobal-hernandez\/\" target=\"_top\" rel=\"nofollow\"><span class=\"icon\"><\/span><span class=\"text\">Tweet<\/span><\/a><div class=\"onoffswitch2 mash-large mashsb-noshadow\" style=\"display:none\"><\/div><\/div>\n            <\/div>\n                <div style=\"clear:both\"><\/div><div class=\"mashsb-toggle-container\"><\/div><\/aside>\n            <!-- Share buttons by mashshare.net - Version: 4.0.47-->\n<p><em>Por Salvador Altamirano\/Zunoticia<\/em><\/p>\n\n\n\n<p><strong>Huejutla, Hgo<\/strong>.- Entre los nuevos exponentes del arte nativo o regional, destaca Crist\u00f3bal Hern\u00e1ndez, originario de la comunidad de Cruztitla (palabra n\u00e1huatl cuyo significado es &#8220;Cruce de caminos&#8221;), municipio de Huejutla; quien tiene menos de un a\u00f1o de haberse iniciado en la expresiva faceta pict\u00f3rica.<\/p>\n\n\n\n<p>Entrevistado al respecto, manifest\u00f3 que, ha creado un estilo propio en el cual la cotidianidad de las actividades en las comunidades, ha influenciado muy fuerte en su creatividad para plasmar su arte con tem\u00e1tica regional.<\/p>\n\n\n\n<p>Agreg\u00f3 que, por tal motivo, pinta con colores intensos escenas del d\u00eda a d\u00eda en las comunidades de la huasteca, ya que considero -acentu\u00f3-, que es una forma esencial para proyectar nuestra cultura, con conceptos de &#8220;costumbres, tradiciones y utilitarios&#8221;.<\/p>\n\n\n\n<p>A pregunta formulada, detall\u00f3 que entre sus obras m\u00e1s recientes se encuentran las tituladas &#8220;La panadera&#8221;; &#8220;Vendedora de chichapales&#8221;; &#8220;Artesana&#8221;; &#8220;Los viejitos&#8221; y &#8220;Notata&#8221;, de exclusividad paterna.<\/p>\n\n\n\n<p>Para finalizar, Crist\u00f3bal Hern\u00e1ndez coment\u00f3 que se inici\u00f3 como pintor art\u00edstico ( ya que desde el 2007 es rotulista), hace menos de un a\u00f1o bajo la ense\u00f1anza y supervisi\u00f3n del profesor Gildardo Monta\u00f1o Espinoza, de Tahuiz\u00e1n, con quien expuso el pasado mes de mayo en el quiosco del Centro Hist\u00f3rico, en una galer\u00eda denominada &#8220;Ra\u00edces de mi tierra&#8221;, organizada por el ayuntamiento a trav\u00e9s de Casa de la Cultura.<\/p>\n\n\n\n<figure class=\"wp-block-image size-full\"><img fetchpriority=\"high\" decoding=\"async\" width=\"940\" height=\"788\" src=\"https:\/\/www.zunoticia.com\/noticias-de-hidalgo\/wp-content\/uploads\/2023\/07\/2-98.png\" alt=\"\" class=\"wp-image-494018\" srcset=\"https:\/\/www.zunoticia.com\/noticias-de-hidalgo\/wp-content\/uploads\/2023\/07\/2-98.png 940w, https:\/\/www.zunoticia.com\/noticias-de-hidalgo\/wp-content\/uploads\/2023\/07\/2-98-300x251.png 300w, https:\/\/www.zunoticia.com\/noticias-de-hidalgo\/wp-content\/uploads\/2023\/07\/2-98-768x644.png 768w\" sizes=\"(max-width: 940px) 100vw, 940px\" \/><\/figure>\n","protected":false},"excerpt":{"rendered":"<p>Por Salvador Altamirano\/Zunoticia Huejutla, Hgo.- Entre los nuevos exponentes del arte nativo o regional, destaca Crist\u00f3bal Hern\u00e1ndez, originario de la comunidad de Cruztitla (palabra n\u00e1huatl cuyo significado es &#8220;Cruce de caminos&#8221;), municipio de Huejutla; quien tiene menos de un a\u00f1o de haberse iniciado en la expresiva faceta pict\u00f3rica. Entrevistado al respecto, manifest\u00f3 que, ha creado&hellip; <a class=\"more-link\" href=\"https:\/\/www.zunoticia.com\/noticias-de-hidalgo\/2023\/07\/15\/la-cotidianidad-comunitaria-plasmada-en-mi-arte-nativo-cristobal-hernandez\/\">Seguir leyendo <span class=\"screen-reader-text\">La cotidianidad comunitaria plasmada en mi arte nativo: Crist\u00f3bal Hern\u00e1ndez<\/span><\/a><\/p>\n","protected":false},"author":20,"featured_media":494017,"comment_status":"closed","ping_status":"open","sticky":false,"template":"","format":"standard","meta":{"rop_custom_images_group":[],"rop_custom_messages_group":[],"rop_publish_now":"initial","rop_publish_now_accounts":{"facebook_10159540855086992_322828327761733":""},"rop_publish_now_history":[],"rop_publish_now_status":"pending","footnotes":""},"categories":[181],"tags":[121],"class_list":["post-494016","post","type-post","status-publish","format-standard","has-post-thumbnail","hentry","category-huejutla","tag-huejutla","entry"],"_links":{"self":[{"href":"https:\/\/www.zunoticia.com\/noticias-de-hidalgo\/wp-json\/wp\/v2\/posts\/494016","targetHints":{"allow":["GET"]}}],"collection":[{"href":"https:\/\/www.zunoticia.com\/noticias-de-hidalgo\/wp-json\/wp\/v2\/posts"}],"about":[{"href":"https:\/\/www.zunoticia.com\/noticias-de-hidalgo\/wp-json\/wp\/v2\/types\/post"}],"author":[{"embeddable":true,"href":"https:\/\/www.zunoticia.com\/noticias-de-hidalgo\/wp-json\/wp\/v2\/users\/20"}],"replies":[{"embeddable":true,"href":"https:\/\/www.zunoticia.com\/noticias-de-hidalgo\/wp-json\/wp\/v2\/comments?post=494016"}],"version-history":[{"count":1,"href":"https:\/\/www.zunoticia.com\/noticias-de-hidalgo\/wp-json\/wp\/v2\/posts\/494016\/revisions"}],"predecessor-version":[{"id":494019,"href":"https:\/\/www.zunoticia.com\/noticias-de-hidalgo\/wp-json\/wp\/v2\/posts\/494016\/revisions\/494019"}],"wp:featuredmedia":[{"embeddable":true,"href":"https:\/\/www.zunoticia.com\/noticias-de-hidalgo\/wp-json\/wp\/v2\/media\/494017"}],"wp:attachment":[{"href":"https:\/\/www.zunoticia.com\/noticias-de-hidalgo\/wp-json\/wp\/v2\/media?parent=494016"}],"wp:term":[{"taxonomy":"category","embeddable":true,"href":"https:\/\/www.zunoticia.com\/noticias-de-hidalgo\/wp-json\/wp\/v2\/categories?post=494016"},{"taxonomy":"post_tag","embeddable":true,"href":"https:\/\/www.zunoticia.com\/noticias-de-hidalgo\/wp-json\/wp\/v2\/tags?post=494016"}],"curies":[{"name":"wp","href":"https:\/\/api.w.org\/{rel}","templated":true}]}}