{"id":494036,"date":"2023-07-15T17:15:56","date_gmt":"2023-07-15T23:15:56","guid":{"rendered":"https:\/\/www.zunoticia.com\/noticias-de-hidalgo\/?p=494036"},"modified":"2023-07-15T17:15:57","modified_gmt":"2023-07-15T23:15:57","slug":"benefica-actividad-comercial-en-el-mes-de-julio-locatarios-del-centro","status":"publish","type":"post","link":"https:\/\/www.zunoticia.com\/noticias-de-hidalgo\/2023\/07\/15\/benefica-actividad-comercial-en-el-mes-de-julio-locatarios-del-centro\/","title":{"rendered":"Ben\u00e9fica actividad comercial en el mes de julio: Locatarios del centro"},"content":{"rendered":"<aside class=\"mashsb-container mashsb-main mashsb-stretched\"><div class=\"mashsb-box\"><div class=\"mashsb-count mash-large\" style=\"float:left\"><div class=\"counts mashsbcount\">2<\/div><span class=\"mashsb-sharetext\">SHARES<\/span><\/div><div class=\"mashsb-buttons\"><a class=\"mashicon-facebook mash-large mash-center mashsb-noshadow\" href=\"https:\/\/www.facebook.com\/sharer.php?u=https%3A%2F%2Fwww.zunoticia.com%2Fnoticias-de-hidalgo%2F2023%2F07%2F15%2Fbenefica-actividad-comercial-en-el-mes-de-julio-locatarios-del-centro%2F\" target=\"_top\" rel=\"nofollow\"><span class=\"icon\"><\/span><span class=\"text\">Share<\/span><\/a><a class=\"mashicon-twitter mash-large mash-center mashsb-noshadow\" href=\"https:\/\/twitter.com\/intent\/tweet?text=&amp;url=https:\/\/www.zunoticia.com\/noticias-de-hidalgo\/2023\/07\/15\/benefica-actividad-comercial-en-el-mes-de-julio-locatarios-del-centro\/\" target=\"_top\" rel=\"nofollow\"><span class=\"icon\"><\/span><span class=\"text\">Tweet<\/span><\/a><div class=\"onoffswitch2 mash-large mashsb-noshadow\" style=\"display:none\"><\/div><\/div>\n            <\/div>\n                <div style=\"clear:both\"><\/div><div class=\"mashsb-toggle-container\"><\/div><\/aside>\n            <!-- Share buttons by mashshare.net - Version: 4.0.47-->\n<p><em>Por Enedino Hern\u00e1ndez\/Zunoticia<\/em><\/p>\n\n\n\n<p><strong>Huejutla, Hgo<\/strong>.- \u201cEn lo que va del mes de julio la actividad comercial ha sido muy ben\u00e9fica, ya que habitantes de la regi\u00f3n de la huasteca han acudido con los locatarios del centro de la ciudad, para hacer las compras correspondientes y en especial, productos relacionados con el periodo de las clausuras\u201d, se\u00f1al\u00f3 el representante de los comerciantes locatarios del Centro de Huejutla, Emanuel Hern\u00e1ndez Mart\u00ednez.<\/p>\n\n\n\n<p>Dijo que, los locatarios se encuentran agradecidos no solo con los huejutlenses, sino con toda la poblaci\u00f3n de la huasteca, que ha acudido ante los comerciantes locatarios del centro para poder comprar las cosas que necesitan, principalmente en esta primera quincena del mes de julio.<\/p>\n\n\n\n<p>\u201cHemos sido realmente agraciados con las compras de nuestros clientes y todo esto nos motiva a seguir trayendo los mejores productos a la clientela de esta regi\u00f3n; como referente de la pandemia, desde hace tres a\u00f1os a la fecha creo que este 2023 ha sido el mejor a\u00f1o en cuanto al tema de las ventas enfocadas con las clausuras y las graduaciones\u201d explic\u00f3.<\/p>\n\n\n\n<p>Asimismo, insisti\u00f3 que, se ha tenido un mayor crecimiento en la actividad comercial en la ciudad de Huejutla de Reyes, y mucho m\u00e1s en aquellos que tienen o expenden productos relacionados con la temporada de las clausuras, la gente ha acudido para comprar ropa y calzado.<\/p>\n\n\n\n<p>Emanuel Hern\u00e1ndez, detall\u00f3 que, \u201cen la huasteca ocurre un fen\u00f3meno que en cuanto concluye la temporada de clausuras, muchos de los padres de familia a tiempo empiezan con la compra correspondientes de los art\u00edculos escolares para el siguiente periodo escolar y esto provoca un mayor movimiento comercial en los diversos establecimientos comerciales\u201d.<\/p>\n\n\n\n<p><\/p>\n","protected":false},"excerpt":{"rendered":"<p>Por Enedino Hern\u00e1ndez\/Zunoticia Huejutla, Hgo.- \u201cEn lo que va del mes de julio la actividad comercial ha sido muy ben\u00e9fica, ya que habitantes de la regi\u00f3n de la huasteca han acudido con los locatarios del centro de la ciudad, para hacer las compras correspondientes y en especial, productos relacionados con el periodo de las clausuras\u201d,&hellip; <a class=\"more-link\" href=\"https:\/\/www.zunoticia.com\/noticias-de-hidalgo\/2023\/07\/15\/benefica-actividad-comercial-en-el-mes-de-julio-locatarios-del-centro\/\">Seguir leyendo <span class=\"screen-reader-text\">Ben\u00e9fica actividad comercial en el mes de julio: Locatarios del centro<\/span><\/a><\/p>\n","protected":false},"author":20,"featured_media":494037,"comment_status":"closed","ping_status":"open","sticky":false,"template":"","format":"standard","meta":{"rop_custom_images_group":[],"rop_custom_messages_group":[],"rop_publish_now":"initial","rop_publish_now_accounts":{"facebook_10159540855086992_322828327761733":""},"rop_publish_now_history":[],"rop_publish_now_status":"pending","footnotes":""},"categories":[181],"tags":[121],"class_list":["post-494036","post","type-post","status-publish","format-standard","has-post-thumbnail","hentry","category-huejutla","tag-huejutla","entry"],"_links":{"self":[{"href":"https:\/\/www.zunoticia.com\/noticias-de-hidalgo\/wp-json\/wp\/v2\/posts\/494036","targetHints":{"allow":["GET"]}}],"collection":[{"href":"https:\/\/www.zunoticia.com\/noticias-de-hidalgo\/wp-json\/wp\/v2\/posts"}],"about":[{"href":"https:\/\/www.zunoticia.com\/noticias-de-hidalgo\/wp-json\/wp\/v2\/types\/post"}],"author":[{"embeddable":true,"href":"https:\/\/www.zunoticia.com\/noticias-de-hidalgo\/wp-json\/wp\/v2\/users\/20"}],"replies":[{"embeddable":true,"href":"https:\/\/www.zunoticia.com\/noticias-de-hidalgo\/wp-json\/wp\/v2\/comments?post=494036"}],"version-history":[{"count":1,"href":"https:\/\/www.zunoticia.com\/noticias-de-hidalgo\/wp-json\/wp\/v2\/posts\/494036\/revisions"}],"predecessor-version":[{"id":494038,"href":"https:\/\/www.zunoticia.com\/noticias-de-hidalgo\/wp-json\/wp\/v2\/posts\/494036\/revisions\/494038"}],"wp:featuredmedia":[{"embeddable":true,"href":"https:\/\/www.zunoticia.com\/noticias-de-hidalgo\/wp-json\/wp\/v2\/media\/494037"}],"wp:attachment":[{"href":"https:\/\/www.zunoticia.com\/noticias-de-hidalgo\/wp-json\/wp\/v2\/media?parent=494036"}],"wp:term":[{"taxonomy":"category","embeddable":true,"href":"https:\/\/www.zunoticia.com\/noticias-de-hidalgo\/wp-json\/wp\/v2\/categories?post=494036"},{"taxonomy":"post_tag","embeddable":true,"href":"https:\/\/www.zunoticia.com\/noticias-de-hidalgo\/wp-json\/wp\/v2\/tags?post=494036"}],"curies":[{"name":"wp","href":"https:\/\/api.w.org\/{rel}","templated":true}]}}