{"id":494044,"date":"2023-07-15T17:34:11","date_gmt":"2023-07-15T23:34:11","guid":{"rendered":"https:\/\/www.zunoticia.com\/noticias-de-hidalgo\/?p=494044"},"modified":"2023-07-15T17:34:12","modified_gmt":"2023-07-15T23:34:12","slug":"alcalde-recorrio-la-carretera-que-sera-reencarpetada","status":"publish","type":"post","link":"https:\/\/www.zunoticia.com\/noticias-de-hidalgo\/2023\/07\/15\/alcalde-recorrio-la-carretera-que-sera-reencarpetada\/","title":{"rendered":"Alcalde recorri\u00f3 la carretera que ser\u00e1 reencarpetada"},"content":{"rendered":"<aside class=\"mashsb-container mashsb-main mashsb-stretched\"><div class=\"mashsb-box\"><div class=\"mashsb-count mash-large\" style=\"float:left\"><div class=\"counts mashsbcount\">16<\/div><span class=\"mashsb-sharetext\">SHARES<\/span><\/div><div class=\"mashsb-buttons\"><a class=\"mashicon-facebook mash-large mash-center mashsb-noshadow\" href=\"https:\/\/www.facebook.com\/sharer.php?u=https%3A%2F%2Fwww.zunoticia.com%2Fnoticias-de-hidalgo%2F2023%2F07%2F15%2Falcalde-recorrio-la-carretera-que-sera-reencarpetada%2F\" target=\"_top\" rel=\"nofollow\"><span class=\"icon\"><\/span><span class=\"text\">Share<\/span><\/a><a class=\"mashicon-twitter mash-large mash-center mashsb-noshadow\" href=\"https:\/\/twitter.com\/intent\/tweet?text=&amp;url=https:\/\/www.zunoticia.com\/noticias-de-hidalgo\/2023\/07\/15\/alcalde-recorrio-la-carretera-que-sera-reencarpetada\/\" target=\"_top\" rel=\"nofollow\"><span class=\"icon\"><\/span><span class=\"text\">Tweet<\/span><\/a><div class=\"onoffswitch2 mash-large mashsb-noshadow\" style=\"display:none\"><\/div><\/div>\n            <\/div>\n                <div style=\"clear:both\"><\/div><div class=\"mashsb-toggle-container\"><\/div><\/aside>\n            <!-- Share buttons by mashshare.net - Version: 4.0.47-->\n<p><em>Por Le\u00f3n Eduardo Fern\u00e1ndez Huesca \/ Zunoticia<\/em><\/p>\n\n\n\n<p><strong>Xochiatipan, Hgo<\/strong>.- El presidente municipal \u00d3scar Bautista Guti\u00e9rrez, acompa\u00f1ado por funcionarios del \u00e1rea de Obras P\u00fablicas de la administraci\u00f3n a su cargo, realiz\u00f3 un recorrido por la carretera que dentro unos d\u00edas comenzar\u00e1 a ser reencarpetada.<\/p>\n\n\n\n<p>Como se inform\u00f3 semanas antes, durante la visita del gobernador Julio Menchaca Salazar a Xochiatipan, la principal v\u00eda de acceso al municipio tendr\u00e1 una cuantiosa inversi\u00f3n en su rehabilitaci\u00f3n, lo que sin duda ser\u00e1 de gran beneficio para los xochiatipenses, ya que contar\u00e1n con una carretera que facilitar\u00e1 su traslado de manera r\u00e1pida y eficiente.<\/p>\n\n\n\n<p>De acuerdo con la informaci\u00f3n proporcionada, los trabajos iniciar\u00e1n desde el punto conocido como el Mango hasta el al puente del r\u00edo Garc\u00e9s, por lo cual anticipadamente el gobierno local en funciones pide a los usuarios su comprensi\u00f3n y respaldo, solicitando a los conductores de unidades automotrices manejar con precauci\u00f3n, una vez que comiencen las labores.<\/p>\n\n\n\n<figure class=\"wp-block-gallery has-nested-images columns-default is-cropped wp-block-gallery-1 is-layout-flex wp-block-gallery-is-layout-flex\">\n<figure class=\"wp-block-image size-large\"><img fetchpriority=\"high\" decoding=\"async\" width=\"940\" height=\"788\" data-id=\"494048\" src=\"https:\/\/www.zunoticia.com\/noticias-de-hidalgo\/wp-content\/uploads\/2023\/07\/2-101.png\" alt=\"\" class=\"wp-image-494048\" srcset=\"https:\/\/www.zunoticia.com\/noticias-de-hidalgo\/wp-content\/uploads\/2023\/07\/2-101.png 940w, https:\/\/www.zunoticia.com\/noticias-de-hidalgo\/wp-content\/uploads\/2023\/07\/2-101-300x251.png 300w, https:\/\/www.zunoticia.com\/noticias-de-hidalgo\/wp-content\/uploads\/2023\/07\/2-101-768x644.png 768w\" sizes=\"(max-width: 940px) 100vw, 940px\" \/><\/figure>\n\n\n\n<figure class=\"wp-block-image size-large\"><img decoding=\"async\" width=\"940\" height=\"788\" data-id=\"494046\" src=\"https:\/\/www.zunoticia.com\/noticias-de-hidalgo\/wp-content\/uploads\/2023\/07\/3-31.png\" alt=\"\" class=\"wp-image-494046\" srcset=\"https:\/\/www.zunoticia.com\/noticias-de-hidalgo\/wp-content\/uploads\/2023\/07\/3-31.png 940w, https:\/\/www.zunoticia.com\/noticias-de-hidalgo\/wp-content\/uploads\/2023\/07\/3-31-300x251.png 300w, https:\/\/www.zunoticia.com\/noticias-de-hidalgo\/wp-content\/uploads\/2023\/07\/3-31-768x644.png 768w\" sizes=\"(max-width: 940px) 100vw, 940px\" \/><\/figure>\n\n\n\n<figure class=\"wp-block-image size-large\"><img decoding=\"async\" width=\"940\" height=\"788\" data-id=\"494047\" src=\"https:\/\/www.zunoticia.com\/noticias-de-hidalgo\/wp-content\/uploads\/2023\/07\/1-94.png\" alt=\"\" class=\"wp-image-494047\" srcset=\"https:\/\/www.zunoticia.com\/noticias-de-hidalgo\/wp-content\/uploads\/2023\/07\/1-94.png 940w, https:\/\/www.zunoticia.com\/noticias-de-hidalgo\/wp-content\/uploads\/2023\/07\/1-94-300x251.png 300w, https:\/\/www.zunoticia.com\/noticias-de-hidalgo\/wp-content\/uploads\/2023\/07\/1-94-768x644.png 768w\" sizes=\"(max-width: 940px) 100vw, 940px\" \/><\/figure>\n<\/figure>\n","protected":false},"excerpt":{"rendered":"<p>Por Le\u00f3n Eduardo Fern\u00e1ndez Huesca \/ Zunoticia Xochiatipan, Hgo.- El presidente municipal \u00d3scar Bautista Guti\u00e9rrez, acompa\u00f1ado por funcionarios del \u00e1rea de Obras P\u00fablicas de la administraci\u00f3n a su cargo, realiz\u00f3 un recorrido por la carretera que dentro unos d\u00edas comenzar\u00e1 a ser reencarpetada. Como se inform\u00f3 semanas antes, durante la visita del gobernador Julio Menchaca&hellip; <a class=\"more-link\" href=\"https:\/\/www.zunoticia.com\/noticias-de-hidalgo\/2023\/07\/15\/alcalde-recorrio-la-carretera-que-sera-reencarpetada\/\">Seguir leyendo <span class=\"screen-reader-text\">Alcalde recorri\u00f3 la carretera que ser\u00e1 reencarpetada<\/span><\/a><\/p>\n","protected":false},"author":20,"featured_media":494045,"comment_status":"closed","ping_status":"open","sticky":false,"template":"","format":"standard","meta":{"rop_custom_images_group":[],"rop_custom_messages_group":[],"rop_publish_now":"initial","rop_publish_now_accounts":{"facebook_10159540855086992_322828327761733":""},"rop_publish_now_history":[],"rop_publish_now_status":"pending","footnotes":""},"categories":[202],"tags":[135],"class_list":["post-494044","post","type-post","status-publish","format-standard","has-post-thumbnail","hentry","category-xochiatipan","tag-xochiatipan","entry"],"_links":{"self":[{"href":"https:\/\/www.zunoticia.com\/noticias-de-hidalgo\/wp-json\/wp\/v2\/posts\/494044","targetHints":{"allow":["GET"]}}],"collection":[{"href":"https:\/\/www.zunoticia.com\/noticias-de-hidalgo\/wp-json\/wp\/v2\/posts"}],"about":[{"href":"https:\/\/www.zunoticia.com\/noticias-de-hidalgo\/wp-json\/wp\/v2\/types\/post"}],"author":[{"embeddable":true,"href":"https:\/\/www.zunoticia.com\/noticias-de-hidalgo\/wp-json\/wp\/v2\/users\/20"}],"replies":[{"embeddable":true,"href":"https:\/\/www.zunoticia.com\/noticias-de-hidalgo\/wp-json\/wp\/v2\/comments?post=494044"}],"version-history":[{"count":1,"href":"https:\/\/www.zunoticia.com\/noticias-de-hidalgo\/wp-json\/wp\/v2\/posts\/494044\/revisions"}],"predecessor-version":[{"id":494049,"href":"https:\/\/www.zunoticia.com\/noticias-de-hidalgo\/wp-json\/wp\/v2\/posts\/494044\/revisions\/494049"}],"wp:featuredmedia":[{"embeddable":true,"href":"https:\/\/www.zunoticia.com\/noticias-de-hidalgo\/wp-json\/wp\/v2\/media\/494045"}],"wp:attachment":[{"href":"https:\/\/www.zunoticia.com\/noticias-de-hidalgo\/wp-json\/wp\/v2\/media?parent=494044"}],"wp:term":[{"taxonomy":"category","embeddable":true,"href":"https:\/\/www.zunoticia.com\/noticias-de-hidalgo\/wp-json\/wp\/v2\/categories?post=494044"},{"taxonomy":"post_tag","embeddable":true,"href":"https:\/\/www.zunoticia.com\/noticias-de-hidalgo\/wp-json\/wp\/v2\/tags?post=494044"}],"curies":[{"name":"wp","href":"https:\/\/api.w.org\/{rel}","templated":true}]}}