{"id":494050,"date":"2023-07-15T17:42:55","date_gmt":"2023-07-15T23:42:55","guid":{"rendered":"https:\/\/www.zunoticia.com\/noticias-de-hidalgo\/?p=494050"},"modified":"2023-07-15T17:43:44","modified_gmt":"2023-07-15T23:43:44","slug":"asiste-oscar-bautista-a-clausura-escolar","status":"publish","type":"post","link":"https:\/\/www.zunoticia.com\/noticias-de-hidalgo\/2023\/07\/15\/asiste-oscar-bautista-a-clausura-escolar\/","title":{"rendered":"Asiste \u00d3scar Bautista a clausura escolar"},"content":{"rendered":"<aside class=\"mashsb-container mashsb-main mashsb-stretched\"><div class=\"mashsb-box\"><div class=\"mashsb-count mash-large\" style=\"float:left\"><div class=\"counts mashsbcount\">16<\/div><span class=\"mashsb-sharetext\">SHARES<\/span><\/div><div class=\"mashsb-buttons\"><a class=\"mashicon-facebook mash-large mash-center mashsb-noshadow\" href=\"https:\/\/www.facebook.com\/sharer.php?u=https%3A%2F%2Fwww.zunoticia.com%2Fnoticias-de-hidalgo%2F2023%2F07%2F15%2Fasiste-oscar-bautista-a-clausura-escolar%2F\" target=\"_top\" rel=\"nofollow\"><span class=\"icon\"><\/span><span class=\"text\">Share<\/span><\/a><a class=\"mashicon-twitter mash-large mash-center mashsb-noshadow\" href=\"https:\/\/twitter.com\/intent\/tweet?text=&amp;url=https:\/\/www.zunoticia.com\/noticias-de-hidalgo\/2023\/07\/15\/asiste-oscar-bautista-a-clausura-escolar\/\" target=\"_top\" rel=\"nofollow\"><span class=\"icon\"><\/span><span class=\"text\">Tweet<\/span><\/a><div class=\"onoffswitch2 mash-large mashsb-noshadow\" style=\"display:none\"><\/div><\/div>\n            <\/div>\n                <div style=\"clear:both\"><\/div><div class=\"mashsb-toggle-container\"><\/div><\/aside>\n            <!-- Share buttons by mashshare.net - Version: 4.0.47-->\n<p><em>Por Le\u00f3n Eduardo Fern\u00e1ndez Huesca \/ Zunoticia<\/em><\/p>\n\n\n\n<p><strong>Xochiatipan, Hgo<\/strong>. &#8211; Como invitado especial y acompa\u00f1ado de su esposa Dulce Fabiola Hern\u00e1ndez Fuentes, \u00d3scar Bautista Guti\u00e9rrez, asisti\u00f3 a la ceremonia de clausura del preescolar &#8220;Luis Donaldo Colosio Murrieta.<\/p>\n\n\n\n<p>Para el edil y su familia fue un d\u00eda muy especial, toda vez que su peque\u00f1a hija Ivonne concluy\u00f3 este nivel escolar, destacando durante su intervenci\u00f3n en el micr\u00f3fono el enorme sacrificio de padres y madres de familia, quienes a diario dan todo por sus peque\u00f1os.<\/p>\n\n\n\n<p>El alcalde refiri\u00f3 &#8220;ahora tocar\u00e1 redoblar esfuerzos a todos, ya que la primaria ser\u00e1 un reto para nuestros hijos, enhorabuena a las ni\u00f1as y los ni\u00f1os; de igual forma para los padres de familia, que contin\u00faen los \u00e9xitos para nuestros peque\u00f1os en este largo camino acad\u00e9mico&#8221;.<\/p>\n\n\n\n<p>Finalmente, \u00d3scar Bautista agradeci\u00f3 a los directivos y docentes de la instituci\u00f3n por toda su entrega para con los peque\u00f1os graduados, reconociendo el enorme valor que tiene la educaci\u00f3n y valores que les inculcaron en esta primera etapa de su vida escolar.<\/p>\n\n\n\n<figure class=\"wp-block-gallery has-nested-images columns-default is-cropped wp-block-gallery-1 is-layout-flex wp-block-gallery-is-layout-flex\">\n<figure class=\"wp-block-image size-large\"><img fetchpriority=\"high\" decoding=\"async\" width=\"940\" height=\"788\" data-id=\"494053\" src=\"https:\/\/www.zunoticia.com\/noticias-de-hidalgo\/wp-content\/uploads\/2023\/07\/2-102.png\" alt=\"\" class=\"wp-image-494053\" srcset=\"https:\/\/www.zunoticia.com\/noticias-de-hidalgo\/wp-content\/uploads\/2023\/07\/2-102.png 940w, https:\/\/www.zunoticia.com\/noticias-de-hidalgo\/wp-content\/uploads\/2023\/07\/2-102-300x251.png 300w, https:\/\/www.zunoticia.com\/noticias-de-hidalgo\/wp-content\/uploads\/2023\/07\/2-102-768x644.png 768w\" sizes=\"(max-width: 940px) 100vw, 940px\" \/><\/figure>\n\n\n\n<figure class=\"wp-block-image size-large\"><img decoding=\"async\" width=\"940\" height=\"788\" data-id=\"494054\" src=\"https:\/\/www.zunoticia.com\/noticias-de-hidalgo\/wp-content\/uploads\/2023\/07\/3-32.png\" alt=\"\" class=\"wp-image-494054\" srcset=\"https:\/\/www.zunoticia.com\/noticias-de-hidalgo\/wp-content\/uploads\/2023\/07\/3-32.png 940w, https:\/\/www.zunoticia.com\/noticias-de-hidalgo\/wp-content\/uploads\/2023\/07\/3-32-300x251.png 300w, https:\/\/www.zunoticia.com\/noticias-de-hidalgo\/wp-content\/uploads\/2023\/07\/3-32-768x644.png 768w\" sizes=\"(max-width: 940px) 100vw, 940px\" \/><\/figure>\n\n\n\n<figure class=\"wp-block-image size-large\"><img decoding=\"async\" width=\"940\" height=\"788\" data-id=\"494055\" src=\"https:\/\/www.zunoticia.com\/noticias-de-hidalgo\/wp-content\/uploads\/2023\/07\/4-6.png\" alt=\"\" class=\"wp-image-494055\" srcset=\"https:\/\/www.zunoticia.com\/noticias-de-hidalgo\/wp-content\/uploads\/2023\/07\/4-6.png 940w, https:\/\/www.zunoticia.com\/noticias-de-hidalgo\/wp-content\/uploads\/2023\/07\/4-6-300x251.png 300w, https:\/\/www.zunoticia.com\/noticias-de-hidalgo\/wp-content\/uploads\/2023\/07\/4-6-768x644.png 768w\" sizes=\"(max-width: 940px) 100vw, 940px\" \/><\/figure>\n<\/figure>\n","protected":false},"excerpt":{"rendered":"<p>Por Le\u00f3n Eduardo Fern\u00e1ndez Huesca \/ Zunoticia Xochiatipan, Hgo. &#8211; Como invitado especial y acompa\u00f1ado de su esposa Dulce Fabiola Hern\u00e1ndez Fuentes, \u00d3scar Bautista Guti\u00e9rrez, asisti\u00f3 a la ceremonia de clausura del preescolar &#8220;Luis Donaldo Colosio Murrieta. Para el edil y su familia fue un d\u00eda muy especial, toda vez que su peque\u00f1a hija Ivonne&hellip; <a class=\"more-link\" href=\"https:\/\/www.zunoticia.com\/noticias-de-hidalgo\/2023\/07\/15\/asiste-oscar-bautista-a-clausura-escolar\/\">Seguir leyendo <span class=\"screen-reader-text\">Asiste \u00d3scar Bautista a clausura escolar<\/span><\/a><\/p>\n","protected":false},"author":20,"featured_media":494051,"comment_status":"closed","ping_status":"open","sticky":false,"template":"","format":"standard","meta":{"rop_custom_images_group":[],"rop_custom_messages_group":[],"rop_publish_now":"initial","rop_publish_now_accounts":{"facebook_10159540855086992_322828327761733":""},"rop_publish_now_history":[],"rop_publish_now_status":"pending","footnotes":""},"categories":[202],"tags":[135],"class_list":["post-494050","post","type-post","status-publish","format-standard","has-post-thumbnail","hentry","category-xochiatipan","tag-xochiatipan","entry"],"_links":{"self":[{"href":"https:\/\/www.zunoticia.com\/noticias-de-hidalgo\/wp-json\/wp\/v2\/posts\/494050","targetHints":{"allow":["GET"]}}],"collection":[{"href":"https:\/\/www.zunoticia.com\/noticias-de-hidalgo\/wp-json\/wp\/v2\/posts"}],"about":[{"href":"https:\/\/www.zunoticia.com\/noticias-de-hidalgo\/wp-json\/wp\/v2\/types\/post"}],"author":[{"embeddable":true,"href":"https:\/\/www.zunoticia.com\/noticias-de-hidalgo\/wp-json\/wp\/v2\/users\/20"}],"replies":[{"embeddable":true,"href":"https:\/\/www.zunoticia.com\/noticias-de-hidalgo\/wp-json\/wp\/v2\/comments?post=494050"}],"version-history":[{"count":2,"href":"https:\/\/www.zunoticia.com\/noticias-de-hidalgo\/wp-json\/wp\/v2\/posts\/494050\/revisions"}],"predecessor-version":[{"id":494056,"href":"https:\/\/www.zunoticia.com\/noticias-de-hidalgo\/wp-json\/wp\/v2\/posts\/494050\/revisions\/494056"}],"wp:featuredmedia":[{"embeddable":true,"href":"https:\/\/www.zunoticia.com\/noticias-de-hidalgo\/wp-json\/wp\/v2\/media\/494051"}],"wp:attachment":[{"href":"https:\/\/www.zunoticia.com\/noticias-de-hidalgo\/wp-json\/wp\/v2\/media?parent=494050"}],"wp:term":[{"taxonomy":"category","embeddable":true,"href":"https:\/\/www.zunoticia.com\/noticias-de-hidalgo\/wp-json\/wp\/v2\/categories?post=494050"},{"taxonomy":"post_tag","embeddable":true,"href":"https:\/\/www.zunoticia.com\/noticias-de-hidalgo\/wp-json\/wp\/v2\/tags?post=494050"}],"curies":[{"name":"wp","href":"https:\/\/api.w.org\/{rel}","templated":true}]}}