{"id":494140,"date":"2023-07-16T18:23:43","date_gmt":"2023-07-17T00:23:43","guid":{"rendered":"https:\/\/www.zunoticia.com\/noticias-de-hidalgo\/?p=494140"},"modified":"2023-07-16T18:23:44","modified_gmt":"2023-07-17T00:23:44","slug":"herido-en-accidente-de-motocicleta-2","status":"publish","type":"post","link":"https:\/\/www.zunoticia.com\/noticias-de-hidalgo\/2023\/07\/16\/herido-en-accidente-de-motocicleta-2\/","title":{"rendered":"Herido en accidente de motocicleta"},"content":{"rendered":"<aside class=\"mashsb-container mashsb-main mashsb-stretched\"><div class=\"mashsb-box\"><div class=\"mashsb-count mash-large\" style=\"float:left\"><div class=\"counts mashsbcount\">38<\/div><span class=\"mashsb-sharetext\">SHARES<\/span><\/div><div class=\"mashsb-buttons\"><a class=\"mashicon-facebook mash-large mash-center mashsb-noshadow\" href=\"https:\/\/www.facebook.com\/sharer.php?u=https%3A%2F%2Fwww.zunoticia.com%2Fnoticias-de-hidalgo%2F2023%2F07%2F16%2Fherido-en-accidente-de-motocicleta-2%2F\" target=\"_top\" rel=\"nofollow\"><span class=\"icon\"><\/span><span class=\"text\">Share<\/span><\/a><a class=\"mashicon-twitter mash-large mash-center mashsb-noshadow\" href=\"https:\/\/twitter.com\/intent\/tweet?text=&amp;url=https:\/\/www.zunoticia.com\/noticias-de-hidalgo\/2023\/07\/16\/herido-en-accidente-de-motocicleta-2\/\" target=\"_top\" rel=\"nofollow\"><span class=\"icon\"><\/span><span class=\"text\">Tweet<\/span><\/a><div class=\"onoffswitch2 mash-large mashsb-noshadow\" style=\"display:none\"><\/div><\/div>\n            <\/div>\n                <div style=\"clear:both\"><\/div><div class=\"mashsb-toggle-container\"><\/div><\/aside>\n            <!-- Share buttons by mashshare.net - Version: 4.0.47-->\n<p><em>Por Roberto Meza\/Zunoticia<\/em><\/p>\n\n\n\n<p><strong>San Felipe Orizatl\u00e1n, Hgo.-<\/strong> Una persona del sexo masculino que sufri\u00f3 un accidente en su motocicleta, tuvo diversas lesiones en su humanidad, quien fue auxiliado por transe\u00fantes y automovilistas, siendo llevado al Centro de Salud de esta municipalidad y m\u00e1s tarde al Hospital Regional.<\/p>\n\n\n\n<p>Se trata de un joven de este municipio, quien la noche del pasado s\u00e1bado se accident\u00f3 en una calle de la colonia Bella Vista en su unidad de dos ruedas, ocasion\u00e1ndose m\u00faltiples lesiones, presuntamente por el exceso de velocidad que llevaba.<\/p>\n\n\n\n<p>Al lugar de los hechos hicieron presencia elementos polic\u00edacos para tomar conocimiento de los hechos como corresponde en este tipo de casos.<\/p>\n\n\n\n<p>La motocicleta fue resguardada en el lugar de los hechos.<\/p>\n","protected":false},"excerpt":{"rendered":"<p>Por Roberto Meza\/Zunoticia San Felipe Orizatl\u00e1n, Hgo.- Una persona del sexo masculino que sufri\u00f3 un accidente en su motocicleta, tuvo diversas lesiones en su humanidad, quien fue auxiliado por transe\u00fantes y automovilistas, siendo llevado al Centro de Salud de esta municipalidad y m\u00e1s tarde al Hospital Regional. Se trata de un joven de este municipio,&hellip; <a class=\"more-link\" href=\"https:\/\/www.zunoticia.com\/noticias-de-hidalgo\/2023\/07\/16\/herido-en-accidente-de-motocicleta-2\/\">Seguir leyendo <span class=\"screen-reader-text\">Herido en accidente de motocicleta<\/span><\/a><\/p>\n","protected":false},"author":12,"featured_media":494129,"comment_status":"closed","ping_status":"open","sticky":false,"template":"","format":"standard","meta":{"rop_custom_images_group":[],"rop_custom_messages_group":[],"rop_publish_now":"initial","rop_publish_now_accounts":{"facebook_10159540855086992_322828327761733":""},"rop_publish_now_history":[],"rop_publish_now_status":"pending","footnotes":""},"categories":[178],"tags":[259],"class_list":["post-494140","post","type-post","status-publish","format-standard","has-post-thumbnail","hentry","category-policiaca","tag-policiaca","entry"],"_links":{"self":[{"href":"https:\/\/www.zunoticia.com\/noticias-de-hidalgo\/wp-json\/wp\/v2\/posts\/494140","targetHints":{"allow":["GET"]}}],"collection":[{"href":"https:\/\/www.zunoticia.com\/noticias-de-hidalgo\/wp-json\/wp\/v2\/posts"}],"about":[{"href":"https:\/\/www.zunoticia.com\/noticias-de-hidalgo\/wp-json\/wp\/v2\/types\/post"}],"author":[{"embeddable":true,"href":"https:\/\/www.zunoticia.com\/noticias-de-hidalgo\/wp-json\/wp\/v2\/users\/12"}],"replies":[{"embeddable":true,"href":"https:\/\/www.zunoticia.com\/noticias-de-hidalgo\/wp-json\/wp\/v2\/comments?post=494140"}],"version-history":[{"count":1,"href":"https:\/\/www.zunoticia.com\/noticias-de-hidalgo\/wp-json\/wp\/v2\/posts\/494140\/revisions"}],"predecessor-version":[{"id":494141,"href":"https:\/\/www.zunoticia.com\/noticias-de-hidalgo\/wp-json\/wp\/v2\/posts\/494140\/revisions\/494141"}],"wp:featuredmedia":[{"embeddable":true,"href":"https:\/\/www.zunoticia.com\/noticias-de-hidalgo\/wp-json\/wp\/v2\/media\/494129"}],"wp:attachment":[{"href":"https:\/\/www.zunoticia.com\/noticias-de-hidalgo\/wp-json\/wp\/v2\/media?parent=494140"}],"wp:term":[{"taxonomy":"category","embeddable":true,"href":"https:\/\/www.zunoticia.com\/noticias-de-hidalgo\/wp-json\/wp\/v2\/categories?post=494140"},{"taxonomy":"post_tag","embeddable":true,"href":"https:\/\/www.zunoticia.com\/noticias-de-hidalgo\/wp-json\/wp\/v2\/tags?post=494140"}],"curies":[{"name":"wp","href":"https:\/\/api.w.org\/{rel}","templated":true}]}}