{"id":494146,"date":"2023-07-16T19:24:36","date_gmt":"2023-07-17T01:24:36","guid":{"rendered":"https:\/\/www.zunoticia.com\/noticias-de-hidalgo\/?p=494146"},"modified":"2023-07-16T19:24:39","modified_gmt":"2023-07-17T01:24:39","slug":"llegan-talleres-de-verano-gratuitos-a-comunidades-y-zonas-vulnerables-de-hidalgo","status":"publish","type":"post","link":"https:\/\/www.zunoticia.com\/noticias-de-hidalgo\/2023\/07\/16\/llegan-talleres-de-verano-gratuitos-a-comunidades-y-zonas-vulnerables-de-hidalgo\/","title":{"rendered":"Llegan talleres de verano gratuitos a comunidades y zonas vulnerables de Hidalgo"},"content":{"rendered":"<aside class=\"mashsb-container mashsb-main mashsb-stretched\"><div class=\"mashsb-box\"><div class=\"mashsb-count mash-large\" style=\"float:left\"><div class=\"counts mashsbcount\">3<\/div><span class=\"mashsb-sharetext\">SHARES<\/span><\/div><div class=\"mashsb-buttons\"><a class=\"mashicon-facebook mash-large mash-center mashsb-noshadow\" href=\"https:\/\/www.facebook.com\/sharer.php?u=https%3A%2F%2Fwww.zunoticia.com%2Fnoticias-de-hidalgo%2F2023%2F07%2F16%2Fllegan-talleres-de-verano-gratuitos-a-comunidades-y-zonas-vulnerables-de-hidalgo%2F\" target=\"_top\" rel=\"nofollow\"><span class=\"icon\"><\/span><span class=\"text\">Share<\/span><\/a><a class=\"mashicon-twitter mash-large mash-center mashsb-noshadow\" href=\"https:\/\/twitter.com\/intent\/tweet?text=&amp;url=https:\/\/www.zunoticia.com\/noticias-de-hidalgo\/2023\/07\/16\/llegan-talleres-de-verano-gratuitos-a-comunidades-y-zonas-vulnerables-de-hidalgo\/\" target=\"_top\" rel=\"nofollow\"><span class=\"icon\"><\/span><span class=\"text\">Tweet<\/span><\/a><div class=\"onoffswitch2 mash-large mashsb-noshadow\" style=\"display:none\"><\/div><\/div>\n            <\/div>\n                <div style=\"clear:both\"><\/div><div class=\"mashsb-toggle-container\"><\/div><\/aside>\n            <!-- Share buttons by mashshare.net - Version: 4.0.47-->\n<ul class=\"wp-block-list\">\n<li>El programa Ruta Colibr\u00ed: Arte en todas partes, ser\u00e1 implementado del 14 al 25 de agosto para el desarrollo de las infancias.<\/li>\n\n\n\n<li>Aprender\u00e1n sobre el movimiento corporal expresivo, ejercicios y juegos de motricidad, as\u00ed como actividades de artes pl\u00e1sticas.<\/li>\n<\/ul>\n\n\n\n<p><a><em>Por Redacci\u00f3n\/Zunoticia<\/em><\/a><\/p>\n\n\n\n<p><strong>Pachuca de Soto, Hgo<\/strong><strong>. &#8211;<\/strong> La Secretar\u00eda de Cultura, a trav\u00e9s del Consejo Estatal para la Cultura y las Artes de Hidalgo (Cecultah) y el Centro de las Artes, present\u00f3 el programa de verano Ruta Colibr\u00ed: Arte en todas partes, que ser\u00e1 implementado de forma gratuita del 14 al 25 de agosto en comunidades y zonas vulnerables del estado con el objetivo de generar espacios para el desarrollo de la creatividad de las infancias.<\/p>\n\n\n\n<p>Est\u00e1 dirigido a ni\u00f1as, ni\u00f1os y adolescentes de 6 a 15 a\u00f1os, quienes, durante dos sesiones diarias de dos horas, aprender\u00e1n sobre el movimiento corporal expresivo, ejercicios y juegos de motricidad, as\u00ed como actividades de artes pl\u00e1sticas en las que explorar\u00e1n diferentes t\u00e9cnicas como pintura, collage y grabado.<\/p>\n\n\n\n<p>La dependencia estatal inform\u00f3 que con estos talleres se busca coadyuvar al desarrollo integral de las infancias hidalguenses mediante procesos de sensibilizaci\u00f3n art\u00edstica como mecanismo para la exploraci\u00f3n creativa y el autoconocimiento; por ello, trabaja en colaboraci\u00f3n con los gobiernos municipales en estos proyectos culturales descentralizados que permitan el reconocimiento individual y la valoraci\u00f3n del contexto social a partir del proceso creativo.<\/p>\n\n\n\n<p>El tema general del trabajo l\u00fadico de esta edici\u00f3n es la migraci\u00f3n y participar\u00e1n los municipios de Actopan, Agua Blanca de Iturbide, Apan, Atlapexco, Eloxochitl\u00e1n, Cuautepec de Hinojosa, Emiliano Zapata, Huejutla de Reyes, Ixmiquilpan, San Bartolo Tutotepec, Tenango de Doria, Tepeapulco y Zapotl\u00e1n de Ju\u00e1rez; mientras que, en Pachuca de Soto, los barrios de El Arbolito, Huixm\u00ed, La Raza, Nopancalco y Santiago Tlapacoya.<\/p>\n\n\n\n<p>Para mayores informes, las y los interesados deben acudir al Centro de las Artes de Hidalgo en Plaza Bartolom\u00e9 de Medina s\/n Ex convento de San Francisco, colonia Centro, en Pachuca; llamar al tel\u00e9fono 771 714 25 08 o escribir al correo <a href=\"mailto:fortalecimiento2022@gmail.com\">fortalecimiento2022@gmail.com<\/a>.<\/p>\n\n\n\n<figure class=\"wp-block-image size-full\"><img fetchpriority=\"high\" decoding=\"async\" width=\"768\" height=\"1024\" src=\"https:\/\/www.zunoticia.com\/noticias-de-hidalgo\/wp-content\/uploads\/2023\/07\/eZy-Watermark-16-07-2023-07-23-14-4840p.m..jpg\" alt=\"\" class=\"wp-image-494164\" srcset=\"https:\/\/www.zunoticia.com\/noticias-de-hidalgo\/wp-content\/uploads\/2023\/07\/eZy-Watermark-16-07-2023-07-23-14-4840p.m..jpg 768w, https:\/\/www.zunoticia.com\/noticias-de-hidalgo\/wp-content\/uploads\/2023\/07\/eZy-Watermark-16-07-2023-07-23-14-4840p.m.-225x300.jpg 225w\" sizes=\"(max-width: 768px) 100vw, 768px\" \/><\/figure>\n\n\n\n<p>Finalmente, la Secretar\u00eda de Cultura, dirigida por Tania Meza Escorza dio a conocer que una de las metas a futuro es que, derivado del programa Ruta Colibr\u00ed: Arte en todas partes, se desarrolle una exposici\u00f3n itinerante por Hidalgo, lo cual suma al proyecto de descentralizaci\u00f3n de la oferta cultural como parte de los \u201cResultados que cambian vidas\u201d y en seguimiento al compromiso social que el gobernador Julio Menchaca Salazar tiene con la poblaci\u00f3n.<\/p>\n","protected":false},"excerpt":{"rendered":"<p>Por Redacci\u00f3n\/Zunoticia Pachuca de Soto, Hgo. &#8211; La Secretar\u00eda de Cultura, a trav\u00e9s del Consejo Estatal para la Cultura y las Artes de Hidalgo (Cecultah) y el Centro de las Artes, present\u00f3 el programa de verano Ruta Colibr\u00ed: Arte en todas partes, que ser\u00e1 implementado de forma gratuita del 14 al 25 de agosto en&hellip; <a class=\"more-link\" href=\"https:\/\/www.zunoticia.com\/noticias-de-hidalgo\/2023\/07\/16\/llegan-talleres-de-verano-gratuitos-a-comunidades-y-zonas-vulnerables-de-hidalgo\/\">Seguir leyendo <span class=\"screen-reader-text\">Llegan talleres de verano gratuitos a comunidades y zonas vulnerables de Hidalgo<\/span><\/a><\/p>\n","protected":false},"author":12,"featured_media":494165,"comment_status":"closed","ping_status":"open","sticky":false,"template":"","format":"standard","meta":{"rop_custom_images_group":[],"rop_custom_messages_group":[],"rop_publish_now":"initial","rop_publish_now_accounts":{"facebook_10159540855086992_322828327761733":""},"rop_publish_now_history":[],"rop_publish_now_status":"pending","footnotes":""},"categories":[208],"tags":[214],"class_list":["post-494146","post","type-post","status-publish","format-standard","has-post-thumbnail","hentry","category-estado","tag-estado","entry"],"_links":{"self":[{"href":"https:\/\/www.zunoticia.com\/noticias-de-hidalgo\/wp-json\/wp\/v2\/posts\/494146","targetHints":{"allow":["GET"]}}],"collection":[{"href":"https:\/\/www.zunoticia.com\/noticias-de-hidalgo\/wp-json\/wp\/v2\/posts"}],"about":[{"href":"https:\/\/www.zunoticia.com\/noticias-de-hidalgo\/wp-json\/wp\/v2\/types\/post"}],"author":[{"embeddable":true,"href":"https:\/\/www.zunoticia.com\/noticias-de-hidalgo\/wp-json\/wp\/v2\/users\/12"}],"replies":[{"embeddable":true,"href":"https:\/\/www.zunoticia.com\/noticias-de-hidalgo\/wp-json\/wp\/v2\/comments?post=494146"}],"version-history":[{"count":1,"href":"https:\/\/www.zunoticia.com\/noticias-de-hidalgo\/wp-json\/wp\/v2\/posts\/494146\/revisions"}],"predecessor-version":[{"id":494166,"href":"https:\/\/www.zunoticia.com\/noticias-de-hidalgo\/wp-json\/wp\/v2\/posts\/494146\/revisions\/494166"}],"wp:featuredmedia":[{"embeddable":true,"href":"https:\/\/www.zunoticia.com\/noticias-de-hidalgo\/wp-json\/wp\/v2\/media\/494165"}],"wp:attachment":[{"href":"https:\/\/www.zunoticia.com\/noticias-de-hidalgo\/wp-json\/wp\/v2\/media?parent=494146"}],"wp:term":[{"taxonomy":"category","embeddable":true,"href":"https:\/\/www.zunoticia.com\/noticias-de-hidalgo\/wp-json\/wp\/v2\/categories?post=494146"},{"taxonomy":"post_tag","embeddable":true,"href":"https:\/\/www.zunoticia.com\/noticias-de-hidalgo\/wp-json\/wp\/v2\/tags?post=494146"}],"curies":[{"name":"wp","href":"https:\/\/api.w.org\/{rel}","templated":true}]}}