{"id":494182,"date":"2023-07-16T19:46:44","date_gmt":"2023-07-17T01:46:44","guid":{"rendered":"https:\/\/www.zunoticia.com\/noticias-de-hidalgo\/?p=494182"},"modified":"2023-07-16T19:46:46","modified_gmt":"2023-07-17T01:46:46","slug":"conocer-las-necesidades-de-centros-educativos-de-todas-las-regiones-prioridad-del-gobierno-de-hidalgo","status":"publish","type":"post","link":"https:\/\/www.zunoticia.com\/noticias-de-hidalgo\/2023\/07\/16\/conocer-las-necesidades-de-centros-educativos-de-todas-las-regiones-prioridad-del-gobierno-de-hidalgo\/","title":{"rendered":"Conocer las necesidades de centros educativos de todas las regiones, prioridad del Gobierno de Hidalgo"},"content":{"rendered":"<aside class=\"mashsb-container mashsb-main mashsb-stretched\"><div class=\"mashsb-box\"><div class=\"mashsb-count mash-large\" style=\"float:left\"><div class=\"counts mashsbcount\">16<\/div><span class=\"mashsb-sharetext\">SHARES<\/span><\/div><div class=\"mashsb-buttons\"><a class=\"mashicon-facebook mash-large mash-center mashsb-noshadow\" href=\"https:\/\/www.facebook.com\/sharer.php?u=https%3A%2F%2Fwww.zunoticia.com%2Fnoticias-de-hidalgo%2F2023%2F07%2F16%2Fconocer-las-necesidades-de-centros-educativos-de-todas-las-regiones-prioridad-del-gobierno-de-hidalgo%2F\" target=\"_top\" rel=\"nofollow\"><span class=\"icon\"><\/span><span class=\"text\">Share<\/span><\/a><a class=\"mashicon-twitter mash-large mash-center mashsb-noshadow\" href=\"https:\/\/twitter.com\/intent\/tweet?text=&amp;url=https:\/\/www.zunoticia.com\/noticias-de-hidalgo\/2023\/07\/16\/conocer-las-necesidades-de-centros-educativos-de-todas-las-regiones-prioridad-del-gobierno-de-hidalgo\/\" target=\"_top\" rel=\"nofollow\"><span class=\"icon\"><\/span><span class=\"text\">Tweet<\/span><\/a><div class=\"onoffswitch2 mash-large mashsb-noshadow\" style=\"display:none\"><\/div><\/div>\n            <\/div>\n                <div style=\"clear:both\"><\/div><div class=\"mashsb-toggle-container\"><\/div><\/aside>\n            <!-- Share buttons by mashshare.net - Version: 4.0.47-->\n<ul class=\"wp-block-list\">\n<li>El titular de la SEPH, Natividad Castrej\u00f3n, realiz\u00f3 gira de trabajo por el Valle del Mezquital.<\/li>\n\n\n\n<li>Ah\u00ed subray\u00f3 que visitar las escuelas de cada rinc\u00f3n del estado, permite palpar de manera directa las necesidades y problem\u00e1ticas.<\/li>\n<\/ul>\n\n\n\n<p><a><em>Por Redacci\u00f3n\/Zunoticia<\/em><\/a><\/p>\n\n\n\n<p><strong>Pachuca de Soto, Hgo<\/strong><strong>. &#8211;<\/strong> Bajo la premisa que impulsa el gobernador Julio Menchaca Salazar, de construir el Hidalgo que queremos, el secretario de Educaci\u00f3n P\u00fablica en la entidad, Natividad Castrej\u00f3n Valdez, visit\u00f3 y recorri\u00f3 las instalaciones del Colegio de Estudios Cient\u00edficos y Tecnol\u00f3gicos del Estado de Hidalgo (CECyTEH), Plantel Poxindeje, en el municipio de San Salvador, donde sostuvo un encuentro con docentes y administrativos.<\/p>\n\n\n\n<figure class=\"wp-block-image size-large\"><img fetchpriority=\"high\" decoding=\"async\" width=\"1024\" height=\"683\" src=\"https:\/\/www.zunoticia.com\/noticias-de-hidalgo\/wp-content\/uploads\/2023\/07\/eZy-Watermark-16-07-2023-07-10-11-7220p.m.-1024x683.jpg\" alt=\"\" class=\"wp-image-494157\" srcset=\"https:\/\/www.zunoticia.com\/noticias-de-hidalgo\/wp-content\/uploads\/2023\/07\/eZy-Watermark-16-07-2023-07-10-11-7220p.m.-1024x683.jpg 1024w, https:\/\/www.zunoticia.com\/noticias-de-hidalgo\/wp-content\/uploads\/2023\/07\/eZy-Watermark-16-07-2023-07-10-11-7220p.m.-300x200.jpg 300w, https:\/\/www.zunoticia.com\/noticias-de-hidalgo\/wp-content\/uploads\/2023\/07\/eZy-Watermark-16-07-2023-07-10-11-7220p.m.-768x512.jpg 768w, https:\/\/www.zunoticia.com\/noticias-de-hidalgo\/wp-content\/uploads\/2023\/07\/eZy-Watermark-16-07-2023-07-10-11-7220p.m..jpg 1215w\" sizes=\"(max-width: 1024px) 100vw, 1024px\" \/><\/figure>\n\n\n\n<p>En su mensaje, el servidor p\u00fablico resalt\u00f3 la importancia de visitar las escuelas de cada rinc\u00f3n de la entidad, ya que esto permite palpar de manera directa las necesidades y problem\u00e1ticas, tanto de personal como de infraestructura, con el firme prop\u00f3sito de resolverlas.<\/p>\n\n\n\n<p>Tambi\u00e9n reconoci\u00f3 a las y los docentes, as\u00ed como al personal administrativo, por el esfuerzo que realizan d\u00eda a d\u00eda. Los exhort\u00f3 a regresar del receso escolar con la actitud de excelencia y de seguir siendo los mejores gu\u00edas de sus alumnas y alumnos.<\/p>\n\n\n\n<p>&nbsp;\u201cCada d\u00eda laboral es un reto y una oportunidad para pulir detalles y corregir errores, porque los j\u00f3venes necesitan ser acompa\u00f1ados, ya que ellos son la raz\u00f3n del sistema educativo y el futuro de nuestro estado\u201d, afirm\u00f3.<\/p>\n\n\n\n<p>Trabajando juntos, dijo el secretario, de manera efectiva, desde una vocaci\u00f3n de servicio, lograremos el desarrollo individual y colectivo de las y los alumnos, buscando el m\u00e1ximo potencial de todas y todos, para hacer de Hidalgo una potencia y lograr el objetivo de la transformaci\u00f3n; somos un gobierno de resultados encabezado por el gobernador Julio Menchaca Salazar.<\/p>\n\n\n\n<p>En su visita, el titular de la SEPH recorri\u00f3 las siguientes \u00e1reas y laboratorios: Gericultura, Administrativa, de C\u00f3mputo 1, de Usos m\u00faltiples, de Procesos de Gesti\u00f3n Administrativa, Orientaci\u00f3n Educativa Vinculaci\u00f3n y Sala de Docentes, de Idiomas, Puericultura y de Enfermer\u00eda.<\/p>\n\n\n\n<p>Adem\u00e1s, entreg\u00f3 reconocimientos a personal docente y administrativo que tiene laborando m\u00e1s de 15 a\u00f1os en el plantel.<\/p>\n\n\n\n<p>Estuvieron presentes en esta jornada laboral: el presidente municipal de San Salvador, Armando Azpeitia D\u00edaz; el titular de la Unidad de Coordinaci\u00f3n Ejecutiva, Manuel Francisco Vidales Silva; el director del CECyTEH Plantel Poxindeje, Pedro Johan Lozano Santiago, entre otros miembros de la comunidad educativa.<\/p>\n","protected":false},"excerpt":{"rendered":"<p>Por Redacci\u00f3n\/Zunoticia Pachuca de Soto, Hgo. &#8211; Bajo la premisa que impulsa el gobernador Julio Menchaca Salazar, de construir el Hidalgo que queremos, el secretario de Educaci\u00f3n P\u00fablica en la entidad, Natividad Castrej\u00f3n Valdez, visit\u00f3 y recorri\u00f3 las instalaciones del Colegio de Estudios Cient\u00edficos y Tecnol\u00f3gicos del Estado de Hidalgo (CECyTEH), Plantel Poxindeje, en el&hellip; <a class=\"more-link\" href=\"https:\/\/www.zunoticia.com\/noticias-de-hidalgo\/2023\/07\/16\/conocer-las-necesidades-de-centros-educativos-de-todas-las-regiones-prioridad-del-gobierno-de-hidalgo\/\">Seguir leyendo <span class=\"screen-reader-text\">Conocer las necesidades de centros educativos de todas las regiones, prioridad del Gobierno de Hidalgo<\/span><\/a><\/p>\n","protected":false},"author":12,"featured_media":494156,"comment_status":"closed","ping_status":"open","sticky":false,"template":"","format":"standard","meta":{"rop_custom_images_group":[],"rop_custom_messages_group":[],"rop_publish_now":"initial","rop_publish_now_accounts":{"facebook_10159540855086992_322828327761733":""},"rop_publish_now_history":[],"rop_publish_now_status":"pending","footnotes":""},"categories":[208],"tags":[214],"class_list":["post-494182","post","type-post","status-publish","format-standard","has-post-thumbnail","hentry","category-estado","tag-estado","entry"],"_links":{"self":[{"href":"https:\/\/www.zunoticia.com\/noticias-de-hidalgo\/wp-json\/wp\/v2\/posts\/494182","targetHints":{"allow":["GET"]}}],"collection":[{"href":"https:\/\/www.zunoticia.com\/noticias-de-hidalgo\/wp-json\/wp\/v2\/posts"}],"about":[{"href":"https:\/\/www.zunoticia.com\/noticias-de-hidalgo\/wp-json\/wp\/v2\/types\/post"}],"author":[{"embeddable":true,"href":"https:\/\/www.zunoticia.com\/noticias-de-hidalgo\/wp-json\/wp\/v2\/users\/12"}],"replies":[{"embeddable":true,"href":"https:\/\/www.zunoticia.com\/noticias-de-hidalgo\/wp-json\/wp\/v2\/comments?post=494182"}],"version-history":[{"count":1,"href":"https:\/\/www.zunoticia.com\/noticias-de-hidalgo\/wp-json\/wp\/v2\/posts\/494182\/revisions"}],"predecessor-version":[{"id":494183,"href":"https:\/\/www.zunoticia.com\/noticias-de-hidalgo\/wp-json\/wp\/v2\/posts\/494182\/revisions\/494183"}],"wp:featuredmedia":[{"embeddable":true,"href":"https:\/\/www.zunoticia.com\/noticias-de-hidalgo\/wp-json\/wp\/v2\/media\/494156"}],"wp:attachment":[{"href":"https:\/\/www.zunoticia.com\/noticias-de-hidalgo\/wp-json\/wp\/v2\/media?parent=494182"}],"wp:term":[{"taxonomy":"category","embeddable":true,"href":"https:\/\/www.zunoticia.com\/noticias-de-hidalgo\/wp-json\/wp\/v2\/categories?post=494182"},{"taxonomy":"post_tag","embeddable":true,"href":"https:\/\/www.zunoticia.com\/noticias-de-hidalgo\/wp-json\/wp\/v2\/tags?post=494182"}],"curies":[{"name":"wp","href":"https:\/\/api.w.org\/{rel}","templated":true}]}}