{"id":494234,"date":"2023-07-16T22:48:03","date_gmt":"2023-07-17T04:48:03","guid":{"rendered":"https:\/\/www.zunoticia.com\/noticias-de-hidalgo\/?p=494234"},"modified":"2023-07-16T22:48:04","modified_gmt":"2023-07-17T04:48:04","slug":"liderazgos-indigenas-se-van-del-pri-en-yahualica","status":"publish","type":"post","link":"https:\/\/www.zunoticia.com\/noticias-de-hidalgo\/2023\/07\/16\/liderazgos-indigenas-se-van-del-pri-en-yahualica\/","title":{"rendered":"Liderazgos ind\u00edgenas se van del PRI, en Yahualica"},"content":{"rendered":"<aside class=\"mashsb-container mashsb-main mashsb-stretched\"><div class=\"mashsb-box\"><div class=\"mashsb-count mash-large\" style=\"float:left\"><div class=\"counts mashsbcount\">69<\/div><span class=\"mashsb-sharetext\">SHARES<\/span><\/div><div class=\"mashsb-buttons\"><a class=\"mashicon-facebook mash-large mash-center mashsb-noshadow\" href=\"https:\/\/www.facebook.com\/sharer.php?u=https%3A%2F%2Fwww.zunoticia.com%2Fnoticias-de-hidalgo%2F2023%2F07%2F16%2Fliderazgos-indigenas-se-van-del-pri-en-yahualica%2F\" target=\"_top\" rel=\"nofollow\"><span class=\"icon\"><\/span><span class=\"text\">Share<\/span><\/a><a class=\"mashicon-twitter mash-large mash-center mashsb-noshadow\" href=\"https:\/\/twitter.com\/intent\/tweet?text=&amp;url=https:\/\/www.zunoticia.com\/noticias-de-hidalgo\/2023\/07\/16\/liderazgos-indigenas-se-van-del-pri-en-yahualica\/\" target=\"_top\" rel=\"nofollow\"><span class=\"icon\"><\/span><span class=\"text\">Tweet<\/span><\/a><div class=\"onoffswitch2 mash-large mashsb-noshadow\" style=\"display:none\"><\/div><\/div>\n            <\/div>\n                <div style=\"clear:both\"><\/div><div class=\"mashsb-toggle-container\"><\/div><\/aside>\n            <!-- Share buttons by mashshare.net - Version: 4.0.47-->\n<ul class=\"wp-block-list\">\n<li>Hombres y mujeres l\u00edderes del PRI renunciaron, pero advierten no abandonan las causas, que la lucha seguir\u00e1 en favor de lograr las demandas hist\u00f3ricas del pueblo.<\/li>\n<\/ul>\n\n\n\n<p><em>Mois\u00e9s Medrano<\/em><\/p>\n\n\n\n<p><strong>Yahualica, Hgo.-<\/strong> De la mano del liderazgo de la hoy ex secretaria del PRI, mujer Ind\u00edgena de Mangocuatitla, \u00c1lvara Hern\u00e1ndez Bautista, anunci\u00f3 el \u00e9xodo de pri\u00edstas l\u00edderes de las 32 comunidades del municipio y un centenar, en su mayor\u00eda mujeres y hombres operadores del tricolor, anunciaron que se van del PRI para ir a gestionar donde les puedan escuchar por sus carencias, agua potable, camino digno, cl\u00ednica de salud, ambulancia y todo por lo que nunca han tenido.<\/p>\n\n\n\n<p>En lengua materna y espa\u00f1ol la ex dirigente fue muy precisa en la decisi\u00f3n que tomaron bajo el consenso de los liderazgos, mujeres y hombres comprometidos con los pueblos y sus necesidades &#8220;nos vamos del PRI, pero no abandonamos las causas del pueblo, seguimos gestionando el camino de la cordillera de las 9 comunidades que nunca hemos conocido un camino digno, que no tenemos acceso a la salud, que no hay ambulancia&#8221;.<\/p>\n\n\n\n<p>Varios tomaron la palabra para asistir que hab\u00edan tomado la decisi\u00f3n en beneficio de la gente y \u00c1lvara dijo seguir\u00e1n gestionando ante el gobernador de Hidalgo Julio Menchaca Salazar las necesidades, que estar\u00e1n trabajando en favor de la gente con objetivos comunes por los que en mucho tiempo lo han hecho para conseguir beneficios para el pueblo.<\/p>\n\n\n\n<p>Tras el protocolo del evento las mujeres la enfloraron y dieron un recorrido en la comunidad acompa\u00f1ando a \u00c1lvara invit\u00e1ndolos a seguir caminando juntos hasta encontrar respuesta a las demandas hist\u00f3ricas de su pueblo.<\/p>\n","protected":false},"excerpt":{"rendered":"<p>Mois\u00e9s Medrano Yahualica, Hgo.- De la mano del liderazgo de la hoy ex secretaria del PRI, mujer Ind\u00edgena de Mangocuatitla, \u00c1lvara Hern\u00e1ndez Bautista, anunci\u00f3 el \u00e9xodo de pri\u00edstas l\u00edderes de las 32 comunidades del municipio y un centenar, en su mayor\u00eda mujeres y hombres operadores del tricolor, anunciaron que se van del PRI para ir&hellip; <a class=\"more-link\" href=\"https:\/\/www.zunoticia.com\/noticias-de-hidalgo\/2023\/07\/16\/liderazgos-indigenas-se-van-del-pri-en-yahualica\/\">Seguir leyendo <span class=\"screen-reader-text\">Liderazgos ind\u00edgenas se van del PRI, en Yahualica<\/span><\/a><\/p>\n","protected":false},"author":13,"featured_media":494192,"comment_status":"closed","ping_status":"open","sticky":false,"template":"","format":"standard","meta":{"rop_custom_images_group":[],"rop_custom_messages_group":[],"rop_publish_now":"initial","rop_publish_now_accounts":{"facebook_10159540855086992_322828327761733":""},"rop_publish_now_history":[],"rop_publish_now_status":"pending","footnotes":""},"categories":[179,203],"tags":[123],"class_list":["post-494234","post","type-post","status-publish","format-standard","has-post-thumbnail","hentry","category-huasteca","category-yahualica","tag-yahualica","entry"],"_links":{"self":[{"href":"https:\/\/www.zunoticia.com\/noticias-de-hidalgo\/wp-json\/wp\/v2\/posts\/494234","targetHints":{"allow":["GET"]}}],"collection":[{"href":"https:\/\/www.zunoticia.com\/noticias-de-hidalgo\/wp-json\/wp\/v2\/posts"}],"about":[{"href":"https:\/\/www.zunoticia.com\/noticias-de-hidalgo\/wp-json\/wp\/v2\/types\/post"}],"author":[{"embeddable":true,"href":"https:\/\/www.zunoticia.com\/noticias-de-hidalgo\/wp-json\/wp\/v2\/users\/13"}],"replies":[{"embeddable":true,"href":"https:\/\/www.zunoticia.com\/noticias-de-hidalgo\/wp-json\/wp\/v2\/comments?post=494234"}],"version-history":[{"count":1,"href":"https:\/\/www.zunoticia.com\/noticias-de-hidalgo\/wp-json\/wp\/v2\/posts\/494234\/revisions"}],"predecessor-version":[{"id":494235,"href":"https:\/\/www.zunoticia.com\/noticias-de-hidalgo\/wp-json\/wp\/v2\/posts\/494234\/revisions\/494235"}],"wp:featuredmedia":[{"embeddable":true,"href":"https:\/\/www.zunoticia.com\/noticias-de-hidalgo\/wp-json\/wp\/v2\/media\/494192"}],"wp:attachment":[{"href":"https:\/\/www.zunoticia.com\/noticias-de-hidalgo\/wp-json\/wp\/v2\/media?parent=494234"}],"wp:term":[{"taxonomy":"category","embeddable":true,"href":"https:\/\/www.zunoticia.com\/noticias-de-hidalgo\/wp-json\/wp\/v2\/categories?post=494234"},{"taxonomy":"post_tag","embeddable":true,"href":"https:\/\/www.zunoticia.com\/noticias-de-hidalgo\/wp-json\/wp\/v2\/tags?post=494234"}],"curies":[{"name":"wp","href":"https:\/\/api.w.org\/{rel}","templated":true}]}}