{"id":494239,"date":"2023-07-16T23:57:49","date_gmt":"2023-07-17T05:57:49","guid":{"rendered":"https:\/\/www.zunoticia.com\/noticias-de-hidalgo\/?p=494239"},"modified":"2023-07-16T23:57:51","modified_gmt":"2023-07-17T05:57:51","slug":"espejeando-por-perseo-702","status":"publish","type":"post","link":"https:\/\/www.zunoticia.com\/noticias-de-hidalgo\/2023\/07\/16\/espejeando-por-perseo-702\/","title":{"rendered":"Espejeando Por Perseo"},"content":{"rendered":"<aside class=\"mashsb-container mashsb-main mashsb-stretched\"><div class=\"mashsb-box\"><div class=\"mashsb-count mash-large\" style=\"float:left\"><div class=\"counts mashsbcount\">45<\/div><span class=\"mashsb-sharetext\">SHARES<\/span><\/div><div class=\"mashsb-buttons\"><a class=\"mashicon-facebook mash-large mash-center mashsb-noshadow\" href=\"https:\/\/www.facebook.com\/sharer.php?u=https%3A%2F%2Fwww.zunoticia.com%2Fnoticias-de-hidalgo%2F2023%2F07%2F16%2Fespejeando-por-perseo-702%2F\" target=\"_top\" rel=\"nofollow\"><span class=\"icon\"><\/span><span class=\"text\">Share<\/span><\/a><a class=\"mashicon-twitter mash-large mash-center mashsb-noshadow\" href=\"https:\/\/twitter.com\/intent\/tweet?text=&amp;url=https:\/\/www.zunoticia.com\/noticias-de-hidalgo\/2023\/07\/16\/espejeando-por-perseo-702\/\" target=\"_top\" rel=\"nofollow\"><span class=\"icon\"><\/span><span class=\"text\">Tweet<\/span><\/a><div class=\"onoffswitch2 mash-large mashsb-noshadow\" style=\"display:none\"><\/div><\/div>\n            <\/div>\n                <div style=\"clear:both\"><\/div><div class=\"mashsb-toggle-container\"><\/div><\/aside>\n            <!-- Share buttons by mashshare.net - Version: 4.0.47-->\n<p>\u2022 QUE SE VAN DEL PRI pues ya lo hab\u00edamos anunciado, comenzaron los l\u00edderes estatales, nacionales de Hidalgo y el tema ya baj\u00f3 hasta las comunidades m\u00e1s marginadas, de mucha pobreza y olvido.<\/p>\n\n\n\n<p>\u2022 Pero el anuncio de los hombres y mujeres ind\u00edgenas que se van del tricolor en Mangocuatitla, Yahualica y asumen un rol de acuerdo con la filosof\u00eda de Primero los Pobres, Primero el Pueblo, indigna a los morenistas, porque seg\u00fan \u00e9stos solo ellos son pueblo, el resto tiene que hacer m\u00e9ritos porque no comparti\u00f3 su filosof\u00eda cuando ellos llegaron.<\/p>\n\n\n\n<p>\u2022 Observen el nivel de estulticia en el comportamiento pol\u00edtico, para los morenistas ide\u00f3logos los campesinos y mujeres humildes del PRI, nahuablantes \u00bftendr\u00e1n que seguir siendo sobajados, se\u00f1alados y amedrentados por el nuevo instituto pol\u00edtico del actual r\u00e9gimen? y continuar por la ruta de que ahora no son pueblo y el estigma de haber estado all\u00e1 -como si sus padres y abuelos, con la edad de AMLO, Claudia Sheibaum, Monreal, Ad\u00e1n Augusto, no hubieran tenido ese origen-<\/p>\n\n\n\n<p>\u2022 Por eso dan risa incluso los j\u00f3venes que sin saber lo que dicen, que sin entender que la educaci\u00f3n de sus padres y abuelos en M\u00e9xico, los beneficios del IMSS, todos los grandes institutos y los hurtos y abusos fueron parte de lo bueno y malo que vivi\u00f3 la sociedad de M\u00e9xico en ese r\u00e9gimen, y hay que reconocer que en Morena y en el r\u00e9gimen federal siguen limpiado porque tambi\u00e9n llegaron fichitas ladrones, y sino ah\u00ed est\u00e1 SEGALMEX que es un aparente fraude en el presente r\u00e9gimen federal.<\/p>\n\n\n\n<p>\u2022 Que, as\u00ed como los muertos de los 43 j\u00f3venes de Ayotzinapa, pues hay est\u00e1n los 40 muertos y quemados en una cruj\u00eda de detenidos extranjeros migrantes, y de los muertos por la guerra contra el narco en los tiempos de Calder\u00f3n, pues hagan cuentas de los muertos en M\u00e9xico por los enfrentamientos con los narcos, actualmente.<\/p>\n\n\n\n<p>\u2022 Por supuesto que no somos iguales, como dice el presidente de M\u00e9xico Andr\u00e9s Manuel L\u00f3pez Obrador, pero cifras son cifras y pregunten a los familiares de los muertos, desplazado, secuestrados o feminicidio, si ellos ven diferencias, pues cada quien habla de c\u00f3mo le va en la feria y mientras a algunos nos va bien, pregunten en Tamaulipas, Veracruz, Guerrero, Michoac\u00e1n, Chiapas, Guanajuato, San Luis Potos\u00ed, Estado de M\u00e9xico, Quer\u00e9taro y otros estados donde la paz p\u00fablica no es lo que quisi\u00e9ramos.<\/p>\n\n\n\n<p>\u2022 Por eso el peor enemigo de un huasteco es otro huasteco, y veamos por ejemplo en redes sociales se desat\u00f3 el ataque contra la gente de las comunidades de Yahualica porque se van del PRI, seg\u00fan van a Morena es la acusaci\u00f3n, y mire \u00a1A donde vaya el pueblo, tienen ese derecho!.<\/p>\n\n\n\n<p>\u2022 Es decir, si eres de Morena eres pueblo y aunque seas un marginado, que vivas como es la realidad de esas comunidades de la cordillera de Mangocuatitla a Tenamaxtepec, donde no hay agua potable, no hay caminos ni transporte digno, en el que el acceso a una cl\u00ednica no lo tienen, primero porque no cuentan con ambulancia, todos hablan lengua materna y el nivel de pobreza y marginaci\u00f3n es alto, pero seg\u00fan los morenistas estos no son pueblo porque no son de Morena.<\/p>\n\n\n\n<p>\u2022 Este nivel de marginaci\u00f3n, no es diferente a donde estuvieron porque siquiera all\u00e1 los enga\u00f1aron, aqu\u00ed ni quieren recibirlos porque son del PRI, como si los habitantes pobres fueran lo mismo que los hombres de poder que vivieron de los privilegios, y es hora que comiencen a entender que ni siquiera los que militan en el PAN que son de comunidad pueden ser despreciados por su ideolog\u00eda, por estar en una trinchera distinta, porque tambi\u00e9n son nahuablantes, tambi\u00e9n son pueblo y no sujetos del privilegio nacional.<\/p>\n","protected":false},"excerpt":{"rendered":"<p>\u2022 QUE SE VAN DEL PRI pues ya lo hab\u00edamos anunciado, comenzaron los l\u00edderes estatales, nacionales de Hidalgo y el tema ya baj\u00f3 hasta las comunidades m\u00e1s marginadas, de mucha pobreza y olvido. \u2022 Pero el anuncio de los hombres y mujeres ind\u00edgenas que se van del tricolor en Mangocuatitla, Yahualica y asumen un rol&hellip; <a class=\"more-link\" href=\"https:\/\/www.zunoticia.com\/noticias-de-hidalgo\/2023\/07\/16\/espejeando-por-perseo-702\/\">Seguir leyendo <span class=\"screen-reader-text\">Espejeando Por Perseo<\/span><\/a><\/p>\n","protected":false},"author":13,"featured_media":494240,"comment_status":"closed","ping_status":"open","sticky":false,"template":"","format":"standard","meta":{"rop_custom_images_group":[],"rop_custom_messages_group":[],"rop_publish_now":"initial","rop_publish_now_accounts":{"facebook_10159540855086992_322828327761733":""},"rop_publish_now_history":[],"rop_publish_now_status":"pending","footnotes":""},"categories":[176],"tags":[205],"class_list":["post-494239","post","type-post","status-publish","format-standard","has-post-thumbnail","hentry","category-espejeando","tag-espejeando","entry"],"_links":{"self":[{"href":"https:\/\/www.zunoticia.com\/noticias-de-hidalgo\/wp-json\/wp\/v2\/posts\/494239","targetHints":{"allow":["GET"]}}],"collection":[{"href":"https:\/\/www.zunoticia.com\/noticias-de-hidalgo\/wp-json\/wp\/v2\/posts"}],"about":[{"href":"https:\/\/www.zunoticia.com\/noticias-de-hidalgo\/wp-json\/wp\/v2\/types\/post"}],"author":[{"embeddable":true,"href":"https:\/\/www.zunoticia.com\/noticias-de-hidalgo\/wp-json\/wp\/v2\/users\/13"}],"replies":[{"embeddable":true,"href":"https:\/\/www.zunoticia.com\/noticias-de-hidalgo\/wp-json\/wp\/v2\/comments?post=494239"}],"version-history":[{"count":1,"href":"https:\/\/www.zunoticia.com\/noticias-de-hidalgo\/wp-json\/wp\/v2\/posts\/494239\/revisions"}],"predecessor-version":[{"id":494241,"href":"https:\/\/www.zunoticia.com\/noticias-de-hidalgo\/wp-json\/wp\/v2\/posts\/494239\/revisions\/494241"}],"wp:featuredmedia":[{"embeddable":true,"href":"https:\/\/www.zunoticia.com\/noticias-de-hidalgo\/wp-json\/wp\/v2\/media\/494240"}],"wp:attachment":[{"href":"https:\/\/www.zunoticia.com\/noticias-de-hidalgo\/wp-json\/wp\/v2\/media?parent=494239"}],"wp:term":[{"taxonomy":"category","embeddable":true,"href":"https:\/\/www.zunoticia.com\/noticias-de-hidalgo\/wp-json\/wp\/v2\/categories?post=494239"},{"taxonomy":"post_tag","embeddable":true,"href":"https:\/\/www.zunoticia.com\/noticias-de-hidalgo\/wp-json\/wp\/v2\/tags?post=494239"}],"curies":[{"name":"wp","href":"https:\/\/api.w.org\/{rel}","templated":true}]}}