{"id":494345,"date":"2023-07-17T16:42:11","date_gmt":"2023-07-17T22:42:11","guid":{"rendered":"https:\/\/www.zunoticia.com\/noticias-de-hidalgo\/?p=494345"},"modified":"2023-07-17T16:42:12","modified_gmt":"2023-07-17T22:42:12","slug":"participo-investigador-hidalguense-en-el-congreso-anual-de-la-iamcr-en-lyon-francia","status":"publish","type":"post","link":"https:\/\/www.zunoticia.com\/noticias-de-hidalgo\/2023\/07\/17\/participo-investigador-hidalguense-en-el-congreso-anual-de-la-iamcr-en-lyon-francia\/","title":{"rendered":"Particip\u00f3 investigador hidalguense&nbsp;en el Congreso Anual de la IAMCR en Lyon, Francia"},"content":{"rendered":"<aside class=\"mashsb-container mashsb-main mashsb-stretched\"><div class=\"mashsb-box\"><div class=\"mashsb-count mash-large\" style=\"float:left\"><div class=\"counts mashsbcount\">10<\/div><span class=\"mashsb-sharetext\">SHARES<\/span><\/div><div class=\"mashsb-buttons\"><a class=\"mashicon-facebook mash-large mash-center mashsb-noshadow\" href=\"https:\/\/www.facebook.com\/sharer.php?u=https%3A%2F%2Fwww.zunoticia.com%2Fnoticias-de-hidalgo%2F2023%2F07%2F17%2Fparticipo-investigador-hidalguense-en-el-congreso-anual-de-la-iamcr-en-lyon-francia%2F\" target=\"_top\" rel=\"nofollow\"><span class=\"icon\"><\/span><span class=\"text\">Share<\/span><\/a><a class=\"mashicon-twitter mash-large mash-center mashsb-noshadow\" href=\"https:\/\/twitter.com\/intent\/tweet?text=&amp;url=https:\/\/www.zunoticia.com\/noticias-de-hidalgo\/2023\/07\/17\/participo-investigador-hidalguense-en-el-congreso-anual-de-la-iamcr-en-lyon-francia\/\" target=\"_top\" rel=\"nofollow\"><span class=\"icon\"><\/span><span class=\"text\">Tweet<\/span><\/a><div class=\"onoffswitch2 mash-large mashsb-noshadow\" style=\"display:none\"><\/div><\/div>\n            <\/div>\n                <div style=\"clear:both\"><\/div><div class=\"mashsb-toggle-container\"><\/div><\/aside>\n            <!-- Share buttons by mashshare.net - Version: 4.0.47-->\n<ul class=\"wp-block-list\">\n<li>Present\u00f3 su investigaci\u00f3n sobre el tema &#8220;Expresiones multiculturales en \u00e1reas metropolitanas fragmentadas en el siglo XXI\u201d.<\/li>\n<\/ul>\n\n\n\n<p><em>Por Redacci\u00f3n\/Zunoticia<\/em><\/p>\n\n\n\n<p><strong>Pachuca de Soto, Hgo<\/strong>.- El Dr. Jos\u00e9 Iv\u00e1n Ram\u00edrez \u00c1viles, destacado investigador de El Colegio del Estado de Hidalgo (CEH), particip\u00f3 en el Congreso Anual de la Asociaci\u00f3n Internacional para la Investigaci\u00f3n de Medios y Comunicaci\u00f3n (IAMCR) en Lyon, Francia, donde present\u00f3 su investigaci\u00f3n sobre el tema &#8220;Expresiones multiculturales en \u00e1reas metropolitanas fragmentadas en el siglo XXI&#8221;.<\/p>\n\n\n\n<p>Durante su estancia en el congreso, el Dr. Jos\u00e9 Iv\u00e1n tambi\u00e9n tuvo la oportunidad de ampliar su perspectiva y herramientas de investigaci\u00f3n y estableci\u00f3 redes para futuras colaboraciones en direcci\u00f3n de tesis externas y co-direcci\u00f3n de tesis internas en El CEH. Tambi\u00e9n se est\u00e1 explorando la posibilidad de incorporar a la RENPER (Red Nacional de Posgrados en Estudios Regionales), a la IAMCR en el \u00e1rea de estudio sobre pol\u00edticas urbanas de la Sciences Po, Lyon.<\/p>\n\n\n\n<p>Esta participaci\u00f3n en el Congreso Anual de la IAMCR permiti\u00f3 al Dr. Jos\u00e9 Iv\u00e1n fortalecer su investigaci\u00f3n, intercambiar conocimientos con expertos internacionales y establecer nuevas oportunidades de colaboraci\u00f3n. Su destacada participaci\u00f3n representa un valioso aporte al estudio de las \u00e1reas metropolitanas y la importancia de abordar la problem\u00e1tica de manera integral, considerando aspectos culturales, sociales y econ\u00f3micos.<\/p>\n\n\n\n<p><br>Es importante mencionar que el estudio expuesto aborda las relaciones entre lo urbano y lo rural. El tema de investigaci\u00f3n se centra en el estudio de las metr\u00f3polis, principalmente en el contexto mexicano, y su relaci\u00f3n multicultural en medio de procesos extensos de fragmentaci\u00f3n y segregaci\u00f3n urbana.&nbsp;<\/p>\n\n\n\n<p>Su objetivo principal fue investigar las relaciones urbanas y culturales entre los centros y las &#8220;periferias&#8221; de estas \u00e1reas metropolitanas, analizando el impacto de la fragmentaci\u00f3n en el surgimiento de conflictos sociales y la conformaci\u00f3n y desvanecimiento de diversos grupos socioculturales presentes en la metr\u00f3polis.<\/p>\n\n\n\n<figure class=\"wp-block-image size-full\"><img fetchpriority=\"high\" decoding=\"async\" width=\"940\" height=\"788\" src=\"https:\/\/www.zunoticia.com\/noticias-de-hidalgo\/wp-content\/uploads\/2023\/07\/Diseno-sin-titulo-170.png\" alt=\"\" class=\"wp-image-494349\" srcset=\"https:\/\/www.zunoticia.com\/noticias-de-hidalgo\/wp-content\/uploads\/2023\/07\/Diseno-sin-titulo-170.png 940w, https:\/\/www.zunoticia.com\/noticias-de-hidalgo\/wp-content\/uploads\/2023\/07\/Diseno-sin-titulo-170-300x251.png 300w, https:\/\/www.zunoticia.com\/noticias-de-hidalgo\/wp-content\/uploads\/2023\/07\/Diseno-sin-titulo-170-768x644.png 768w\" sizes=\"(max-width: 940px) 100vw, 940px\" \/><\/figure>\n","protected":false},"excerpt":{"rendered":"<p>Por Redacci\u00f3n\/Zunoticia Pachuca de Soto, Hgo.- El Dr. Jos\u00e9 Iv\u00e1n Ram\u00edrez \u00c1viles, destacado investigador de El Colegio del Estado de Hidalgo (CEH), particip\u00f3 en el Congreso Anual de la Asociaci\u00f3n Internacional para la Investigaci\u00f3n de Medios y Comunicaci\u00f3n (IAMCR) en Lyon, Francia, donde present\u00f3 su investigaci\u00f3n sobre el tema &#8220;Expresiones multiculturales en \u00e1reas metropolitanas fragmentadas&hellip; <a class=\"more-link\" href=\"https:\/\/www.zunoticia.com\/noticias-de-hidalgo\/2023\/07\/17\/participo-investigador-hidalguense-en-el-congreso-anual-de-la-iamcr-en-lyon-francia\/\">Seguir leyendo <span class=\"screen-reader-text\">Particip\u00f3 investigador hidalguense&nbsp;en el Congreso Anual de la IAMCR en Lyon, Francia<\/span><\/a><\/p>\n","protected":false},"author":20,"featured_media":494348,"comment_status":"closed","ping_status":"open","sticky":false,"template":"","format":"standard","meta":{"rop_custom_images_group":[],"rop_custom_messages_group":[],"rop_publish_now":"initial","rop_publish_now_accounts":{"facebook_10159540855086992_322828327761733":""},"rop_publish_now_history":[],"rop_publish_now_status":"pending","footnotes":""},"categories":[208],"tags":[214],"class_list":["post-494345","post","type-post","status-publish","format-standard","has-post-thumbnail","hentry","category-estado","tag-estado","entry"],"_links":{"self":[{"href":"https:\/\/www.zunoticia.com\/noticias-de-hidalgo\/wp-json\/wp\/v2\/posts\/494345","targetHints":{"allow":["GET"]}}],"collection":[{"href":"https:\/\/www.zunoticia.com\/noticias-de-hidalgo\/wp-json\/wp\/v2\/posts"}],"about":[{"href":"https:\/\/www.zunoticia.com\/noticias-de-hidalgo\/wp-json\/wp\/v2\/types\/post"}],"author":[{"embeddable":true,"href":"https:\/\/www.zunoticia.com\/noticias-de-hidalgo\/wp-json\/wp\/v2\/users\/20"}],"replies":[{"embeddable":true,"href":"https:\/\/www.zunoticia.com\/noticias-de-hidalgo\/wp-json\/wp\/v2\/comments?post=494345"}],"version-history":[{"count":1,"href":"https:\/\/www.zunoticia.com\/noticias-de-hidalgo\/wp-json\/wp\/v2\/posts\/494345\/revisions"}],"predecessor-version":[{"id":494350,"href":"https:\/\/www.zunoticia.com\/noticias-de-hidalgo\/wp-json\/wp\/v2\/posts\/494345\/revisions\/494350"}],"wp:featuredmedia":[{"embeddable":true,"href":"https:\/\/www.zunoticia.com\/noticias-de-hidalgo\/wp-json\/wp\/v2\/media\/494348"}],"wp:attachment":[{"href":"https:\/\/www.zunoticia.com\/noticias-de-hidalgo\/wp-json\/wp\/v2\/media?parent=494345"}],"wp:term":[{"taxonomy":"category","embeddable":true,"href":"https:\/\/www.zunoticia.com\/noticias-de-hidalgo\/wp-json\/wp\/v2\/categories?post=494345"},{"taxonomy":"post_tag","embeddable":true,"href":"https:\/\/www.zunoticia.com\/noticias-de-hidalgo\/wp-json\/wp\/v2\/tags?post=494345"}],"curies":[{"name":"wp","href":"https:\/\/api.w.org\/{rel}","templated":true}]}}