{"id":494362,"date":"2023-07-17T16:55:08","date_gmt":"2023-07-17T22:55:08","guid":{"rendered":"https:\/\/www.zunoticia.com\/noticias-de-hidalgo\/?p=494362"},"modified":"2023-07-17T16:55:09","modified_gmt":"2023-07-17T22:55:09","slug":"imparten-charla-sobre-factores-astronomicos-y-biologicos-en-la-agricultura","status":"publish","type":"post","link":"https:\/\/www.zunoticia.com\/noticias-de-hidalgo\/2023\/07\/17\/imparten-charla-sobre-factores-astronomicos-y-biologicos-en-la-agricultura\/","title":{"rendered":"Imparten charla sobre factores astron\u00f3micos y biol\u00f3gicos en la agricultura\u00a0"},"content":{"rendered":"<aside class=\"mashsb-container mashsb-main mashsb-stretched\"><div class=\"mashsb-box\"><div class=\"mashsb-count mash-large\" style=\"float:left\"><div class=\"counts mashsbcount\">7<\/div><span class=\"mashsb-sharetext\">SHARES<\/span><\/div><div class=\"mashsb-buttons\"><a class=\"mashicon-facebook mash-large mash-center mashsb-noshadow\" href=\"https:\/\/www.facebook.com\/sharer.php?u=https%3A%2F%2Fwww.zunoticia.com%2Fnoticias-de-hidalgo%2F2023%2F07%2F17%2Fimparten-charla-sobre-factores-astronomicos-y-biologicos-en-la-agricultura%2F\" target=\"_top\" rel=\"nofollow\"><span class=\"icon\"><\/span><span class=\"text\">Share<\/span><\/a><a class=\"mashicon-twitter mash-large mash-center mashsb-noshadow\" href=\"https:\/\/twitter.com\/intent\/tweet?text=&amp;url=https:\/\/www.zunoticia.com\/noticias-de-hidalgo\/2023\/07\/17\/imparten-charla-sobre-factores-astronomicos-y-biologicos-en-la-agricultura\/\" target=\"_top\" rel=\"nofollow\"><span class=\"icon\"><\/span><span class=\"text\">Tweet<\/span><\/a><div class=\"onoffswitch2 mash-large mashsb-noshadow\" style=\"display:none\"><\/div><\/div>\n            <\/div>\n                <div style=\"clear:both\"><\/div><div class=\"mashsb-toggle-container\"><\/div><\/aside>\n            <!-- Share buttons by mashshare.net - Version: 4.0.47-->\n<p><\/p>\n\n\n\n<ul class=\"wp-block-list\">\n<li>La bi\u00f3loga Guadalupe P\u00e9rez, de la SEMARNATH, comparti\u00f3 datos relevantes sobre el impacto de la luz lunar sobre las plantas<em>.<\/em><\/li>\n<\/ul>\n\n\n\n<p><em>Por Redacci\u00f3n\/Zunoticia<\/em><\/p>\n\n\n\n<p><strong>Pachuca de Soto, Hgo<\/strong>.- Dentro de las actividades del Saturnizaje, enmarcada en el Calendario de Astroturismo 2023, la bi\u00f3loga de la Secretar\u00eda de Medio Ambiente y Recursos Naturales de Hidalgo (SEMARNATH), Guadalupe P\u00e9rez Mendoza, imparti\u00f3 la pl\u00e1tica \u201cFactores Astron\u00f3micos y Biol\u00f3gicos en la Agricultura\u201d.<\/p>\n\n\n\n<p>Guadalupe P\u00e9rez explic\u00f3 los principales factores biol\u00f3gicos relacionados con la astronom\u00eda y que influyen en la agricultura son la fotorrespiraci\u00f3n, la fotos\u00edntesis y la influencia de la luminosidad lunar, las cuales son esenciales para la vida y el desarrollo de las plantas.<\/p>\n\n\n\n<p>As\u00ed mismo, mencion\u00f3 que la agricultura se ve beneficiada por la astronom\u00eda gracias a la observaci\u00f3n que ha habido desde hace miles de a\u00f1os, tanto del cielo como de las plantas y el comportamiento en ambos campos de estudio, con lo cual se logr\u00f3 generar informaci\u00f3n en agendas o calendarios agr\u00edcolas que se han transmitido de generaci\u00f3n en generaci\u00f3n.<\/p>\n\n\n\n<p>Durante la charla, realizada en el municipio de Huasca de Ocampo y a la que acudieron alrededor de 50 personas, la bi\u00f3loga destac\u00f3 que es importante reconocer que cuando la disponibilidad de la luz lunar va en aumento, las plantas tienen un crecimiento balanceado, en el que se favorece el crecimiento de follaje y ra\u00edz.<\/p>\n\n\n\n<p>Por ejemplo, mencion\u00f3 que, en luna creciente, el flujo de la savia comienza a ascender y se concentra en el tallo y ramas de las plantas. Mientras que, durante la luna llena, el flujo de la savia asciende y se concentra en la copa de los \u00e1rboles; es decir, en las ramas, hojas, frutos y flores.<\/p>\n\n\n\n<p>Con este tipo de actividades, la SEMARNATH busca contribuir al conocimiento cient\u00edfico acerca de la relaci\u00f3n entre la astronom\u00eda y biolog\u00eda con la agricultura, con la finalidad de brindar conocimientos que ayuden a las personas dedicadas al campo, a mejorar sus cosechas y llevar a cabo una actividad sostenible y responsable.<\/p>\n","protected":false},"excerpt":{"rendered":"<p>Por Redacci\u00f3n\/Zunoticia Pachuca de Soto, Hgo.- Dentro de las actividades del Saturnizaje, enmarcada en el Calendario de Astroturismo 2023, la bi\u00f3loga de la Secretar\u00eda de Medio Ambiente y Recursos Naturales de Hidalgo (SEMARNATH), Guadalupe P\u00e9rez Mendoza, imparti\u00f3 la pl\u00e1tica \u201cFactores Astron\u00f3micos y Biol\u00f3gicos en la Agricultura\u201d. Guadalupe P\u00e9rez explic\u00f3 los principales factores biol\u00f3gicos relacionados con&hellip; <a class=\"more-link\" href=\"https:\/\/www.zunoticia.com\/noticias-de-hidalgo\/2023\/07\/17\/imparten-charla-sobre-factores-astronomicos-y-biologicos-en-la-agricultura\/\">Seguir leyendo <span class=\"screen-reader-text\">Imparten charla sobre factores astron\u00f3micos y biol\u00f3gicos en la agricultura\u00a0<\/span><\/a><\/p>\n","protected":false},"author":20,"featured_media":494364,"comment_status":"closed","ping_status":"open","sticky":false,"template":"","format":"standard","meta":{"rop_custom_images_group":[],"rop_custom_messages_group":[],"rop_publish_now":"initial","rop_publish_now_accounts":{"facebook_10159540855086992_322828327761733":""},"rop_publish_now_history":[],"rop_publish_now_status":"pending","footnotes":""},"categories":[208],"tags":[214],"class_list":["post-494362","post","type-post","status-publish","format-standard","has-post-thumbnail","hentry","category-estado","tag-estado","entry"],"_links":{"self":[{"href":"https:\/\/www.zunoticia.com\/noticias-de-hidalgo\/wp-json\/wp\/v2\/posts\/494362","targetHints":{"allow":["GET"]}}],"collection":[{"href":"https:\/\/www.zunoticia.com\/noticias-de-hidalgo\/wp-json\/wp\/v2\/posts"}],"about":[{"href":"https:\/\/www.zunoticia.com\/noticias-de-hidalgo\/wp-json\/wp\/v2\/types\/post"}],"author":[{"embeddable":true,"href":"https:\/\/www.zunoticia.com\/noticias-de-hidalgo\/wp-json\/wp\/v2\/users\/20"}],"replies":[{"embeddable":true,"href":"https:\/\/www.zunoticia.com\/noticias-de-hidalgo\/wp-json\/wp\/v2\/comments?post=494362"}],"version-history":[{"count":1,"href":"https:\/\/www.zunoticia.com\/noticias-de-hidalgo\/wp-json\/wp\/v2\/posts\/494362\/revisions"}],"predecessor-version":[{"id":494366,"href":"https:\/\/www.zunoticia.com\/noticias-de-hidalgo\/wp-json\/wp\/v2\/posts\/494362\/revisions\/494366"}],"wp:featuredmedia":[{"embeddable":true,"href":"https:\/\/www.zunoticia.com\/noticias-de-hidalgo\/wp-json\/wp\/v2\/media\/494364"}],"wp:attachment":[{"href":"https:\/\/www.zunoticia.com\/noticias-de-hidalgo\/wp-json\/wp\/v2\/media?parent=494362"}],"wp:term":[{"taxonomy":"category","embeddable":true,"href":"https:\/\/www.zunoticia.com\/noticias-de-hidalgo\/wp-json\/wp\/v2\/categories?post=494362"},{"taxonomy":"post_tag","embeddable":true,"href":"https:\/\/www.zunoticia.com\/noticias-de-hidalgo\/wp-json\/wp\/v2\/tags?post=494362"}],"curies":[{"name":"wp","href":"https:\/\/api.w.org\/{rel}","templated":true}]}}