{"id":494373,"date":"2023-07-17T17:07:06","date_gmt":"2023-07-17T23:07:06","guid":{"rendered":"https:\/\/www.zunoticia.com\/noticias-de-hidalgo\/?p=494373"},"modified":"2023-07-17T17:07:07","modified_gmt":"2023-07-17T23:07:07","slug":"realizan-infancias-y-adolescencias-obra-de-teatro-multidisciplinar-de-fiesta-en-fiesta-por-hidalgo","status":"publish","type":"post","link":"https:\/\/www.zunoticia.com\/noticias-de-hidalgo\/2023\/07\/17\/realizan-infancias-y-adolescencias-obra-de-teatro-multidisciplinar-de-fiesta-en-fiesta-por-hidalgo\/","title":{"rendered":"Realizan infancias y adolescencias obra de teatro multidisciplinar <em>De fiesta en fiesta por Hidalgo<\/em>"},"content":{"rendered":"<aside class=\"mashsb-container mashsb-main mashsb-stretched\"><div class=\"mashsb-box\"><div class=\"mashsb-count mash-large\" style=\"float:left\"><div class=\"counts mashsbcount\">25<\/div><span class=\"mashsb-sharetext\">SHARES<\/span><\/div><div class=\"mashsb-buttons\"><a class=\"mashicon-facebook mash-large mash-center mashsb-noshadow\" href=\"https:\/\/www.facebook.com\/sharer.php?u=https%3A%2F%2Fwww.zunoticia.com%2Fnoticias-de-hidalgo%2F2023%2F07%2F17%2Frealizan-infancias-y-adolescencias-obra-de-teatro-multidisciplinar-de-fiesta-en-fiesta-por-hidalgo%2F\" target=\"_top\" rel=\"nofollow\"><span class=\"icon\"><\/span><span class=\"text\">Share<\/span><\/a><a class=\"mashicon-twitter mash-large mash-center mashsb-noshadow\" href=\"https:\/\/twitter.com\/intent\/tweet?text=&amp;url=https:\/\/www.zunoticia.com\/noticias-de-hidalgo\/2023\/07\/17\/realizan-infancias-y-adolescencias-obra-de-teatro-multidisciplinar-de-fiesta-en-fiesta-por-hidalgo\/\" target=\"_top\" rel=\"nofollow\"><span class=\"icon\"><\/span><span class=\"text\">Tweet<\/span><\/a><div class=\"onoffswitch2 mash-large mashsb-noshadow\" style=\"display:none\"><\/div><\/div>\n            <\/div>\n                <div style=\"clear:both\"><\/div><div class=\"mashsb-toggle-container\"><\/div><\/aside>\n            <!-- Share buttons by mashshare.net - Version: 4.0.47-->\n<ul class=\"wp-block-list\">\n<li>Participan 150 alumnas y alumnos de los talleres libres y el sistema escolarizado del Centro de las Artes, as\u00ed como de los programas M\u00fasica para el Pueblo y Extramuros.<\/li>\n<\/ul>\n\n\n\n<p>Por Redacci\u00f3n\/Zunoticia<\/p>\n\n\n\n<p><strong>Pachuca de Soto, Hgo. \u2013<\/strong> La Secretar\u00eda de Cultura, a cargo de Tania Meza Escorza, a trav\u00e9s del Consejo Estatal para la Cultura y las Artes de Hidalgo (Cecultah), llevar\u00e1 a cabo la puesta en escena multidisciplinar <em>De fiesta en fiesta por Hidalgo, ra\u00edces con tradici\u00f3n<\/em>,con la participaci\u00f3n de 150 alumnas y alumnos de los talleres libres y el sistema escolarizado del Centro de las Artes de Hidalgo (CAH), as\u00ed como de los programas M\u00fasica para el Pueblo y Extramuros, este mi\u00e9rcoles 19 de julio, a las 19:00 horas, en el Teatro de las Ciudad San Francisco.<\/p>\n\n\n\n<p>La puesta en escena es el resultado entre el talento y los frutos del proceso formativo del ciclo febrero\u2013junio en las \u00e1reas de danza, teatro y m\u00fasica; adem\u00e1s, destaca que las y los participantes provienen de diversos municipios como Apan, Tlahuelilpan, Tepeapulco, Villa de Tezontepec, Zempoala y Zacualtip\u00e1n de \u00c1ngeles.<\/p>\n\n\n\n<p>En ese sentido, Diana Rangel Z\u00fa\u00f1iga, directora general del Cecultah, detall\u00f3 que la entrada al evento es gratuita con boleto digital, el cual debe descargarse mediante en el enlace <a href=\"https:\/\/taquilla.ceculcath.gob.mx\/events\/de-fiesta-en-fiesta-por-hidalgo\/\">https:\/\/taquilla.ceculcath.gob.mx\/events\/de-fiesta-en-fiesta-por-hidalgo\/<\/a>. &nbsp;&nbsp;&nbsp;&nbsp;&nbsp;&nbsp;&nbsp;&nbsp;&nbsp;&nbsp;<\/p>\n\n\n\n<p>Rangel Z\u00fa\u00f1iga destac\u00f3 que con esta actividad el Cecultah refrenda el compromiso con la sociedad para mantener vivas las tradiciones y contribuir en la difusi\u00f3n de las mismas, ya que en este montaje esc\u00e9nico ni\u00f1as, ni\u00f1os y j\u00f3venes, acompa\u00f1ados por la Orquesta y Banda Sinf\u00f3nica del Centro de las Artes, as\u00ed como de los Ni\u00f1os Cantores de Hidalgo y los coros infantiles de los municipios participantes, brindan un recorrido art\u00edstico desde las ra\u00edces prehisp\u00e1nicas hasta las festividades m\u00e1s representativas de la Sierra y Huasteca hidalguense.&nbsp;<\/p>\n\n\n\n<p>\u201cLas fiestas populares tradicionales son una muestra caracter\u00edstica de nuestra identidad cultural, constituyen un suceso de obligada mirada en el tiempo, ya que expresan las huellas del tejido social seg\u00fan su tradici\u00f3n para demostrar su vinculaci\u00f3n, as\u00ed como la importancia que tiene su conservaci\u00f3n\u201d, coment\u00f3 Diana Rangel sobre el significado de esta obra de teatro multidisciplinar.<\/p>\n\n\n\n<p>Finalmente, la Secretar\u00eda de Cultura, dirigida por Tania Meza, invit\u00f3 a la ciudadan\u00eda a asistir el pr\u00f3ximo mi\u00e9rcoles a <em>De fiesta en fiesta por Hidalgo, ra\u00edces con tradici\u00f3n<\/em> para ser parte del Gobierno de la Transformaci\u00f3n, a cargo de Julio Menchaca Salazar, que est\u00e1 enfocado en dar resultados que mejoren la vida de las y los hidalguenses.<\/p>\n\n\n\n<figure class=\"wp-block-image size-full\"><img fetchpriority=\"high\" decoding=\"async\" width=\"940\" height=\"788\" src=\"https:\/\/www.zunoticia.com\/noticias-de-hidalgo\/wp-content\/uploads\/2023\/07\/Diseno-sin-titulo-1-55.png\" alt=\"\" class=\"wp-image-494375\" srcset=\"https:\/\/www.zunoticia.com\/noticias-de-hidalgo\/wp-content\/uploads\/2023\/07\/Diseno-sin-titulo-1-55.png 940w, https:\/\/www.zunoticia.com\/noticias-de-hidalgo\/wp-content\/uploads\/2023\/07\/Diseno-sin-titulo-1-55-300x251.png 300w, https:\/\/www.zunoticia.com\/noticias-de-hidalgo\/wp-content\/uploads\/2023\/07\/Diseno-sin-titulo-1-55-768x644.png 768w\" sizes=\"(max-width: 940px) 100vw, 940px\" \/><\/figure>\n","protected":false},"excerpt":{"rendered":"<p>Por Redacci\u00f3n\/Zunoticia Pachuca de Soto, Hgo. \u2013 La Secretar\u00eda de Cultura, a cargo de Tania Meza Escorza, a trav\u00e9s del Consejo Estatal para la Cultura y las Artes de Hidalgo (Cecultah), llevar\u00e1 a cabo la puesta en escena multidisciplinar De fiesta en fiesta por Hidalgo, ra\u00edces con tradici\u00f3n,con la participaci\u00f3n de 150 alumnas y alumnos&hellip; <a class=\"more-link\" href=\"https:\/\/www.zunoticia.com\/noticias-de-hidalgo\/2023\/07\/17\/realizan-infancias-y-adolescencias-obra-de-teatro-multidisciplinar-de-fiesta-en-fiesta-por-hidalgo\/\">Seguir leyendo <span class=\"screen-reader-text\">Realizan infancias y adolescencias obra de teatro multidisciplinar <em>De fiesta en fiesta por Hidalgo<\/em><\/span><\/a><\/p>\n","protected":false},"author":20,"featured_media":494374,"comment_status":"closed","ping_status":"open","sticky":false,"template":"","format":"standard","meta":{"rop_custom_images_group":[],"rop_custom_messages_group":[],"rop_publish_now":"initial","rop_publish_now_accounts":{"facebook_10159540855086992_322828327761733":""},"rop_publish_now_history":[],"rop_publish_now_status":"pending","footnotes":""},"categories":[208],"tags":[214],"class_list":["post-494373","post","type-post","status-publish","format-standard","has-post-thumbnail","hentry","category-estado","tag-estado","entry"],"_links":{"self":[{"href":"https:\/\/www.zunoticia.com\/noticias-de-hidalgo\/wp-json\/wp\/v2\/posts\/494373","targetHints":{"allow":["GET"]}}],"collection":[{"href":"https:\/\/www.zunoticia.com\/noticias-de-hidalgo\/wp-json\/wp\/v2\/posts"}],"about":[{"href":"https:\/\/www.zunoticia.com\/noticias-de-hidalgo\/wp-json\/wp\/v2\/types\/post"}],"author":[{"embeddable":true,"href":"https:\/\/www.zunoticia.com\/noticias-de-hidalgo\/wp-json\/wp\/v2\/users\/20"}],"replies":[{"embeddable":true,"href":"https:\/\/www.zunoticia.com\/noticias-de-hidalgo\/wp-json\/wp\/v2\/comments?post=494373"}],"version-history":[{"count":1,"href":"https:\/\/www.zunoticia.com\/noticias-de-hidalgo\/wp-json\/wp\/v2\/posts\/494373\/revisions"}],"predecessor-version":[{"id":494376,"href":"https:\/\/www.zunoticia.com\/noticias-de-hidalgo\/wp-json\/wp\/v2\/posts\/494373\/revisions\/494376"}],"wp:featuredmedia":[{"embeddable":true,"href":"https:\/\/www.zunoticia.com\/noticias-de-hidalgo\/wp-json\/wp\/v2\/media\/494374"}],"wp:attachment":[{"href":"https:\/\/www.zunoticia.com\/noticias-de-hidalgo\/wp-json\/wp\/v2\/media?parent=494373"}],"wp:term":[{"taxonomy":"category","embeddable":true,"href":"https:\/\/www.zunoticia.com\/noticias-de-hidalgo\/wp-json\/wp\/v2\/categories?post=494373"},{"taxonomy":"post_tag","embeddable":true,"href":"https:\/\/www.zunoticia.com\/noticias-de-hidalgo\/wp-json\/wp\/v2\/tags?post=494373"}],"curies":[{"name":"wp","href":"https:\/\/api.w.org\/{rel}","templated":true}]}}