{"id":494377,"date":"2023-07-17T17:26:39","date_gmt":"2023-07-17T23:26:39","guid":{"rendered":"https:\/\/www.zunoticia.com\/noticias-de-hidalgo\/?p=494377"},"modified":"2023-07-17T17:26:40","modified_gmt":"2023-07-17T23:26:40","slug":"con-la-jitomatiza-metepec-busca-fortalecer-turismo","status":"publish","type":"post","link":"https:\/\/www.zunoticia.com\/noticias-de-hidalgo\/2023\/07\/17\/con-la-jitomatiza-metepec-busca-fortalecer-turismo\/","title":{"rendered":"Con \u201cLa Jitomatiza\u201d, Metepec busca fortalecer turismo&nbsp;"},"content":{"rendered":"<aside class=\"mashsb-container mashsb-main mashsb-stretched\"><div class=\"mashsb-box\"><div class=\"mashsb-count mash-large\" style=\"float:left\"><div class=\"counts mashsbcount\">1<\/div><span class=\"mashsb-sharetext\">SHARES<\/span><\/div><div class=\"mashsb-buttons\"><a class=\"mashicon-facebook mash-large mash-center mashsb-noshadow\" href=\"https:\/\/www.facebook.com\/sharer.php?u=https%3A%2F%2Fwww.zunoticia.com%2Fnoticias-de-hidalgo%2F2023%2F07%2F17%2Fcon-la-jitomatiza-metepec-busca-fortalecer-turismo%2F\" target=\"_top\" rel=\"nofollow\"><span class=\"icon\"><\/span><span class=\"text\">Share<\/span><\/a><a class=\"mashicon-twitter mash-large mash-center mashsb-noshadow\" href=\"https:\/\/twitter.com\/intent\/tweet?text=&amp;url=https:\/\/www.zunoticia.com\/noticias-de-hidalgo\/2023\/07\/17\/con-la-jitomatiza-metepec-busca-fortalecer-turismo\/\" target=\"_top\" rel=\"nofollow\"><span class=\"icon\"><\/span><span class=\"text\">Tweet<\/span><\/a><div class=\"onoffswitch2 mash-large mashsb-noshadow\" style=\"display:none\"><\/div><\/div>\n            <\/div>\n                <div style=\"clear:both\"><\/div><div class=\"mashsb-toggle-container\"><\/div><\/aside>\n            <!-- Share buttons by mashshare.net - Version: 4.0.47-->\n<ul class=\"wp-block-list\">\n<li>El evento se realizar\u00e1 el 22 y 23 de julio; est\u00e1 inspirado en La Tomatina de Espa\u00f1a.<\/li>\n<\/ul>\n\n\n\n<p><em>Por Redacci\u00f3n\/Zunoticia<\/em><\/p>\n\n\n\n<p><br><strong>Pachuca de Soto, Hgo<\/strong>.- \u201cLa Jitomatiza\u201d es un evento que ha tomado impulso y se est\u00e1 convirtiendo en un atractivo tur\u00edstico del municipio de Metepec, evento en el que el jitomate, la alegr\u00eda y diversi\u00f3n, son la esencia de este proyecto que surgi\u00f3 en 2022, y que se realizar\u00e1 el 22 y 23 de julio.<\/p>\n\n\n\n<p>As\u00ed lo dieron a conocer los organizadores en la presentaci\u00f3n del evento, la ma\u00f1ana de este lunes, en la que Aglael Hern\u00e1ndez Islas, presidenta del Comit\u00e9 Tur\u00edstico Empresarial de Metepec (COTUEMM); Alexa Miranda Cruz, directora Cultural y de Marketing; Jos\u00e9 de Jes\u00fas Hern\u00e1ndez Montiel, director de Gastronom\u00eda, y Sandro L\u00f3pez, director municipal de Turismo y Cultura, quienes informaron que tambi\u00e9n habr\u00e1 actividades art\u00edsticas y musicales, adem\u00e1s de demostraciones gastron\u00f3micas y venta de artesan\u00edas.<\/p>\n\n\n\n<p>\u201cCon el tema de este fruto estamos logrando atraer la atenci\u00f3n de los turistas y visitantes, adem\u00e1s de que Hidalgo se encuentra en los primeros lugares de producci\u00f3n de jitomate por medio de esta regi\u00f3n y, por ello, hacemos este evento tur\u00edstico para que nuestros visitantes tengan esta nueva experiencia para disfrutar en familia\u201d, coment\u00f3 Hern\u00e1ndez Islas.<\/p>\n\n\n\n<p>Se\u00f1al\u00f3 que \u201cla jitomatiza\u201d representa un impulso econ\u00f3mico para la regi\u00f3n: \u201cYa que es una temporada que se considera baja en la venta de esta fruta que genera una crisis agr\u00edcola y tambi\u00e9n econ\u00f3mica\u201d. Cabe mencionar que Metepec es un municipio dedicado, principalmente, a la ganader\u00eda y al campo, siendo el jitomate uno de los productos m\u00e1s cosechados e importados de la zona.<\/p>\n\n\n\n<p>Explic\u00f3 que todo el producto que van a ocupar en la &#8220;guerra de jitomates&#8221;, es porque no pasa los est\u00e1ndares de calidad, por su peso y color, siendo la merma de los productores, por lo que no se utiliza para comercializarlo o consumirlo.<\/p>\n\n\n\n<p>\u201cAl realizar este festival se reactiva la econom\u00eda de la regi\u00f3n mediante el sector tur\u00edstico, por lo que es necesaria la intervenci\u00f3n de patrocinadores dispuestos a invertir en esta fiesta, los cuales, en su mayor\u00eda, est\u00e1n integrados por constructoras de invernaderos, vendedores de productos para la cosecha, semilla de jitomate y empacadoras\u201d, agreg\u00f3 Miranda Cruz.<\/p>\n\n\n\n<p>Dijo tambi\u00e9n que los prestadores de servicios, tanto municipales como estatales y nacionales, intervienen en el desarrollo de este proyecto que cada a\u00f1o se posiciona como un producto tur\u00edstico m\u00e1s de la regi\u00f3n.<\/p>\n\n\n\n<p>El principal atractivo es la \u201cguerra de jitomates\u201d, en la que, respetando las reglas, las y los participantes podr\u00e1n divertirse y disfrutar de este evento.<\/p>\n\n\n\n<p>Este a\u00f1o se pretende realizar la segunda edici\u00f3n de esta fiesta, teniendo como fechas previstas los d\u00edas 22 y 23 de julio en la comunidad de Tortugas, en Metepec, y se espera recibir alrededor de 7 a 10 mil personas.<\/p>\n\n\n\n<p>\u201cSe esperan siete mil visitantes, entre pobladores y turistas, adem\u00e1s de 50 expositores gastron\u00f3micos y artesanales, la intervenci\u00f3n de 10 artistas de diferentes ramas y el uso de 5 toneladas de jitomate para la guerra campal\u201d, inform\u00f3 Hern\u00e1ndez Montiel.<\/p>\n\n\n\n<p>Cabe se\u00f1alar que, este a\u00f1o, se dieron los primeros encuentros con la embajada espa\u00f1ola, esperando as\u00ed el hermanamiento para fortalecer este proyecto.<\/p>\n\n\n\n<figure class=\"wp-block-image size-full\"><img fetchpriority=\"high\" decoding=\"async\" width=\"940\" height=\"788\" src=\"https:\/\/www.zunoticia.com\/noticias-de-hidalgo\/wp-content\/uploads\/2023\/07\/Diseno-sin-titulo-1-56.png\" alt=\"\" class=\"wp-image-494379\" srcset=\"https:\/\/www.zunoticia.com\/noticias-de-hidalgo\/wp-content\/uploads\/2023\/07\/Diseno-sin-titulo-1-56.png 940w, https:\/\/www.zunoticia.com\/noticias-de-hidalgo\/wp-content\/uploads\/2023\/07\/Diseno-sin-titulo-1-56-300x251.png 300w, https:\/\/www.zunoticia.com\/noticias-de-hidalgo\/wp-content\/uploads\/2023\/07\/Diseno-sin-titulo-1-56-768x644.png 768w\" sizes=\"(max-width: 940px) 100vw, 940px\" \/><\/figure>\n","protected":false},"excerpt":{"rendered":"<p>Por Redacci\u00f3n\/Zunoticia Pachuca de Soto, Hgo.- \u201cLa Jitomatiza\u201d es un evento que ha tomado impulso y se est\u00e1 convirtiendo en un atractivo tur\u00edstico del municipio de Metepec, evento en el que el jitomate, la alegr\u00eda y diversi\u00f3n, son la esencia de este proyecto que surgi\u00f3 en 2022, y que se realizar\u00e1 el 22 y 23&hellip; <a class=\"more-link\" href=\"https:\/\/www.zunoticia.com\/noticias-de-hidalgo\/2023\/07\/17\/con-la-jitomatiza-metepec-busca-fortalecer-turismo\/\">Seguir leyendo <span class=\"screen-reader-text\">Con \u201cLa Jitomatiza\u201d, Metepec busca fortalecer turismo&nbsp;<\/span><\/a><\/p>\n","protected":false},"author":20,"featured_media":494378,"comment_status":"closed","ping_status":"open","sticky":false,"template":"","format":"standard","meta":{"rop_custom_images_group":[],"rop_custom_messages_group":[],"rop_publish_now":"initial","rop_publish_now_accounts":{"facebook_10159540855086992_322828327761733":""},"rop_publish_now_history":[],"rop_publish_now_status":"pending","footnotes":""},"categories":[208],"tags":[214],"class_list":["post-494377","post","type-post","status-publish","format-standard","has-post-thumbnail","hentry","category-estado","tag-estado","entry"],"_links":{"self":[{"href":"https:\/\/www.zunoticia.com\/noticias-de-hidalgo\/wp-json\/wp\/v2\/posts\/494377","targetHints":{"allow":["GET"]}}],"collection":[{"href":"https:\/\/www.zunoticia.com\/noticias-de-hidalgo\/wp-json\/wp\/v2\/posts"}],"about":[{"href":"https:\/\/www.zunoticia.com\/noticias-de-hidalgo\/wp-json\/wp\/v2\/types\/post"}],"author":[{"embeddable":true,"href":"https:\/\/www.zunoticia.com\/noticias-de-hidalgo\/wp-json\/wp\/v2\/users\/20"}],"replies":[{"embeddable":true,"href":"https:\/\/www.zunoticia.com\/noticias-de-hidalgo\/wp-json\/wp\/v2\/comments?post=494377"}],"version-history":[{"count":1,"href":"https:\/\/www.zunoticia.com\/noticias-de-hidalgo\/wp-json\/wp\/v2\/posts\/494377\/revisions"}],"predecessor-version":[{"id":494380,"href":"https:\/\/www.zunoticia.com\/noticias-de-hidalgo\/wp-json\/wp\/v2\/posts\/494377\/revisions\/494380"}],"wp:featuredmedia":[{"embeddable":true,"href":"https:\/\/www.zunoticia.com\/noticias-de-hidalgo\/wp-json\/wp\/v2\/media\/494378"}],"wp:attachment":[{"href":"https:\/\/www.zunoticia.com\/noticias-de-hidalgo\/wp-json\/wp\/v2\/media?parent=494377"}],"wp:term":[{"taxonomy":"category","embeddable":true,"href":"https:\/\/www.zunoticia.com\/noticias-de-hidalgo\/wp-json\/wp\/v2\/categories?post=494377"},{"taxonomy":"post_tag","embeddable":true,"href":"https:\/\/www.zunoticia.com\/noticias-de-hidalgo\/wp-json\/wp\/v2\/tags?post=494377"}],"curies":[{"name":"wp","href":"https:\/\/api.w.org\/{rel}","templated":true}]}}