{"id":494408,"date":"2023-07-17T20:38:13","date_gmt":"2023-07-18T02:38:13","guid":{"rendered":"https:\/\/www.zunoticia.com\/noticias-de-hidalgo\/?p=494408"},"modified":"2023-07-17T20:43:02","modified_gmt":"2023-07-18T02:43:02","slug":"presenta-secretario-de-agricultura-segunda-edicion-de-la-expo-cafe","status":"publish","type":"post","link":"https:\/\/www.zunoticia.com\/noticias-de-hidalgo\/2023\/07\/17\/presenta-secretario-de-agricultura-segunda-edicion-de-la-expo-cafe\/","title":{"rendered":"Presenta Secretario de Agricultura segunda edici\u00f3n de la Expo Caf\u00e9"},"content":{"rendered":"<aside class=\"mashsb-container mashsb-main mashsb-stretched\"><div class=\"mashsb-box\"><div class=\"mashsb-count mash-large\" style=\"float:left\"><div class=\"counts mashsbcount\">0<\/div><span class=\"mashsb-sharetext\">SHARES<\/span><\/div><div class=\"mashsb-buttons\"><a class=\"mashicon-facebook mash-large mash-center mashsb-noshadow\" href=\"https:\/\/www.facebook.com\/sharer.php?u=https%3A%2F%2Fwww.zunoticia.com%2Fnoticias-de-hidalgo%2F2023%2F07%2F17%2Fpresenta-secretario-de-agricultura-segunda-edicion-de-la-expo-cafe%2F\" target=\"_top\" rel=\"nofollow\"><span class=\"icon\"><\/span><span class=\"text\">Share<\/span><\/a><a class=\"mashicon-twitter mash-large mash-center mashsb-noshadow\" href=\"https:\/\/twitter.com\/intent\/tweet?text=&amp;url=https:\/\/www.zunoticia.com\/noticias-de-hidalgo\/2023\/07\/17\/presenta-secretario-de-agricultura-segunda-edicion-de-la-expo-cafe\/\" target=\"_top\" rel=\"nofollow\"><span class=\"icon\"><\/span><span class=\"text\">Tweet<\/span><\/a><div class=\"onoffswitch2 mash-large mashsb-noshadow\" style=\"display:none\"><\/div><\/div>\n            <\/div>\n                <div style=\"clear:both\"><\/div><div class=\"mashsb-toggle-container\"><\/div><\/aside>\n            <!-- Share buttons by mashshare.net - Version: 4.0.47-->\n<ul class=\"wp-block-list\">\n<li>El evento contar\u00e1 con al menos 100 stands donde los asistentes podr\u00e1n degustar el caf\u00e9 de diferentes regiones de la entidad.<\/li>\n<\/ul>\n\n\n\n<p><em>Por Redacci<\/em><em>\u00f3n<\/em><em>\/Zunoticia<\/em><\/p>\n\n\n\n<p><strong>Pachuca de Soto, Hgo.-<\/strong> Bajo la instrucci\u00f3n del gobernador, Julio Menchaca Salazar, de impulsar y reactivar el campo hidalguense, se llevar\u00e1 a cabo la segunda edici\u00f3n de Expo Caf\u00e9, con la finalidad de que los productores puedan establecer lazos comerciales, pero tambi\u00e9n busca que Hidalgo logre posicionarse como un estado cafetalero.<\/p>\n\n\n\n<p>As\u00ed lo confirm\u00f3 el secretario de Agricultura y Desarrollo Rural, Napole\u00f3n Gonz\u00e1lez P\u00e9rez, en conferencia de prensa en la que tambi\u00e9n estuvo presente la secretaria de Turismo, Elizabeth Quintanar G\u00f3mez, el subsecretario de Fomento Econ\u00f3mico, Horacio R\u00edos Cano, y el presidente de la C\u00e1mara Nacional de Comercio, Servicios y Turismo, Luis Miguel Escudero Hern\u00e1ndez, entre otros representantes del gobierno estatal y empresarios.<\/p>\n\n\n\n<figure class=\"wp-block-image size-large\"><img fetchpriority=\"high\" decoding=\"async\" width=\"1024\" height=\"681\" src=\"https:\/\/www.zunoticia.com\/noticias-de-hidalgo\/wp-content\/uploads\/2023\/07\/eZy-Watermark-17-07-2023-08-28-35-2520p.m.-1024x681.jpg\" alt=\"\" class=\"wp-image-494423\" srcset=\"https:\/\/www.zunoticia.com\/noticias-de-hidalgo\/wp-content\/uploads\/2023\/07\/eZy-Watermark-17-07-2023-08-28-35-2520p.m.-1024x681.jpg 1024w, https:\/\/www.zunoticia.com\/noticias-de-hidalgo\/wp-content\/uploads\/2023\/07\/eZy-Watermark-17-07-2023-08-28-35-2520p.m.-300x199.jpg 300w, https:\/\/www.zunoticia.com\/noticias-de-hidalgo\/wp-content\/uploads\/2023\/07\/eZy-Watermark-17-07-2023-08-28-35-2520p.m.-768x511.jpg 768w, https:\/\/www.zunoticia.com\/noticias-de-hidalgo\/wp-content\/uploads\/2023\/07\/eZy-Watermark-17-07-2023-08-28-35-2520p.m..jpg 1280w\" sizes=\"(max-width: 1024px) 100vw, 1024px\" \/><\/figure>\n\n\n\n<p>\u201cHidalgo sigue en el mismo sexto lugar como productor de caf\u00e9 a nivel nacional, sin embargo, lo que lleva esta administraci\u00f3n para ac\u00e1, se ha estado impulsando de manera muy decidida a los productores; y hoy estamos convencidos que va a tener un repunte importante para ocupar los primeros lugares\u201d, consider\u00f3 Napole\u00f3n Gonz\u00e1lez.<\/p>\n\n\n\n<p>Se detall\u00f3 que durante los d\u00edas 3, 4 y 5 de agosto, en el Tuzoforum de la ciudad de Pachuca, con un horario de 12 a 20 horas, productores y amantes del caf\u00e9 podr\u00e1n disfrutar de talleres, ponencias, capacitaciones, actividades con baristas, catas de caf\u00e9 y mesas de negocios y <em>networking<\/em> con el Sistema Producto Caf\u00e9, impulso NAFIN, IMSS, INFONAVIT y FIRA, respectivamente.<\/p>\n\n\n\n<p>En ese sentido, la secretaria de Turismo, Elizabeth Quintanar, se\u00f1al\u00f3 que el organismo a su cargo ya realiza recorridos piloto por la regi\u00f3n Otom\u00ed-Tepehua para impulsar el desarrollo de productos tur\u00edsticos, en el entendido de que las zonas de producci\u00f3n cafetalera tambi\u00e9n pueden ser un atractivo tur\u00edstico.<\/p>\n\n\n\n<p>&#8220;Tambi\u00e9n se firm\u00f3 un convenio con el Centro Cultural y Social Hidalguense, que se ubica en la alcald\u00eda de Tlalpan, en Ciudad de M\u00e9xico, en donde vamos a poner una cafeter\u00eda que venda solo caf\u00e9 de Hidalgo\u201d, lo que, afirm\u00f3, habr\u00e1 de convertirse en un escaparate para incentivar la venta de los productos que se producen en la entidad.<\/p>\n\n\n\n<p>En ese tenor, la participaci\u00f3n de la Secretar\u00eda de Desarrollo Econ\u00f3mico durante la Expo, ser\u00e1 a trav\u00e9s de cuatro talleres relacionados con el registro de marca y los servicios del IMPI; Constituci\u00f3n de Sociedades Cooperativas y Sociedades de Responsabilidad Limitada; apoyo financiero del programa Impulso NAFIN + Hidalgo 2023; y a los programas de fomento al empleo e inclusi\u00f3n econ\u00f3mica.<\/p>\n\n\n\n<p>Adem\u00e1s, brindar\u00e1n asesor\u00edas para el uso de las plataformas Consume Hidalgo y Pyme Hidalgo, las cuales tienen como finalidad incrementar la competitividad, la digitalizaci\u00f3n y mejorar la relaci\u00f3n entre empresas comerciales, industriales y productores, sin costo de inscripci\u00f3n, mensualidades o comisiones por ventas realizadas, detall\u00f3 el subsecretario de Fomento Econ\u00f3mico, Horacio R\u00edos.<\/p>\n\n\n\n<p>Se tiene contemplado que asistan cafetaleros de la regi\u00f3n Huasteca, Sierra Alta, Sierra Gorda y la zona Otom\u00ed \u2013 Tepehua. Los productores podr\u00e1n acceder a informaci\u00f3n sobre cr\u00e9ditos, financiamiento, conocer las ventajas de la formalidad, integraci\u00f3n de las cadenas de valor, la importancia del etiquetado, entre otros temas relevantes.<\/p>\n\n\n\n<p>Durante los d\u00edas del evento, se contar\u00e1 con al menos cien stands, por lo cual la C\u00e1mara Nacional de Comercio (CANACO) cobrar\u00e1 una cuota de recuperaci\u00f3n para sus agremiados as\u00ed como para los participantes interesados, mientras que el evento ser\u00e1 gratuito para a las y los productores que participan por parte de Saderh.<\/p>\n\n\n\n<p>Se estima un aforo de al menos 500 personas por d\u00eda, por lo que tambi\u00e9n se extender\u00e1 la invitaci\u00f3n a las universidades que tengan en su oferta educativa carreras afines como gastronom\u00eda, agronegocios, agroindustria y agronom\u00eda.<\/p>\n","protected":false},"excerpt":{"rendered":"<p>Por Redacci\u00f3n\/Zunoticia Pachuca de Soto, Hgo.- Bajo la instrucci\u00f3n del gobernador, Julio Menchaca Salazar, de impulsar y reactivar el campo hidalguense, se llevar\u00e1 a cabo la segunda edici\u00f3n de Expo Caf\u00e9, con la finalidad de que los productores puedan establecer lazos comerciales, pero tambi\u00e9n busca que Hidalgo logre posicionarse como un estado cafetalero. As\u00ed lo&hellip; <a class=\"more-link\" href=\"https:\/\/www.zunoticia.com\/noticias-de-hidalgo\/2023\/07\/17\/presenta-secretario-de-agricultura-segunda-edicion-de-la-expo-cafe\/\">Seguir leyendo <span class=\"screen-reader-text\">Presenta Secretario de Agricultura segunda edici\u00f3n de la Expo Caf\u00e9<\/span><\/a><\/p>\n","protected":false},"author":12,"featured_media":494422,"comment_status":"closed","ping_status":"open","sticky":false,"template":"","format":"standard","meta":{"rop_custom_images_group":[],"rop_custom_messages_group":[],"rop_publish_now":"initial","rop_publish_now_accounts":{"facebook_10159540855086992_322828327761733":""},"rop_publish_now_history":[],"rop_publish_now_status":"pending","footnotes":""},"categories":[180],"tags":[129],"class_list":["post-494408","post","type-post","status-publish","format-standard","has-post-thumbnail","hentry","category-orizatlan","tag-orizatlan","entry"],"_links":{"self":[{"href":"https:\/\/www.zunoticia.com\/noticias-de-hidalgo\/wp-json\/wp\/v2\/posts\/494408","targetHints":{"allow":["GET"]}}],"collection":[{"href":"https:\/\/www.zunoticia.com\/noticias-de-hidalgo\/wp-json\/wp\/v2\/posts"}],"about":[{"href":"https:\/\/www.zunoticia.com\/noticias-de-hidalgo\/wp-json\/wp\/v2\/types\/post"}],"author":[{"embeddable":true,"href":"https:\/\/www.zunoticia.com\/noticias-de-hidalgo\/wp-json\/wp\/v2\/users\/12"}],"replies":[{"embeddable":true,"href":"https:\/\/www.zunoticia.com\/noticias-de-hidalgo\/wp-json\/wp\/v2\/comments?post=494408"}],"version-history":[{"count":2,"href":"https:\/\/www.zunoticia.com\/noticias-de-hidalgo\/wp-json\/wp\/v2\/posts\/494408\/revisions"}],"predecessor-version":[{"id":494431,"href":"https:\/\/www.zunoticia.com\/noticias-de-hidalgo\/wp-json\/wp\/v2\/posts\/494408\/revisions\/494431"}],"wp:featuredmedia":[{"embeddable":true,"href":"https:\/\/www.zunoticia.com\/noticias-de-hidalgo\/wp-json\/wp\/v2\/media\/494422"}],"wp:attachment":[{"href":"https:\/\/www.zunoticia.com\/noticias-de-hidalgo\/wp-json\/wp\/v2\/media?parent=494408"}],"wp:term":[{"taxonomy":"category","embeddable":true,"href":"https:\/\/www.zunoticia.com\/noticias-de-hidalgo\/wp-json\/wp\/v2\/categories?post=494408"},{"taxonomy":"post_tag","embeddable":true,"href":"https:\/\/www.zunoticia.com\/noticias-de-hidalgo\/wp-json\/wp\/v2\/tags?post=494408"}],"curies":[{"name":"wp","href":"https:\/\/api.w.org\/{rel}","templated":true}]}}