{"id":494439,"date":"2023-07-17T21:10:39","date_gmt":"2023-07-18T03:10:39","guid":{"rendered":"https:\/\/www.zunoticia.com\/noticias-de-hidalgo\/?p=494439"},"modified":"2023-07-17T21:10:40","modified_gmt":"2023-07-18T03:10:40","slug":"ebrio-motociclista-se-impacto-con-trailer","status":"publish","type":"post","link":"https:\/\/www.zunoticia.com\/noticias-de-hidalgo\/2023\/07\/17\/ebrio-motociclista-se-impacto-con-trailer\/","title":{"rendered":"Ebrio motociclista se impact\u00f3 con tr\u00e1iler"},"content":{"rendered":"<aside class=\"mashsb-container mashsb-main mashsb-stretched\"><div class=\"mashsb-box\"><div class=\"mashsb-count mash-large\" style=\"float:left\"><div class=\"counts mashsbcount\">22<\/div><span class=\"mashsb-sharetext\">SHARES<\/span><\/div><div class=\"mashsb-buttons\"><a class=\"mashicon-facebook mash-large mash-center mashsb-noshadow\" href=\"https:\/\/www.facebook.com\/sharer.php?u=https%3A%2F%2Fwww.zunoticia.com%2Fnoticias-de-hidalgo%2F2023%2F07%2F17%2Febrio-motociclista-se-impacto-con-trailer%2F\" target=\"_top\" rel=\"nofollow\"><span class=\"icon\"><\/span><span class=\"text\">Share<\/span><\/a><a class=\"mashicon-twitter mash-large mash-center mashsb-noshadow\" href=\"https:\/\/twitter.com\/intent\/tweet?text=&amp;url=https:\/\/www.zunoticia.com\/noticias-de-hidalgo\/2023\/07\/17\/ebrio-motociclista-se-impacto-con-trailer\/\" target=\"_top\" rel=\"nofollow\"><span class=\"icon\"><\/span><span class=\"text\">Tweet<\/span><\/a><div class=\"onoffswitch2 mash-large mashsb-noshadow\" style=\"display:none\"><\/div><\/div>\n            <\/div>\n                <div style=\"clear:both\"><\/div><div class=\"mashsb-toggle-container\"><\/div><\/aside>\n            <!-- Share buttons by mashshare.net - Version: 4.0.47-->\n<p><em>Por Roberto Meza\/Zunoticia<\/em><\/p>\n\n\n\n<p><strong>Huejutla, Hgo.-<\/strong> Un motociclista que presuntamente manejaba a exceso de velocidad y bajo los influjos de las bebidas alcoh\u00f3licas choc\u00f3 por alcance con un tr\u00e1iler, sobre la v\u00eda federal M\u00e9xico \u2013 Tampico.<\/p>\n\n\n\n<p>De los hechos tomaron conocimiento polic\u00edas municipales, la Guardia Nacional divisi\u00f3n Caminos y param\u00e9dicos de la Cruz Roja, quienes le brindaron los primeros auxilios a este masculino, identificado con el nombre de Juan. L.O., con domicilio en San Juan Huazalingo; siendo llevado al Hospital Regional.<\/p>\n\n\n\n<p>El ch\u00f3fer de la unidad pesada A.G.N. fue requerido por las autoridades polic\u00edacas para deslindar responsabilidades, mientras que las unidades motoras fueron llevadas al corral\u00f3n como corresponde con este tipo de casos.<\/p>\n","protected":false},"excerpt":{"rendered":"<p>Por Roberto Meza\/Zunoticia Huejutla, Hgo.- Un motociclista que presuntamente manejaba a exceso de velocidad y bajo los influjos de las bebidas alcoh\u00f3licas choc\u00f3 por alcance con un tr\u00e1iler, sobre la v\u00eda federal M\u00e9xico \u2013 Tampico. De los hechos tomaron conocimiento polic\u00edas municipales, la Guardia Nacional divisi\u00f3n Caminos y param\u00e9dicos de la Cruz Roja, quienes le&hellip; <a class=\"more-link\" href=\"https:\/\/www.zunoticia.com\/noticias-de-hidalgo\/2023\/07\/17\/ebrio-motociclista-se-impacto-con-trailer\/\">Seguir leyendo <span class=\"screen-reader-text\">Ebrio motociclista se impact\u00f3 con tr\u00e1iler<\/span><\/a><\/p>\n","protected":false},"author":12,"featured_media":494421,"comment_status":"closed","ping_status":"open","sticky":false,"template":"","format":"standard","meta":{"rop_custom_images_group":[],"rop_custom_messages_group":[],"rop_publish_now":"initial","rop_publish_now_accounts":{"facebook_10159540855086992_322828327761733":""},"rop_publish_now_history":[],"rop_publish_now_status":"pending","footnotes":""},"categories":[178],"tags":[259],"class_list":["post-494439","post","type-post","status-publish","format-standard","has-post-thumbnail","hentry","category-policiaca","tag-policiaca","entry"],"_links":{"self":[{"href":"https:\/\/www.zunoticia.com\/noticias-de-hidalgo\/wp-json\/wp\/v2\/posts\/494439","targetHints":{"allow":["GET"]}}],"collection":[{"href":"https:\/\/www.zunoticia.com\/noticias-de-hidalgo\/wp-json\/wp\/v2\/posts"}],"about":[{"href":"https:\/\/www.zunoticia.com\/noticias-de-hidalgo\/wp-json\/wp\/v2\/types\/post"}],"author":[{"embeddable":true,"href":"https:\/\/www.zunoticia.com\/noticias-de-hidalgo\/wp-json\/wp\/v2\/users\/12"}],"replies":[{"embeddable":true,"href":"https:\/\/www.zunoticia.com\/noticias-de-hidalgo\/wp-json\/wp\/v2\/comments?post=494439"}],"version-history":[{"count":1,"href":"https:\/\/www.zunoticia.com\/noticias-de-hidalgo\/wp-json\/wp\/v2\/posts\/494439\/revisions"}],"predecessor-version":[{"id":494443,"href":"https:\/\/www.zunoticia.com\/noticias-de-hidalgo\/wp-json\/wp\/v2\/posts\/494439\/revisions\/494443"}],"wp:featuredmedia":[{"embeddable":true,"href":"https:\/\/www.zunoticia.com\/noticias-de-hidalgo\/wp-json\/wp\/v2\/media\/494421"}],"wp:attachment":[{"href":"https:\/\/www.zunoticia.com\/noticias-de-hidalgo\/wp-json\/wp\/v2\/media?parent=494439"}],"wp:term":[{"taxonomy":"category","embeddable":true,"href":"https:\/\/www.zunoticia.com\/noticias-de-hidalgo\/wp-json\/wp\/v2\/categories?post=494439"},{"taxonomy":"post_tag","embeddable":true,"href":"https:\/\/www.zunoticia.com\/noticias-de-hidalgo\/wp-json\/wp\/v2\/tags?post=494439"}],"curies":[{"name":"wp","href":"https:\/\/api.w.org\/{rel}","templated":true}]}}