{"id":494442,"date":"2023-07-17T21:17:10","date_gmt":"2023-07-18T03:17:10","guid":{"rendered":"https:\/\/www.zunoticia.com\/noticias-de-hidalgo\/?p=494442"},"modified":"2023-07-17T21:20:31","modified_gmt":"2023-07-18T03:20:31","slug":"integran-investigacion-de-hombre-que-quemo-a-dos-personas","status":"publish","type":"post","link":"https:\/\/www.zunoticia.com\/noticias-de-hidalgo\/2023\/07\/17\/integran-investigacion-de-hombre-que-quemo-a-dos-personas\/","title":{"rendered":"Integran investigaci\u00f3n de hombre que quem\u00f3 a dos personas"},"content":{"rendered":"<aside class=\"mashsb-container mashsb-main mashsb-stretched\"><div class=\"mashsb-box\"><div class=\"mashsb-count mash-large\" style=\"float:left\"><div class=\"counts mashsbcount\">41<\/div><span class=\"mashsb-sharetext\">SHARES<\/span><\/div><div class=\"mashsb-buttons\"><a class=\"mashicon-facebook mash-large mash-center mashsb-noshadow\" href=\"https:\/\/www.facebook.com\/sharer.php?u=https%3A%2F%2Fwww.zunoticia.com%2Fnoticias-de-hidalgo%2F2023%2F07%2F17%2Fintegran-investigacion-de-hombre-que-quemo-a-dos-personas%2F\" target=\"_top\" rel=\"nofollow\"><span class=\"icon\"><\/span><span class=\"text\">Share<\/span><\/a><a class=\"mashicon-twitter mash-large mash-center mashsb-noshadow\" href=\"https:\/\/twitter.com\/intent\/tweet?text=&amp;url=https:\/\/www.zunoticia.com\/noticias-de-hidalgo\/2023\/07\/17\/integran-investigacion-de-hombre-que-quemo-a-dos-personas\/\" target=\"_top\" rel=\"nofollow\"><span class=\"icon\"><\/span><span class=\"text\">Tweet<\/span><\/a><div class=\"onoffswitch2 mash-large mashsb-noshadow\" style=\"display:none\"><\/div><\/div>\n            <\/div>\n                <div style=\"clear:both\"><\/div><div class=\"mashsb-toggle-container\"><\/div><\/aside>\n            <!-- Share buttons by mashshare.net - Version: 4.0.47-->\n<p><em>Por Roberto Meza\/Zunoticia<\/em><\/p>\n\n\n\n<p><strong>Huejutla, Hgo.-<\/strong> Autoridades de la Agencia del Ministerio P\u00fablico de Huejutla siguen integrando la investigaci\u00f3n del hombre que quem\u00f3 a dos personas en la colonia Colalambre de esta ciudad y en cualquier momento el presunto culpable podr\u00eda ser llevado al reclusorio de la Lima, Jaltoc\u00e1n por estos hechos que cometi\u00f3.<\/p>\n\n\n\n<p>Ahora se sabe que el Herrero C.N.N. le roci\u00f3 gasolina a una mujer de nombre M.D.L y a un masculino de iniciales A.C.R. y les prendi\u00f3 fuego, tras el hecho sufrieron graves lesiones, por lo que agentes ministeriales realizaron las investigaciones y el MP inici\u00f3 la carpeta de investigaci\u00f3n por el delito de lesiones y lo que resulte.<\/p>\n\n\n\n<p>Ser\u00e1 en las pr\u00f3ximas horas que se determine la situaci\u00f3n jur\u00eddica del presunto culpable y quien podr\u00eda ser enviado al CERESO de la Lima, Jaltoc\u00e1n por estos hechos violentos que cometi\u00f3.<\/p>\n","protected":false},"excerpt":{"rendered":"<p>Por Roberto Meza\/Zunoticia Huejutla, Hgo.- Autoridades de la Agencia del Ministerio P\u00fablico de Huejutla siguen integrando la investigaci\u00f3n del hombre que quem\u00f3 a dos personas en la colonia Colalambre de esta ciudad y en cualquier momento el presunto culpable podr\u00eda ser llevado al reclusorio de la Lima, Jaltoc\u00e1n por estos hechos que cometi\u00f3. Ahora se&hellip; <a class=\"more-link\" href=\"https:\/\/www.zunoticia.com\/noticias-de-hidalgo\/2023\/07\/17\/integran-investigacion-de-hombre-que-quemo-a-dos-personas\/\">Seguir leyendo <span class=\"screen-reader-text\">Integran investigaci\u00f3n de hombre que quem\u00f3 a dos personas<\/span><\/a><\/p>\n","protected":false},"author":12,"featured_media":494417,"comment_status":"closed","ping_status":"open","sticky":false,"template":"","format":"standard","meta":{"rop_custom_images_group":[],"rop_custom_messages_group":[],"rop_publish_now":"initial","rop_publish_now_accounts":{"facebook_10159540855086992_322828327761733":""},"rop_publish_now_history":[],"rop_publish_now_status":"pending","footnotes":""},"categories":[178],"tags":[259],"class_list":["post-494442","post","type-post","status-publish","format-standard","has-post-thumbnail","hentry","category-policiaca","tag-policiaca","entry"],"_links":{"self":[{"href":"https:\/\/www.zunoticia.com\/noticias-de-hidalgo\/wp-json\/wp\/v2\/posts\/494442","targetHints":{"allow":["GET"]}}],"collection":[{"href":"https:\/\/www.zunoticia.com\/noticias-de-hidalgo\/wp-json\/wp\/v2\/posts"}],"about":[{"href":"https:\/\/www.zunoticia.com\/noticias-de-hidalgo\/wp-json\/wp\/v2\/types\/post"}],"author":[{"embeddable":true,"href":"https:\/\/www.zunoticia.com\/noticias-de-hidalgo\/wp-json\/wp\/v2\/users\/12"}],"replies":[{"embeddable":true,"href":"https:\/\/www.zunoticia.com\/noticias-de-hidalgo\/wp-json\/wp\/v2\/comments?post=494442"}],"version-history":[{"count":2,"href":"https:\/\/www.zunoticia.com\/noticias-de-hidalgo\/wp-json\/wp\/v2\/posts\/494442\/revisions"}],"predecessor-version":[{"id":494447,"href":"https:\/\/www.zunoticia.com\/noticias-de-hidalgo\/wp-json\/wp\/v2\/posts\/494442\/revisions\/494447"}],"wp:featuredmedia":[{"embeddable":true,"href":"https:\/\/www.zunoticia.com\/noticias-de-hidalgo\/wp-json\/wp\/v2\/media\/494417"}],"wp:attachment":[{"href":"https:\/\/www.zunoticia.com\/noticias-de-hidalgo\/wp-json\/wp\/v2\/media?parent=494442"}],"wp:term":[{"taxonomy":"category","embeddable":true,"href":"https:\/\/www.zunoticia.com\/noticias-de-hidalgo\/wp-json\/wp\/v2\/categories?post=494442"},{"taxonomy":"post_tag","embeddable":true,"href":"https:\/\/www.zunoticia.com\/noticias-de-hidalgo\/wp-json\/wp\/v2\/tags?post=494442"}],"curies":[{"name":"wp","href":"https:\/\/api.w.org\/{rel}","templated":true}]}}