{"id":494449,"date":"2023-07-17T21:23:33","date_gmt":"2023-07-18T03:23:33","guid":{"rendered":"https:\/\/www.zunoticia.com\/noticias-de-hidalgo\/?p=494449"},"modified":"2023-07-17T21:23:35","modified_gmt":"2023-07-18T03:23:35","slug":"suspenden-terminos-por-el-periodo-vacacional-de-personal-de-los-juzgados","status":"publish","type":"post","link":"https:\/\/www.zunoticia.com\/noticias-de-hidalgo\/2023\/07\/17\/suspenden-terminos-por-el-periodo-vacacional-de-personal-de-los-juzgados\/","title":{"rendered":"Suspenden t\u00e9rminos por el periodo vacacional de personal de los Juzgados"},"content":{"rendered":"<aside class=\"mashsb-container mashsb-main mashsb-stretched\"><div class=\"mashsb-box\"><div class=\"mashsb-count mash-large\" style=\"float:left\"><div class=\"counts mashsbcount\">0<\/div><span class=\"mashsb-sharetext\">SHARES<\/span><\/div><div class=\"mashsb-buttons\"><a class=\"mashicon-facebook mash-large mash-center mashsb-noshadow\" href=\"https:\/\/www.facebook.com\/sharer.php?u=https%3A%2F%2Fwww.zunoticia.com%2Fnoticias-de-hidalgo%2F2023%2F07%2F17%2Fsuspenden-terminos-por-el-periodo-vacacional-de-personal-de-los-juzgados%2F\" target=\"_top\" rel=\"nofollow\"><span class=\"icon\"><\/span><span class=\"text\">Share<\/span><\/a><a class=\"mashicon-twitter mash-large mash-center mashsb-noshadow\" href=\"https:\/\/twitter.com\/intent\/tweet?text=&amp;url=https:\/\/www.zunoticia.com\/noticias-de-hidalgo\/2023\/07\/17\/suspenden-terminos-por-el-periodo-vacacional-de-personal-de-los-juzgados\/\" target=\"_top\" rel=\"nofollow\"><span class=\"icon\"><\/span><span class=\"text\">Tweet<\/span><\/a><div class=\"onoffswitch2 mash-large mashsb-noshadow\" style=\"display:none\"><\/div><\/div>\n            <\/div>\n                <div style=\"clear:both\"><\/div><div class=\"mashsb-toggle-container\"><\/div><\/aside>\n            <!-- Share buttons by mashshare.net - Version: 4.0.47-->\n<p><em>Por Enedino Hern\u00e1ndez\/Zunoticia<\/em><\/p>\n\n\n\n<p><strong>Huejutla, Hgo.-<\/strong> Debido al periodo vacacional que se tiene del 17 al 31 de julio de parte del personal del Poder Judicial del Estado de Hidalgo, como son los juzgados; se suspenden los t\u00e9rminos correspondientes y solo se dejan guardias para atender casos de urgencia, confirma el abogado, Jairo Alfonso Mar Reyes.<\/p>\n\n\n\n<p>Dijo que los Juzgados y los trabajadores del Poder Judicial de Hidalgo, estar\u00e1n de periodo vacacional del 17 al 31 de julio, por lo que los t\u00e9rminos se reanudar\u00e1n hasta el regreso de su periodo vacacional; \u201cse nos ha dicho que solo se tendr\u00e1n guardias en materia penal, o en situaciones del pago de alimentos por el inter\u00e9s superior del menor\u201d.<\/p>\n\n\n\n<p>Detalla que \u201cson dos semanas del periodo vacacional de verano del personal de los juzgados; por lo que durante estos d\u00edas los abogados tendr\u00e1n tiempo para contestar alguna demanda, adem\u00e1s de que se puede aprovechar el tiempo para hacer cursos, diplomados, actualizarnos en diversas materias\u201d.<\/p>\n\n\n\n<p>Jairo Alfonso Mar Reyes se\u00f1ala que, los abogados se mantienen siempre muy atentos y en guardia para atender las situaciones que se pudieran presentar por casos de emergencia, pues como defensores del derecho siempre deben de estar al tanto para defender a quien as\u00ed lo requiera.<\/p>\n","protected":false},"excerpt":{"rendered":"<p>Por Enedino Hern\u00e1ndez\/Zunoticia Huejutla, Hgo.- Debido al periodo vacacional que se tiene del 17 al 31 de julio de parte del personal del Poder Judicial del Estado de Hidalgo, como son los juzgados; se suspenden los t\u00e9rminos correspondientes y solo se dejan guardias para atender casos de urgencia, confirma el abogado, Jairo Alfonso Mar Reyes.&hellip; <a class=\"more-link\" href=\"https:\/\/www.zunoticia.com\/noticias-de-hidalgo\/2023\/07\/17\/suspenden-terminos-por-el-periodo-vacacional-de-personal-de-los-juzgados\/\">Seguir leyendo <span class=\"screen-reader-text\">Suspenden t\u00e9rminos por el periodo vacacional de personal de los Juzgados<\/span><\/a><\/p>\n","protected":false},"author":12,"featured_media":494416,"comment_status":"closed","ping_status":"open","sticky":false,"template":"","format":"standard","meta":{"rop_custom_images_group":[],"rop_custom_messages_group":[],"rop_publish_now":"initial","rop_publish_now_accounts":{"facebook_10159540855086992_322828327761733":""},"rop_publish_now_history":[],"rop_publish_now_status":"pending","footnotes":""},"categories":[181],"tags":[121],"class_list":["post-494449","post","type-post","status-publish","format-standard","has-post-thumbnail","hentry","category-huejutla","tag-huejutla","entry"],"_links":{"self":[{"href":"https:\/\/www.zunoticia.com\/noticias-de-hidalgo\/wp-json\/wp\/v2\/posts\/494449","targetHints":{"allow":["GET"]}}],"collection":[{"href":"https:\/\/www.zunoticia.com\/noticias-de-hidalgo\/wp-json\/wp\/v2\/posts"}],"about":[{"href":"https:\/\/www.zunoticia.com\/noticias-de-hidalgo\/wp-json\/wp\/v2\/types\/post"}],"author":[{"embeddable":true,"href":"https:\/\/www.zunoticia.com\/noticias-de-hidalgo\/wp-json\/wp\/v2\/users\/12"}],"replies":[{"embeddable":true,"href":"https:\/\/www.zunoticia.com\/noticias-de-hidalgo\/wp-json\/wp\/v2\/comments?post=494449"}],"version-history":[{"count":1,"href":"https:\/\/www.zunoticia.com\/noticias-de-hidalgo\/wp-json\/wp\/v2\/posts\/494449\/revisions"}],"predecessor-version":[{"id":494450,"href":"https:\/\/www.zunoticia.com\/noticias-de-hidalgo\/wp-json\/wp\/v2\/posts\/494449\/revisions\/494450"}],"wp:featuredmedia":[{"embeddable":true,"href":"https:\/\/www.zunoticia.com\/noticias-de-hidalgo\/wp-json\/wp\/v2\/media\/494416"}],"wp:attachment":[{"href":"https:\/\/www.zunoticia.com\/noticias-de-hidalgo\/wp-json\/wp\/v2\/media?parent=494449"}],"wp:term":[{"taxonomy":"category","embeddable":true,"href":"https:\/\/www.zunoticia.com\/noticias-de-hidalgo\/wp-json\/wp\/v2\/categories?post=494449"},{"taxonomy":"post_tag","embeddable":true,"href":"https:\/\/www.zunoticia.com\/noticias-de-hidalgo\/wp-json\/wp\/v2\/tags?post=494449"}],"curies":[{"name":"wp","href":"https:\/\/api.w.org\/{rel}","templated":true}]}}