{"id":494459,"date":"2023-07-17T23:58:04","date_gmt":"2023-07-18T05:58:04","guid":{"rendered":"https:\/\/www.zunoticia.com\/noticias-de-hidalgo\/?p=494459"},"modified":"2023-07-17T23:58:07","modified_gmt":"2023-07-18T05:58:07","slug":"espejeando-por-perseo-703","status":"publish","type":"post","link":"https:\/\/www.zunoticia.com\/noticias-de-hidalgo\/2023\/07\/17\/espejeando-por-perseo-703\/","title":{"rendered":"ESPEJEANDO por Perseo"},"content":{"rendered":"<aside class=\"mashsb-container mashsb-main mashsb-stretched\"><div class=\"mashsb-box\"><div class=\"mashsb-count mash-large\" style=\"float:left\"><div class=\"counts mashsbcount\">56<\/div><span class=\"mashsb-sharetext\">SHARES<\/span><\/div><div class=\"mashsb-buttons\"><a class=\"mashicon-facebook mash-large mash-center mashsb-noshadow\" href=\"https:\/\/www.facebook.com\/sharer.php?u=https%3A%2F%2Fwww.zunoticia.com%2Fnoticias-de-hidalgo%2F2023%2F07%2F17%2Fespejeando-por-perseo-703%2F\" target=\"_top\" rel=\"nofollow\"><span class=\"icon\"><\/span><span class=\"text\">Share<\/span><\/a><a class=\"mashicon-twitter mash-large mash-center mashsb-noshadow\" href=\"https:\/\/twitter.com\/intent\/tweet?text=&amp;url=https:\/\/www.zunoticia.com\/noticias-de-hidalgo\/2023\/07\/17\/espejeando-por-perseo-703\/\" target=\"_top\" rel=\"nofollow\"><span class=\"icon\"><\/span><span class=\"text\">Tweet<\/span><\/a><div class=\"onoffswitch2 mash-large mashsb-noshadow\" style=\"display:none\"><\/div><\/div>\n            <\/div>\n                <div style=\"clear:both\"><\/div><div class=\"mashsb-toggle-container\"><\/div><\/aside>\n            <!-- Share buttons by mashshare.net - Version: 4.0.47-->\n<p>\u2022 GRAVES ACUSACIONES del Arquitecto Carlos Escamilla Ramirez quien es residente de la obra de la Universidad Benito Ju\u00e1rez de Huitzizilingo, contra el Coordinador de la instituci\u00f3n, y el tema que presenta en el escrito es delicado, por supuesto que la explicaci\u00f3n del arquitecto es muy grave porque no lo hace cualquier vecino, lo realiza un profesionista que deber\u00e1 tener razones para hacerlo y esto ya es competencia legal, porque ya el anterior Director de esa instituci\u00f3n se fue porque andaba supuestamente&nbsp; noviando con una estudiante, que si bien son adultos, debe haber recato, prudencia y \u00e9tica.<\/p>\n\n\n\n<p>\u2022 TENEMOS PROBLEMAS graves con una intensa sequ\u00eda que esperemos pronto desaparezca, porque los pozos se comenzaron a secar en las comunidades altas de Yahualica, Huazalingo, Huautla, Xochiatipan y Atlapexco, si no nos cae agua en breve se agravar\u00e1 el momento de la sequ\u00eda que pudiera pasar a severa y los r\u00edos est\u00e1n semi secos.<\/p>\n\n\n\n<p>\u2022 En algunos tramos de los afluentes ya no hay agua corriente, est\u00e1 estancada y estamos en tiempos de huracanes, esto obliga a estar pendientes porque de un extremo pudi\u00e9ramos pasar a otro con exceso de agua lluvia, granizo, tormentas y riesgos en r\u00edos y arroyos.<\/p>\n\n\n\n<p>\u2022 Por lo anterior expuesto los \u00f3rganos de Protecci\u00f3n Civil municipal y estatal deben estar preparados y atentos, coordinados porque son corresponsables de la actuaci\u00f3n preventiva y activa tras una conflagraci\u00f3n de cualquier tipo.<\/p>\n\n\n\n<p>\u2022 Las \u00e1reas de Protecci\u00f3n Civil deben estar capacitados, contar con certificaci\u00f3n de que saben lo que deben hacer, porque a\u00fan quedan dudas.<\/p>\n\n\n\n<p>\u2022 Requieren de capacitaci\u00f3n permanente, no han mostrado a cabalidad que est\u00e9n dentro de un rango de coordinaci\u00f3n regional, es mejor que la sociedad por su cuenta pueda hacer tambi\u00e9n por aprender, a saber c\u00f3mo actuar ante alguna contingencia.<\/p>\n\n\n\n<p>\u2022 Para los desinformados, el Frente Orizatlense es una expresi\u00f3n pol\u00edtica y social donde 4 ciudadanos est\u00e1n buscando ser parte de los comit\u00e9s de Defensa de la Cuarta Transformaci\u00f3n y esta expresi\u00f3n est\u00e1 generando adeptos, primero porque la gente de las comunidades ya entendieron la lectura del proyecto de la Cuarta Transformaci\u00f3n de Andr\u00e9s Manuel L\u00f3pez Obrador y veamos, en este municipio por Morena aspiran varios m\u00e1s, algunos navegan como proyecto social, de abajo, otros desde hace rato aterrizan proyectos entre la sociedad, por eso el Frente Orizatlense trae objetivos de cambiar el sentido de la propuesta pol\u00edtica del pueblo, aunque finalmente, lo que cambia es la estrategia, el objetivo sigue siendo el mismo, encabezar dentro de esos cuatro personajes, la candidatura municipal de la 4T.<\/p>\n\n\n\n<figure class=\"wp-block-image size-large\"><img fetchpriority=\"high\" decoding=\"async\" width=\"1024\" height=\"965\" src=\"https:\/\/www.zunoticia.com\/noticias-de-hidalgo\/wp-content\/uploads\/2023\/07\/Imagen-de-WhatsApp-2023-07-17-a-las-23.42.03-1024x965.jpg\" alt=\"\" class=\"wp-image-494465\" srcset=\"https:\/\/www.zunoticia.com\/noticias-de-hidalgo\/wp-content\/uploads\/2023\/07\/Imagen-de-WhatsApp-2023-07-17-a-las-23.42.03-1024x965.jpg 1024w, https:\/\/www.zunoticia.com\/noticias-de-hidalgo\/wp-content\/uploads\/2023\/07\/Imagen-de-WhatsApp-2023-07-17-a-las-23.42.03-300x283.jpg 300w, https:\/\/www.zunoticia.com\/noticias-de-hidalgo\/wp-content\/uploads\/2023\/07\/Imagen-de-WhatsApp-2023-07-17-a-las-23.42.03-768x724.jpg 768w, https:\/\/www.zunoticia.com\/noticias-de-hidalgo\/wp-content\/uploads\/2023\/07\/Imagen-de-WhatsApp-2023-07-17-a-las-23.42.03.jpg 1188w\" sizes=\"(max-width: 1024px) 100vw, 1024px\" \/><\/figure>\n","protected":false},"excerpt":{"rendered":"<p>\u2022 GRAVES ACUSACIONES del Arquitecto Carlos Escamilla Ramirez quien es residente de la obra de la Universidad Benito Ju\u00e1rez de Huitzizilingo, contra el Coordinador de la instituci\u00f3n, y el tema que presenta en el escrito es delicado, por supuesto que la explicaci\u00f3n del arquitecto es muy grave porque no lo hace cualquier vecino, lo realiza&hellip; <a class=\"more-link\" href=\"https:\/\/www.zunoticia.com\/noticias-de-hidalgo\/2023\/07\/17\/espejeando-por-perseo-703\/\">Seguir leyendo <span class=\"screen-reader-text\">ESPEJEANDO por Perseo<\/span><\/a><\/p>\n","protected":false},"author":12,"featured_media":494466,"comment_status":"closed","ping_status":"open","sticky":false,"template":"","format":"standard","meta":{"rop_custom_images_group":[],"rop_custom_messages_group":[],"rop_publish_now":"initial","rop_publish_now_accounts":{"facebook_10159540855086992_322828327761733":""},"rop_publish_now_history":[],"rop_publish_now_status":"pending","footnotes":""},"categories":[176],"tags":[205],"class_list":["post-494459","post","type-post","status-publish","format-standard","has-post-thumbnail","hentry","category-espejeando","tag-espejeando","entry"],"_links":{"self":[{"href":"https:\/\/www.zunoticia.com\/noticias-de-hidalgo\/wp-json\/wp\/v2\/posts\/494459","targetHints":{"allow":["GET"]}}],"collection":[{"href":"https:\/\/www.zunoticia.com\/noticias-de-hidalgo\/wp-json\/wp\/v2\/posts"}],"about":[{"href":"https:\/\/www.zunoticia.com\/noticias-de-hidalgo\/wp-json\/wp\/v2\/types\/post"}],"author":[{"embeddable":true,"href":"https:\/\/www.zunoticia.com\/noticias-de-hidalgo\/wp-json\/wp\/v2\/users\/12"}],"replies":[{"embeddable":true,"href":"https:\/\/www.zunoticia.com\/noticias-de-hidalgo\/wp-json\/wp\/v2\/comments?post=494459"}],"version-history":[{"count":1,"href":"https:\/\/www.zunoticia.com\/noticias-de-hidalgo\/wp-json\/wp\/v2\/posts\/494459\/revisions"}],"predecessor-version":[{"id":494469,"href":"https:\/\/www.zunoticia.com\/noticias-de-hidalgo\/wp-json\/wp\/v2\/posts\/494459\/revisions\/494469"}],"wp:featuredmedia":[{"embeddable":true,"href":"https:\/\/www.zunoticia.com\/noticias-de-hidalgo\/wp-json\/wp\/v2\/media\/494466"}],"wp:attachment":[{"href":"https:\/\/www.zunoticia.com\/noticias-de-hidalgo\/wp-json\/wp\/v2\/media?parent=494459"}],"wp:term":[{"taxonomy":"category","embeddable":true,"href":"https:\/\/www.zunoticia.com\/noticias-de-hidalgo\/wp-json\/wp\/v2\/categories?post=494459"},{"taxonomy":"post_tag","embeddable":true,"href":"https:\/\/www.zunoticia.com\/noticias-de-hidalgo\/wp-json\/wp\/v2\/tags?post=494459"}],"curies":[{"name":"wp","href":"https:\/\/api.w.org\/{rel}","templated":true}]}}