{"id":494650,"date":"2023-07-19T00:20:53","date_gmt":"2023-07-19T06:20:53","guid":{"rendered":"https:\/\/www.zunoticia.com\/noticias-de-hidalgo\/?p=494650"},"modified":"2023-07-19T00:23:33","modified_gmt":"2023-07-19T06:23:33","slug":"espejeando-por-perseo-704","status":"publish","type":"post","link":"https:\/\/www.zunoticia.com\/noticias-de-hidalgo\/2023\/07\/19\/espejeando-por-perseo-704\/","title":{"rendered":"ESPEJEANDO por Perseo"},"content":{"rendered":"<aside class=\"mashsb-container mashsb-main mashsb-stretched\"><div class=\"mashsb-box\"><div class=\"mashsb-count mash-large\" style=\"float:left\"><div class=\"counts mashsbcount\">68<\/div><span class=\"mashsb-sharetext\">SHARES<\/span><\/div><div class=\"mashsb-buttons\"><a class=\"mashicon-facebook mash-large mash-center mashsb-noshadow\" href=\"https:\/\/www.facebook.com\/sharer.php?u=https%3A%2F%2Fwww.zunoticia.com%2Fnoticias-de-hidalgo%2F2023%2F07%2F19%2Fespejeando-por-perseo-704%2F\" target=\"_top\" rel=\"nofollow\"><span class=\"icon\"><\/span><span class=\"text\">Share<\/span><\/a><a class=\"mashicon-twitter mash-large mash-center mashsb-noshadow\" href=\"https:\/\/twitter.com\/intent\/tweet?text=&amp;url=https:\/\/www.zunoticia.com\/noticias-de-hidalgo\/2023\/07\/19\/espejeando-por-perseo-704\/\" target=\"_top\" rel=\"nofollow\"><span class=\"icon\"><\/span><span class=\"text\">Tweet<\/span><\/a><div class=\"onoffswitch2 mash-large mashsb-noshadow\" style=\"display:none\"><\/div><\/div>\n            <\/div>\n                <div style=\"clear:both\"><\/div><div class=\"mashsb-toggle-container\"><\/div><\/aside>\n            <!-- Share buttons by mashshare.net - Version: 4.0.47-->\n<p>\u2022 \u00bfY QUI\u00c9N ES EL se\u00f1or Inteligencia Artificial? Porque ahora que vienen los candidatos federales a la huasteca vienen a hablar del proyecto &#8220;\u00c1ngel&#8221; que es en materia de seguridad un excelente instrumento de seguridad y servicio contra el Crimen Organizado para enfrentar el flagelo de la delincuencia que el abanderado Marcelo Ebrard ha puesto en la mesa buscando poner al pa\u00eds a la vanguardia, que no dudamos en su capacidad, mucho menos de la existencia de un modelo que en pa\u00edses desarrollados como en Europa ya opera.<\/p>\n\n\n\n<p>\u2022 No se duda en la viabilidad de algo tan importante mucho menos que en M\u00e9xico este instrumento pueda dar los resultados esperados, pero en nuestras huastecas, donde el hambre y la desesperanza est\u00e1 puesta en tener servicios b\u00e1sicos de alumbrado p\u00fablico, Internet que no tenemos, estos dos factores deficientes, adem\u00e1s no somos una regi\u00f3n de producci\u00f3n rural con est\u00e1ndares de generadores de alimentos.<\/p>\n\n\n\n<p>\u2022 Agua potable que impacte favorablemente a la sociedad con una Estaci\u00f3n de Tratamiento de Agua Potable Regional donde podamos tomar agua de la llave, falta un Centro Industrial de Manejo de Residuos S\u00f3lidos, la operaci\u00f3n de las Plantas Tratadoras de Aguas Residuales Grises, todo concerniente en la salud p\u00fablica. Hospitales de segundo y tercer nivel, medicamentos, transporte y carreteras seguras y eficientes.<\/p>\n\n\n\n<p>\u2022 Pensar en un proyecto de avanzada progresista y de evoluci\u00f3n en materia de seguridad est\u00e1 bien, pero no es nuestra prioridad de la huasteca porque la realidad es que como podemos ser v\u00edctimas de la delincuencia tambi\u00e9n podemos morir al no haber asistencia m\u00e9dica en tiempo y forma, al no contar con medicamentos al alcance del pueblo, sino no hay dinero no hay manera, y prueba de lo anterior es nuestra realidad, mientras nos hablan de inteligencia artificial tenemos el contraste que nuestra gente no conoce ni el gas licuado y cocina con m\u00e9todos de le\u00f1a.<\/p>\n\n\n\n<p>\u2022 La visita del senador de la Rep\u00fablica, Primo Doth\u00e9 Mata, a Huejutla, invitado por una de las corrientes nacionales que encabeza el alcalde de Chalma, Jorge Flores, para hablar a la prensa sobre el proyecto \u201c\u00c1ngel\u201d de Marcelo Ebrard, pues quiz\u00e1 no est\u00e1n midiendo el terreno que pisan, la gente quiere conocer si podr\u00e1 tener econom\u00eda para subsanar sus necesidades precarias, las del d\u00eda a d\u00eda, no que les proyecten en su futuro, si no est\u00e1 apegado a la realidad dif\u00edcilmente pueda funcionar.<\/p>\n\n\n\n<p>\u2022 Marcelo Ebrard es un tipo ejemplar, un sujeto que en su libro El Camino de M\u00e9xico se retrata de cuerpo entero, pero sino entienden que cada pedazo de M\u00e9xico tiene una realidad diferente, seguir\u00e1n en pasos perdidos.<\/p>\n\n\n<div class=\"wp-block-image\">\n<figure class=\"aligncenter size-large\"><img fetchpriority=\"high\" decoding=\"async\" width=\"575\" height=\"1024\" src=\"https:\/\/www.zunoticia.com\/noticias-de-hidalgo\/wp-content\/uploads\/2023\/07\/Imagen-de-WhatsApp-2023-07-18-a-las-23.13.29-575x1024.jpg\" alt=\"\" class=\"wp-image-494651\" srcset=\"https:\/\/www.zunoticia.com\/noticias-de-hidalgo\/wp-content\/uploads\/2023\/07\/Imagen-de-WhatsApp-2023-07-18-a-las-23.13.29-575x1024.jpg 575w, https:\/\/www.zunoticia.com\/noticias-de-hidalgo\/wp-content\/uploads\/2023\/07\/Imagen-de-WhatsApp-2023-07-18-a-las-23.13.29-169x300.jpg 169w, https:\/\/www.zunoticia.com\/noticias-de-hidalgo\/wp-content\/uploads\/2023\/07\/Imagen-de-WhatsApp-2023-07-18-a-las-23.13.29-768x1367.jpg 768w, https:\/\/www.zunoticia.com\/noticias-de-hidalgo\/wp-content\/uploads\/2023\/07\/Imagen-de-WhatsApp-2023-07-18-a-las-23.13.29-863x1536.jpg 863w, https:\/\/www.zunoticia.com\/noticias-de-hidalgo\/wp-content\/uploads\/2023\/07\/Imagen-de-WhatsApp-2023-07-18-a-las-23.13.29.jpg 899w\" sizes=\"(max-width: 575px) 100vw, 575px\" \/><\/figure>\n<\/div>","protected":false},"excerpt":{"rendered":"<p>\u2022 \u00bfY QUI\u00c9N ES EL se\u00f1or Inteligencia Artificial? Porque ahora que vienen los candidatos federales a la huasteca vienen a hablar del proyecto &#8220;\u00c1ngel&#8221; que es en materia de seguridad un excelente instrumento de seguridad y servicio contra el Crimen Organizado para enfrentar el flagelo de la delincuencia que el abanderado Marcelo Ebrard ha puesto&hellip; <a class=\"more-link\" href=\"https:\/\/www.zunoticia.com\/noticias-de-hidalgo\/2023\/07\/19\/espejeando-por-perseo-704\/\">Seguir leyendo <span class=\"screen-reader-text\">ESPEJEANDO por Perseo<\/span><\/a><\/p>\n","protected":false},"author":12,"featured_media":494652,"comment_status":"closed","ping_status":"open","sticky":false,"template":"","format":"standard","meta":{"rop_custom_images_group":[],"rop_custom_messages_group":[],"rop_publish_now":"initial","rop_publish_now_accounts":{"facebook_10159540855086992_322828327761733":""},"rop_publish_now_history":[],"rop_publish_now_status":"pending","footnotes":""},"categories":[176],"tags":[205],"class_list":["post-494650","post","type-post","status-publish","format-standard","has-post-thumbnail","hentry","category-espejeando","tag-espejeando","entry"],"_links":{"self":[{"href":"https:\/\/www.zunoticia.com\/noticias-de-hidalgo\/wp-json\/wp\/v2\/posts\/494650","targetHints":{"allow":["GET"]}}],"collection":[{"href":"https:\/\/www.zunoticia.com\/noticias-de-hidalgo\/wp-json\/wp\/v2\/posts"}],"about":[{"href":"https:\/\/www.zunoticia.com\/noticias-de-hidalgo\/wp-json\/wp\/v2\/types\/post"}],"author":[{"embeddable":true,"href":"https:\/\/www.zunoticia.com\/noticias-de-hidalgo\/wp-json\/wp\/v2\/users\/12"}],"replies":[{"embeddable":true,"href":"https:\/\/www.zunoticia.com\/noticias-de-hidalgo\/wp-json\/wp\/v2\/comments?post=494650"}],"version-history":[{"count":2,"href":"https:\/\/www.zunoticia.com\/noticias-de-hidalgo\/wp-json\/wp\/v2\/posts\/494650\/revisions"}],"predecessor-version":[{"id":494654,"href":"https:\/\/www.zunoticia.com\/noticias-de-hidalgo\/wp-json\/wp\/v2\/posts\/494650\/revisions\/494654"}],"wp:featuredmedia":[{"embeddable":true,"href":"https:\/\/www.zunoticia.com\/noticias-de-hidalgo\/wp-json\/wp\/v2\/media\/494652"}],"wp:attachment":[{"href":"https:\/\/www.zunoticia.com\/noticias-de-hidalgo\/wp-json\/wp\/v2\/media?parent=494650"}],"wp:term":[{"taxonomy":"category","embeddable":true,"href":"https:\/\/www.zunoticia.com\/noticias-de-hidalgo\/wp-json\/wp\/v2\/categories?post=494650"},{"taxonomy":"post_tag","embeddable":true,"href":"https:\/\/www.zunoticia.com\/noticias-de-hidalgo\/wp-json\/wp\/v2\/tags?post=494650"}],"curies":[{"name":"wp","href":"https:\/\/api.w.org\/{rel}","templated":true}]}}