{"id":494674,"date":"2023-07-19T14:22:19","date_gmt":"2023-07-19T20:22:19","guid":{"rendered":"https:\/\/www.zunoticia.com\/noticias-de-hidalgo\/?p=494674"},"modified":"2023-07-19T14:25:53","modified_gmt":"2023-07-19T20:25:53","slug":"exhortan-al-dirigente-de-la-ucla-que-verifique-estado-fisico-de-ambulancia","status":"publish","type":"post","link":"https:\/\/www.zunoticia.com\/noticias-de-hidalgo\/2023\/07\/19\/exhortan-al-dirigente-de-la-ucla-que-verifique-estado-fisico-de-ambulancia\/","title":{"rendered":"Exhortan al dirigente de la UCLA que verifique estado f\u00edsico de ambulancia"},"content":{"rendered":"<aside class=\"mashsb-container mashsb-main mashsb-stretched\"><div class=\"mashsb-box\"><div class=\"mashsb-count mash-large\" style=\"float:left\"><div class=\"counts mashsbcount\">0<\/div><span class=\"mashsb-sharetext\">SHARES<\/span><\/div><div class=\"mashsb-buttons\"><a class=\"mashicon-facebook mash-large mash-center mashsb-noshadow\" href=\"https:\/\/www.facebook.com\/sharer.php?u=https%3A%2F%2Fwww.zunoticia.com%2Fnoticias-de-hidalgo%2F2023%2F07%2F19%2Fexhortan-al-dirigente-de-la-ucla-que-verifique-estado-fisico-de-ambulancia%2F\" target=\"_top\" rel=\"nofollow\"><span class=\"icon\"><\/span><span class=\"text\">Share<\/span><\/a><a class=\"mashicon-twitter mash-large mash-center mashsb-noshadow\" href=\"https:\/\/twitter.com\/intent\/tweet?text=&amp;url=https:\/\/www.zunoticia.com\/noticias-de-hidalgo\/2023\/07\/19\/exhortan-al-dirigente-de-la-ucla-que-verifique-estado-fisico-de-ambulancia\/\" target=\"_top\" rel=\"nofollow\"><span class=\"icon\"><\/span><span class=\"text\">Tweet<\/span><\/a><div class=\"onoffswitch2 mash-large mashsb-noshadow\" style=\"display:none\"><\/div><\/div>\n            <\/div>\n                <div style=\"clear:both\"><\/div><div class=\"mashsb-toggle-container\"><\/div><\/aside>\n            <!-- Share buttons by mashshare.net - Version: 4.0.47-->\n<p><em>Por Salvador Altamirano\/Zunoticia<\/em><\/p>\n\n\n\n<p><strong>Huejutla, Hgo<\/strong>.- Al considerar el servicio de ambulancia de car\u00e1cter vital, adheridos a la Uni\u00f3n de Comerciantes Locatarios y Ambulantes (UCLA), exhortan al dirigente Jorge Lara Garc\u00eda, que verifique el estado f\u00edsico de la ambulancia que fue adquirida para tal efecto.<\/p>\n\n\n\n<p>Explicaron que, en el periodo del ex &#8211; secretario general, Guadalupe Franco, con la aportaci\u00f3n de los socios se compr\u00f3 una camioneta Ford F150, color blanco, la cual fue habilitada para traslados de pacientes, pero sin que la entonces dirigencia de la UCLA diera una explicaci\u00f3n a los agremiados, como debi\u00f3 de haber sido, se encuentra desde hace a\u00f1os abandonada en un terreno bald\u00edo de la colonia Valle del Encinal.<\/p>\n\n\n\n<p>Al respecto, Pr\u00f3spero Hern\u00e1ndez Hern\u00e1ndez, explic\u00f3 que esa ambulancia tiene un total de 18 a\u00f1os de estar abandonada, ya que han transcurrido 7 per\u00edodos de secretarios generales y nadie hizo nada para repararla, no obstante, la importancia y necesidad del servicio.<\/p>\n\n\n\n<p>Por tal motivo, aunque ya est\u00e1 por concluir su periodo -dijo-, exigimos al actual dirigente, Jorge Lara, que d\u00e9 cuenta detallada de la situaci\u00f3n, por qu\u00e9 se fue a &#8220;tirar ese mueble&#8221; y no nos dijeron nada a los socios, que fuimos quienes la compramos para traslado de pacientes, incluso de gravedad.<\/p>\n\n\n\n<p>Para finalizar, Hern\u00e1ndez Hern\u00e1ndez subray\u00f3 que, es necesario que la UCLA cuente con servicio de ambulancia, ya que, en caso de un traslado, los familiares del enfermo batallan para conseguir una unidad y si se logra rogando, tienen que aportar al momento para la gasolina, comida para el personal abordo y pago de ch\u00f3fer; y si fuera de la UCLA no se cobrar\u00eda nada o en su defecto, se les prestar\u00eda por el momento para los gastos si es que no tuvieran, y despu\u00e9s los retribuir\u00edan.<\/p>\n\n\n\n<p><\/p>\n","protected":false},"excerpt":{"rendered":"<p>Por Salvador Altamirano\/Zunoticia Huejutla, Hgo.- Al considerar el servicio de ambulancia de car\u00e1cter vital, adheridos a la Uni\u00f3n de Comerciantes Locatarios y Ambulantes (UCLA), exhortan al dirigente Jorge Lara Garc\u00eda, que verifique el estado f\u00edsico de la ambulancia que fue adquirida para tal efecto. Explicaron que, en el periodo del ex &#8211; secretario general, Guadalupe&hellip; <a class=\"more-link\" href=\"https:\/\/www.zunoticia.com\/noticias-de-hidalgo\/2023\/07\/19\/exhortan-al-dirigente-de-la-ucla-que-verifique-estado-fisico-de-ambulancia\/\">Seguir leyendo <span class=\"screen-reader-text\">Exhortan al dirigente de la UCLA que verifique estado f\u00edsico de ambulancia<\/span><\/a><\/p>\n","protected":false},"author":20,"featured_media":494677,"comment_status":"closed","ping_status":"open","sticky":false,"template":"","format":"standard","meta":{"rop_custom_images_group":[],"rop_custom_messages_group":[],"rop_publish_now":"initial","rop_publish_now_accounts":{"facebook_10159540855086992_322828327761733":""},"rop_publish_now_history":[],"rop_publish_now_status":"pending","footnotes":""},"categories":[181],"tags":[121],"class_list":["post-494674","post","type-post","status-publish","format-standard","has-post-thumbnail","hentry","category-huejutla","tag-huejutla","entry"],"_links":{"self":[{"href":"https:\/\/www.zunoticia.com\/noticias-de-hidalgo\/wp-json\/wp\/v2\/posts\/494674","targetHints":{"allow":["GET"]}}],"collection":[{"href":"https:\/\/www.zunoticia.com\/noticias-de-hidalgo\/wp-json\/wp\/v2\/posts"}],"about":[{"href":"https:\/\/www.zunoticia.com\/noticias-de-hidalgo\/wp-json\/wp\/v2\/types\/post"}],"author":[{"embeddable":true,"href":"https:\/\/www.zunoticia.com\/noticias-de-hidalgo\/wp-json\/wp\/v2\/users\/20"}],"replies":[{"embeddable":true,"href":"https:\/\/www.zunoticia.com\/noticias-de-hidalgo\/wp-json\/wp\/v2\/comments?post=494674"}],"version-history":[{"count":2,"href":"https:\/\/www.zunoticia.com\/noticias-de-hidalgo\/wp-json\/wp\/v2\/posts\/494674\/revisions"}],"predecessor-version":[{"id":494678,"href":"https:\/\/www.zunoticia.com\/noticias-de-hidalgo\/wp-json\/wp\/v2\/posts\/494674\/revisions\/494678"}],"wp:featuredmedia":[{"embeddable":true,"href":"https:\/\/www.zunoticia.com\/noticias-de-hidalgo\/wp-json\/wp\/v2\/media\/494677"}],"wp:attachment":[{"href":"https:\/\/www.zunoticia.com\/noticias-de-hidalgo\/wp-json\/wp\/v2\/media?parent=494674"}],"wp:term":[{"taxonomy":"category","embeddable":true,"href":"https:\/\/www.zunoticia.com\/noticias-de-hidalgo\/wp-json\/wp\/v2\/categories?post=494674"},{"taxonomy":"post_tag","embeddable":true,"href":"https:\/\/www.zunoticia.com\/noticias-de-hidalgo\/wp-json\/wp\/v2\/tags?post=494674"}],"curies":[{"name":"wp","href":"https:\/\/api.w.org\/{rel}","templated":true}]}}