{"id":494683,"date":"2023-07-19T16:41:07","date_gmt":"2023-07-19T22:41:07","guid":{"rendered":"https:\/\/www.zunoticia.com\/noticias-de-hidalgo\/?p=494683"},"modified":"2023-07-19T16:41:08","modified_gmt":"2023-07-19T22:41:08","slug":"ayuntamiento-invita-a-campana-de-vacunacion-antirrabica-canina-y-felina","status":"publish","type":"post","link":"https:\/\/www.zunoticia.com\/noticias-de-hidalgo\/2023\/07\/19\/ayuntamiento-invita-a-campana-de-vacunacion-antirrabica-canina-y-felina\/","title":{"rendered":"Ayuntamiento invita a campa\u00f1a de vacunaci\u00f3n antirr\u00e1bica canina y felina"},"content":{"rendered":"<aside class=\"mashsb-container mashsb-main mashsb-stretched\"><div class=\"mashsb-box\"><div class=\"mashsb-count mash-large\" style=\"float:left\"><div class=\"counts mashsbcount\">9<\/div><span class=\"mashsb-sharetext\">SHARES<\/span><\/div><div class=\"mashsb-buttons\"><a class=\"mashicon-facebook mash-large mash-center mashsb-noshadow\" href=\"https:\/\/www.facebook.com\/sharer.php?u=https%3A%2F%2Fwww.zunoticia.com%2Fnoticias-de-hidalgo%2F2023%2F07%2F19%2Fayuntamiento-invita-a-campana-de-vacunacion-antirrabica-canina-y-felina%2F\" target=\"_top\" rel=\"nofollow\"><span class=\"icon\"><\/span><span class=\"text\">Share<\/span><\/a><a class=\"mashicon-twitter mash-large mash-center mashsb-noshadow\" href=\"https:\/\/twitter.com\/intent\/tweet?text=&amp;url=https:\/\/www.zunoticia.com\/noticias-de-hidalgo\/2023\/07\/19\/ayuntamiento-invita-a-campana-de-vacunacion-antirrabica-canina-y-felina\/\" target=\"_top\" rel=\"nofollow\"><span class=\"icon\"><\/span><span class=\"text\">Tweet<\/span><\/a><div class=\"onoffswitch2 mash-large mashsb-noshadow\" style=\"display:none\"><\/div><\/div>\n            <\/div>\n                <div style=\"clear:both\"><\/div><div class=\"mashsb-toggle-container\"><\/div><\/aside>\n            <!-- Share buttons by mashshare.net - Version: 4.0.47-->\n<p><em>Por Salvador Altamirano\/Zunoticia<\/em><\/p>\n\n\n\n<p><strong>Huejutla, Hgo<\/strong>.- Con la finalidad de prevenir el contagio de la rabia en perros y gatos, el ayuntamiento que preside Daniel Andrade Zurutuza, implementar\u00e1 el pr\u00f3ximo viernes (21 de julio), una campa\u00f1a de vacunaci\u00f3n.<\/p>\n\n\n\n<p>La jornada, que tendr\u00e1 efecto de 09:00 a 14:00 horas en la plaza 21 de mayo, se llevar\u00e1 a cabo a trav\u00e9s de la Coordinaci\u00f3n de Medio Ambiente y Recursos Naturales; y del \u00e1rea de Zoonosis de la Jurisdicci\u00f3n Sanitaria X, por lo que se invita a los due\u00f1os de mascotas a que acudan con sus ejemplares.<\/p>\n\n\n\n<p>Al respecto, quien se identific\u00f3 con el nombre de Horacio Natividad Naranjo, refiri\u00f3 que, si un perro o gato se infecta con rabia y se la transmite a otros animales, incluso a personas, puede haber -advirti\u00f3-, graves consecuencias.<\/p>\n\n\n\n<p>Para finalizar, subray\u00f3 que, vacunar a tus mascotas contra la rabia es importante, para protegerlos de la precitada enfermedad y por ende a la salud p\u00fablica en general.<\/p>\n\n\n\n<p><\/p>\n","protected":false},"excerpt":{"rendered":"<p>Por Salvador Altamirano\/Zunoticia Huejutla, Hgo.- Con la finalidad de prevenir el contagio de la rabia en perros y gatos, el ayuntamiento que preside Daniel Andrade Zurutuza, implementar\u00e1 el pr\u00f3ximo viernes (21 de julio), una campa\u00f1a de vacunaci\u00f3n. La jornada, que tendr\u00e1 efecto de 09:00 a 14:00 horas en la plaza 21 de mayo, se llevar\u00e1&hellip; <a class=\"more-link\" href=\"https:\/\/www.zunoticia.com\/noticias-de-hidalgo\/2023\/07\/19\/ayuntamiento-invita-a-campana-de-vacunacion-antirrabica-canina-y-felina\/\">Seguir leyendo <span class=\"screen-reader-text\">Ayuntamiento invita a campa\u00f1a de vacunaci\u00f3n antirr\u00e1bica canina y felina<\/span><\/a><\/p>\n","protected":false},"author":20,"featured_media":494684,"comment_status":"closed","ping_status":"open","sticky":false,"template":"","format":"standard","meta":{"rop_custom_images_group":[],"rop_custom_messages_group":[],"rop_publish_now":"initial","rop_publish_now_accounts":{"facebook_10159540855086992_322828327761733":""},"rop_publish_now_history":[],"rop_publish_now_status":"pending","footnotes":""},"categories":[181],"tags":[121],"class_list":["post-494683","post","type-post","status-publish","format-standard","has-post-thumbnail","hentry","category-huejutla","tag-huejutla","entry"],"_links":{"self":[{"href":"https:\/\/www.zunoticia.com\/noticias-de-hidalgo\/wp-json\/wp\/v2\/posts\/494683","targetHints":{"allow":["GET"]}}],"collection":[{"href":"https:\/\/www.zunoticia.com\/noticias-de-hidalgo\/wp-json\/wp\/v2\/posts"}],"about":[{"href":"https:\/\/www.zunoticia.com\/noticias-de-hidalgo\/wp-json\/wp\/v2\/types\/post"}],"author":[{"embeddable":true,"href":"https:\/\/www.zunoticia.com\/noticias-de-hidalgo\/wp-json\/wp\/v2\/users\/20"}],"replies":[{"embeddable":true,"href":"https:\/\/www.zunoticia.com\/noticias-de-hidalgo\/wp-json\/wp\/v2\/comments?post=494683"}],"version-history":[{"count":1,"href":"https:\/\/www.zunoticia.com\/noticias-de-hidalgo\/wp-json\/wp\/v2\/posts\/494683\/revisions"}],"predecessor-version":[{"id":494685,"href":"https:\/\/www.zunoticia.com\/noticias-de-hidalgo\/wp-json\/wp\/v2\/posts\/494683\/revisions\/494685"}],"wp:featuredmedia":[{"embeddable":true,"href":"https:\/\/www.zunoticia.com\/noticias-de-hidalgo\/wp-json\/wp\/v2\/media\/494684"}],"wp:attachment":[{"href":"https:\/\/www.zunoticia.com\/noticias-de-hidalgo\/wp-json\/wp\/v2\/media?parent=494683"}],"wp:term":[{"taxonomy":"category","embeddable":true,"href":"https:\/\/www.zunoticia.com\/noticias-de-hidalgo\/wp-json\/wp\/v2\/categories?post=494683"},{"taxonomy":"post_tag","embeddable":true,"href":"https:\/\/www.zunoticia.com\/noticias-de-hidalgo\/wp-json\/wp\/v2\/tags?post=494683"}],"curies":[{"name":"wp","href":"https:\/\/api.w.org\/{rel}","templated":true}]}}