{"id":494690,"date":"2023-07-19T17:17:34","date_gmt":"2023-07-19T23:17:34","guid":{"rendered":"https:\/\/www.zunoticia.com\/noticias-de-hidalgo\/?p=494690"},"modified":"2023-07-19T17:17:35","modified_gmt":"2023-07-19T23:17:35","slug":"reconocen-labor-de-personal-del-caic","status":"publish","type":"post","link":"https:\/\/www.zunoticia.com\/noticias-de-hidalgo\/2023\/07\/19\/reconocen-labor-de-personal-del-caic\/","title":{"rendered":"Reconocen labor de personal del CAIC"},"content":{"rendered":"<aside class=\"mashsb-container mashsb-main mashsb-stretched\"><div class=\"mashsb-box\"><div class=\"mashsb-count mash-large\" style=\"float:left\"><div class=\"counts mashsbcount\">14<\/div><span class=\"mashsb-sharetext\">SHARES<\/span><\/div><div class=\"mashsb-buttons\"><a class=\"mashicon-facebook mash-large mash-center mashsb-noshadow\" href=\"https:\/\/www.facebook.com\/sharer.php?u=https%3A%2F%2Fwww.zunoticia.com%2Fnoticias-de-hidalgo%2F2023%2F07%2F19%2Freconocen-labor-de-personal-del-caic%2F\" target=\"_top\" rel=\"nofollow\"><span class=\"icon\"><\/span><span class=\"text\">Share<\/span><\/a><a class=\"mashicon-twitter mash-large mash-center mashsb-noshadow\" href=\"https:\/\/twitter.com\/intent\/tweet?text=&amp;url=https:\/\/www.zunoticia.com\/noticias-de-hidalgo\/2023\/07\/19\/reconocen-labor-de-personal-del-caic\/\" target=\"_top\" rel=\"nofollow\"><span class=\"icon\"><\/span><span class=\"text\">Tweet<\/span><\/a><div class=\"onoffswitch2 mash-large mashsb-noshadow\" style=\"display:none\"><\/div><\/div>\n            <\/div>\n                <div style=\"clear:both\"><\/div><div class=\"mashsb-toggle-container\"><\/div><\/aside>\n            <!-- Share buttons by mashshare.net - Version: 4.0.47-->\n<p><em>Por \u00c1ngel Silverio\/ Zunoticia<\/em><\/p>\n\n\n\n<p><strong>San Felipe Orizatl\u00e1n, Hgo<\/strong>.- El presidente del Sistema Municipal DIF, C\u00e9sar Ra\u00fal Becerra Hern\u00e1ndez, asisti\u00f3 en representaci\u00f3n de la alcaldesa Erika Saab Lara, a la ceremonia de clausura del CAIC, donde reconoci\u00f3 el esfuerzo de las responsables de este centro.<\/p>\n\n\n\n<p>En su mensaje, exhort\u00f3 a los padres de familia a respaldar en todo momento a sus hijos, adem\u00e1s, reconoci\u00f3 el gran trabajo de las educadoras quienes atienden con paciencia, dedicaci\u00f3n y amor a sus alumnos, lo cual se ve reflejado en sus hogares, en la educaci\u00f3n que reciben.<\/p>\n\n\n\n<p>A nombre de su esposa, la alcaldesa Erika Saab Lara, reconoci\u00f3 el trabajo que ha venido realizando el gobierno de Orizatl\u00e1n, por mejorar las condiciones de los centros educativos como el CAIC, y las instituciones de nivel b\u00e1sico y media superior que hay en la demarcaci\u00f3n.<\/p>\n\n\n\n<p>As\u00ed mismo, el presidente del Sistema DIF, por \u00faltimo, dese\u00f3 el mayor de los \u00e9xitos a todos los peque\u00f1os que hoy culminaron su primer escal\u00f3n en su educaci\u00f3n.<\/p>\n","protected":false},"excerpt":{"rendered":"<p>Por \u00c1ngel Silverio\/ Zunoticia San Felipe Orizatl\u00e1n, Hgo.- El presidente del Sistema Municipal DIF, C\u00e9sar Ra\u00fal Becerra Hern\u00e1ndez, asisti\u00f3 en representaci\u00f3n de la alcaldesa Erika Saab Lara, a la ceremonia de clausura del CAIC, donde reconoci\u00f3 el esfuerzo de las responsables de este centro. En su mensaje, exhort\u00f3 a los padres de familia a respaldar&hellip; <a class=\"more-link\" href=\"https:\/\/www.zunoticia.com\/noticias-de-hidalgo\/2023\/07\/19\/reconocen-labor-de-personal-del-caic\/\">Seguir leyendo <span class=\"screen-reader-text\">Reconocen labor de personal del CAIC<\/span><\/a><\/p>\n","protected":false},"author":20,"featured_media":494691,"comment_status":"closed","ping_status":"open","sticky":false,"template":"","format":"standard","meta":{"rop_custom_images_group":[],"rop_custom_messages_group":[],"rop_publish_now":"initial","rop_publish_now_accounts":{"facebook_10159540855086992_322828327761733":""},"rop_publish_now_history":[],"rop_publish_now_status":"pending","footnotes":""},"categories":[180],"tags":[129],"class_list":["post-494690","post","type-post","status-publish","format-standard","has-post-thumbnail","hentry","category-orizatlan","tag-orizatlan","entry"],"_links":{"self":[{"href":"https:\/\/www.zunoticia.com\/noticias-de-hidalgo\/wp-json\/wp\/v2\/posts\/494690","targetHints":{"allow":["GET"]}}],"collection":[{"href":"https:\/\/www.zunoticia.com\/noticias-de-hidalgo\/wp-json\/wp\/v2\/posts"}],"about":[{"href":"https:\/\/www.zunoticia.com\/noticias-de-hidalgo\/wp-json\/wp\/v2\/types\/post"}],"author":[{"embeddable":true,"href":"https:\/\/www.zunoticia.com\/noticias-de-hidalgo\/wp-json\/wp\/v2\/users\/20"}],"replies":[{"embeddable":true,"href":"https:\/\/www.zunoticia.com\/noticias-de-hidalgo\/wp-json\/wp\/v2\/comments?post=494690"}],"version-history":[{"count":1,"href":"https:\/\/www.zunoticia.com\/noticias-de-hidalgo\/wp-json\/wp\/v2\/posts\/494690\/revisions"}],"predecessor-version":[{"id":494692,"href":"https:\/\/www.zunoticia.com\/noticias-de-hidalgo\/wp-json\/wp\/v2\/posts\/494690\/revisions\/494692"}],"wp:featuredmedia":[{"embeddable":true,"href":"https:\/\/www.zunoticia.com\/noticias-de-hidalgo\/wp-json\/wp\/v2\/media\/494691"}],"wp:attachment":[{"href":"https:\/\/www.zunoticia.com\/noticias-de-hidalgo\/wp-json\/wp\/v2\/media?parent=494690"}],"wp:term":[{"taxonomy":"category","embeddable":true,"href":"https:\/\/www.zunoticia.com\/noticias-de-hidalgo\/wp-json\/wp\/v2\/categories?post=494690"},{"taxonomy":"post_tag","embeddable":true,"href":"https:\/\/www.zunoticia.com\/noticias-de-hidalgo\/wp-json\/wp\/v2\/tags?post=494690"}],"curies":[{"name":"wp","href":"https:\/\/api.w.org\/{rel}","templated":true}]}}