{"id":494693,"date":"2023-07-19T17:24:43","date_gmt":"2023-07-19T23:24:43","guid":{"rendered":"https:\/\/www.zunoticia.com\/noticias-de-hidalgo\/?p=494693"},"modified":"2023-07-19T17:24:44","modified_gmt":"2023-07-19T23:24:44","slug":"inician-periodo-vacacional-edificios-escolares-resguardados-por-comites","status":"publish","type":"post","link":"https:\/\/www.zunoticia.com\/noticias-de-hidalgo\/2023\/07\/19\/inician-periodo-vacacional-edificios-escolares-resguardados-por-comites\/","title":{"rendered":"Inician periodo vacacional, edificios escolares resguardados por Comit\u00e9s"},"content":{"rendered":"<aside class=\"mashsb-container mashsb-main mashsb-stretched\"><div class=\"mashsb-box\"><div class=\"mashsb-count mash-large\" style=\"float:left\"><div class=\"counts mashsbcount\">2<\/div><span class=\"mashsb-sharetext\">SHARES<\/span><\/div><div class=\"mashsb-buttons\"><a class=\"mashicon-facebook mash-large mash-center mashsb-noshadow\" href=\"https:\/\/www.facebook.com\/sharer.php?u=https%3A%2F%2Fwww.zunoticia.com%2Fnoticias-de-hidalgo%2F2023%2F07%2F19%2Finician-periodo-vacacional-edificios-escolares-resguardados-por-comites%2F\" target=\"_top\" rel=\"nofollow\"><span class=\"icon\"><\/span><span class=\"text\">Share<\/span><\/a><a class=\"mashicon-twitter mash-large mash-center mashsb-noshadow\" href=\"https:\/\/twitter.com\/intent\/tweet?text=&amp;url=https:\/\/www.zunoticia.com\/noticias-de-hidalgo\/2023\/07\/19\/inician-periodo-vacacional-edificios-escolares-resguardados-por-comites\/\" target=\"_top\" rel=\"nofollow\"><span class=\"icon\"><\/span><span class=\"text\">Tweet<\/span><\/a><div class=\"onoffswitch2 mash-large mashsb-noshadow\" style=\"display:none\"><\/div><\/div>\n            <\/div>\n                <div style=\"clear:both\"><\/div><div class=\"mashsb-toggle-container\"><\/div><\/aside>\n            <!-- Share buttons by mashshare.net - Version: 4.0.47-->\n<p><em>Por Enedino Hern\u00e1ndez\/Zunoticia<\/em><\/p>\n\n\n\n<p><strong>Huejutla, Hgo<\/strong>.- A partir de este mi\u00e9rcoles 19 de julio, de manera oficial inicia el periodo&nbsp; vacacional escolar al concluir el ciclo escolar 2022-2023, por lo que los edificios escolares se mantienen resguardados por los integrantes de los Comit\u00e9s de Padres de Familia.<\/p>\n\n\n\n<p>El director de la Escuela Primaria \u201cBenito Ju\u00e1rez\u201d, de la colonia Centro, Miguel Cruz Reyes, dijo que, en la instituci\u00f3n que representa el lunes se realiz\u00f3 la ceremonia de clausura; posteriormente se llev\u00f3 a cabo la entrega de documentos y a partir de este mi\u00e9rcoles se inicia el periodo vacacional de los alumnos.<\/p>\n\n\n\n<p>Asimismo, dijo, \u201clos maestros contin\u00faan trabajando, en estos d\u00edas se realiza el Consejo T\u00e9cnico y para la siguiente semana se tendr\u00e1 el taller para todos los maestros, en el cual analizar\u00e1n los avances que se alcanzaron en los cuatro ejes formativos\u201d.<\/p>\n\n\n\n<p>Adelant\u00f3 que, el 21 de agosto los maestros regresan a sus escuelas para analizar detalles acerca del plan de trabajo que se habr\u00e1 de aplicar para el siguiente ciclo escolar 2023-2024 y el inicio se ha programado para el 28 del mes de agosto.<\/p>\n\n\n\n<p>Concluy\u00f3 que, con motivo del periodo vacacional escolar, previamente se levanta un acta de entrega con el Comit\u00e9 de Padres de Familia, que son los encargados de resguardar y cuidar las instalaciones educativas durante el periodo vacacional.<\/p>\n\n\n\n<p><\/p>\n","protected":false},"excerpt":{"rendered":"<p>Por Enedino Hern\u00e1ndez\/Zunoticia Huejutla, Hgo.- A partir de este mi\u00e9rcoles 19 de julio, de manera oficial inicia el periodo&nbsp; vacacional escolar al concluir el ciclo escolar 2022-2023, por lo que los edificios escolares se mantienen resguardados por los integrantes de los Comit\u00e9s de Padres de Familia. El director de la Escuela Primaria \u201cBenito Ju\u00e1rez\u201d, de&hellip; <a class=\"more-link\" href=\"https:\/\/www.zunoticia.com\/noticias-de-hidalgo\/2023\/07\/19\/inician-periodo-vacacional-edificios-escolares-resguardados-por-comites\/\">Seguir leyendo <span class=\"screen-reader-text\">Inician periodo vacacional, edificios escolares resguardados por Comit\u00e9s<\/span><\/a><\/p>\n","protected":false},"author":20,"featured_media":494694,"comment_status":"closed","ping_status":"open","sticky":false,"template":"","format":"standard","meta":{"rop_custom_images_group":[],"rop_custom_messages_group":[],"rop_publish_now":"initial","rop_publish_now_accounts":{"facebook_10159540855086992_322828327761733":""},"rop_publish_now_history":[],"rop_publish_now_status":"pending","footnotes":""},"categories":[181],"tags":[121],"class_list":["post-494693","post","type-post","status-publish","format-standard","has-post-thumbnail","hentry","category-huejutla","tag-huejutla","entry"],"_links":{"self":[{"href":"https:\/\/www.zunoticia.com\/noticias-de-hidalgo\/wp-json\/wp\/v2\/posts\/494693","targetHints":{"allow":["GET"]}}],"collection":[{"href":"https:\/\/www.zunoticia.com\/noticias-de-hidalgo\/wp-json\/wp\/v2\/posts"}],"about":[{"href":"https:\/\/www.zunoticia.com\/noticias-de-hidalgo\/wp-json\/wp\/v2\/types\/post"}],"author":[{"embeddable":true,"href":"https:\/\/www.zunoticia.com\/noticias-de-hidalgo\/wp-json\/wp\/v2\/users\/20"}],"replies":[{"embeddable":true,"href":"https:\/\/www.zunoticia.com\/noticias-de-hidalgo\/wp-json\/wp\/v2\/comments?post=494693"}],"version-history":[{"count":1,"href":"https:\/\/www.zunoticia.com\/noticias-de-hidalgo\/wp-json\/wp\/v2\/posts\/494693\/revisions"}],"predecessor-version":[{"id":494695,"href":"https:\/\/www.zunoticia.com\/noticias-de-hidalgo\/wp-json\/wp\/v2\/posts\/494693\/revisions\/494695"}],"wp:featuredmedia":[{"embeddable":true,"href":"https:\/\/www.zunoticia.com\/noticias-de-hidalgo\/wp-json\/wp\/v2\/media\/494694"}],"wp:attachment":[{"href":"https:\/\/www.zunoticia.com\/noticias-de-hidalgo\/wp-json\/wp\/v2\/media?parent=494693"}],"wp:term":[{"taxonomy":"category","embeddable":true,"href":"https:\/\/www.zunoticia.com\/noticias-de-hidalgo\/wp-json\/wp\/v2\/categories?post=494693"},{"taxonomy":"post_tag","embeddable":true,"href":"https:\/\/www.zunoticia.com\/noticias-de-hidalgo\/wp-json\/wp\/v2\/tags?post=494693"}],"curies":[{"name":"wp","href":"https:\/\/api.w.org\/{rel}","templated":true}]}}