{"id":494707,"date":"2023-07-19T17:55:41","date_gmt":"2023-07-19T23:55:41","guid":{"rendered":"https:\/\/www.zunoticia.com\/noticias-de-hidalgo\/?p=494707"},"modified":"2023-07-19T17:55:42","modified_gmt":"2023-07-19T23:55:42","slug":"lamentan-que-no-haya-actividades-por-periodo-vacacional","status":"publish","type":"post","link":"https:\/\/www.zunoticia.com\/noticias-de-hidalgo\/2023\/07\/19\/lamentan-que-no-haya-actividades-por-periodo-vacacional\/","title":{"rendered":"Lamentan que no haya actividades por periodo vacacional"},"content":{"rendered":"<aside class=\"mashsb-container mashsb-main mashsb-stretched\"><div class=\"mashsb-box\"><div class=\"mashsb-count mash-large\" style=\"float:left\"><div class=\"counts mashsbcount\">9<\/div><span class=\"mashsb-sharetext\">SHARES<\/span><\/div><div class=\"mashsb-buttons\"><a class=\"mashicon-facebook mash-large mash-center mashsb-noshadow\" href=\"https:\/\/www.facebook.com\/sharer.php?u=https%3A%2F%2Fwww.zunoticia.com%2Fnoticias-de-hidalgo%2F2023%2F07%2F19%2Flamentan-que-no-haya-actividades-por-periodo-vacacional%2F\" target=\"_top\" rel=\"nofollow\"><span class=\"icon\"><\/span><span class=\"text\">Share<\/span><\/a><a class=\"mashicon-twitter mash-large mash-center mashsb-noshadow\" href=\"https:\/\/twitter.com\/intent\/tweet?text=&amp;url=https:\/\/www.zunoticia.com\/noticias-de-hidalgo\/2023\/07\/19\/lamentan-que-no-haya-actividades-por-periodo-vacacional\/\" target=\"_top\" rel=\"nofollow\"><span class=\"icon\"><\/span><span class=\"text\">Tweet<\/span><\/a><div class=\"onoffswitch2 mash-large mashsb-noshadow\" style=\"display:none\"><\/div><\/div>\n            <\/div>\n                <div style=\"clear:both\"><\/div><div class=\"mashsb-toggle-container\"><\/div><\/aside>\n            <!-- Share buttons by mashshare.net - Version: 4.0.47-->\n<p><em>Por \u00c1ngel Silverio\/ Zunoticia<\/em><\/p>\n\n\n\n<p><strong>Jaltoc\u00e1n, Hgo<\/strong>.- Comerciantes de este municipio, lamentaron que hasta este momento el gobierno municipal, no haya dado a conocer actividades con motivo del periodo vacacional, ya que como siempre aseguran, no se realizar\u00e1 nada para atraer o mejorar el consumo local.<\/p>\n\n\n\n<p>Lucio Romero Hern\u00e1ndez, representante del sector, indic\u00f3 que ya no esperan nada de la actual administraci\u00f3n, \u201cpues nunca hacen algo para atraer visitantes en los periodos vacacionales, es por ello que solo se limitan a invitar a disfrutar de la gastronom\u00eda y de las artesan\u00edas que se ofrecen en este pueblo durante los d\u00edas jueves&#8221;.<\/p>\n\n\n\n<p>&#8220;Lamentable pero as\u00ed es, hasta ahorita no sabemos si se va a realizar alg\u00fan evento, si va a haber actividades deportivas, culturales, como muchos municipios ya lo han anunciado; pero pues aqu\u00ed nada, o sea nunca hay nada, por eso mejor ya ni queremos decir nada, porque nadie hace algo, solo nos toca esperar al d\u00eda de plaza que es el jueves y a ver qu\u00e9 resulta&#8221; indic\u00f3.<\/p>\n\n\n\n<p>Dijo que, muchos de sus compa\u00f1eros tienen que buscar la manera de vender en algunos otros tianguis, que se realizan durante la semana para poder sacar los gastos, ya que estar esperanzados solo al tianguis de los jueves, ya no es redituable para ellos.<\/p>\n","protected":false},"excerpt":{"rendered":"<p>Por \u00c1ngel Silverio\/ Zunoticia Jaltoc\u00e1n, Hgo.- Comerciantes de este municipio, lamentaron que hasta este momento el gobierno municipal, no haya dado a conocer actividades con motivo del periodo vacacional, ya que como siempre aseguran, no se realizar\u00e1 nada para atraer o mejorar el consumo local. Lucio Romero Hern\u00e1ndez, representante del sector, indic\u00f3 que ya no&hellip; <a class=\"more-link\" href=\"https:\/\/www.zunoticia.com\/noticias-de-hidalgo\/2023\/07\/19\/lamentan-que-no-haya-actividades-por-periodo-vacacional\/\">Seguir leyendo <span class=\"screen-reader-text\">Lamentan que no haya actividades por periodo vacacional<\/span><\/a><\/p>\n","protected":false},"author":20,"featured_media":494708,"comment_status":"closed","ping_status":"open","sticky":false,"template":"","format":"standard","meta":{"rop_custom_images_group":[],"rop_custom_messages_group":[],"rop_publish_now":"initial","rop_publish_now_accounts":{"facebook_10159540855086992_322828327761733":""},"rop_publish_now_history":[],"rop_publish_now_status":"pending","footnotes":""},"categories":[200],"tags":[131],"class_list":["post-494707","post","type-post","status-publish","format-standard","has-post-thumbnail","hentry","category-jaltocan","tag-jaltocan","entry"],"_links":{"self":[{"href":"https:\/\/www.zunoticia.com\/noticias-de-hidalgo\/wp-json\/wp\/v2\/posts\/494707","targetHints":{"allow":["GET"]}}],"collection":[{"href":"https:\/\/www.zunoticia.com\/noticias-de-hidalgo\/wp-json\/wp\/v2\/posts"}],"about":[{"href":"https:\/\/www.zunoticia.com\/noticias-de-hidalgo\/wp-json\/wp\/v2\/types\/post"}],"author":[{"embeddable":true,"href":"https:\/\/www.zunoticia.com\/noticias-de-hidalgo\/wp-json\/wp\/v2\/users\/20"}],"replies":[{"embeddable":true,"href":"https:\/\/www.zunoticia.com\/noticias-de-hidalgo\/wp-json\/wp\/v2\/comments?post=494707"}],"version-history":[{"count":1,"href":"https:\/\/www.zunoticia.com\/noticias-de-hidalgo\/wp-json\/wp\/v2\/posts\/494707\/revisions"}],"predecessor-version":[{"id":494709,"href":"https:\/\/www.zunoticia.com\/noticias-de-hidalgo\/wp-json\/wp\/v2\/posts\/494707\/revisions\/494709"}],"wp:featuredmedia":[{"embeddable":true,"href":"https:\/\/www.zunoticia.com\/noticias-de-hidalgo\/wp-json\/wp\/v2\/media\/494708"}],"wp:attachment":[{"href":"https:\/\/www.zunoticia.com\/noticias-de-hidalgo\/wp-json\/wp\/v2\/media?parent=494707"}],"wp:term":[{"taxonomy":"category","embeddable":true,"href":"https:\/\/www.zunoticia.com\/noticias-de-hidalgo\/wp-json\/wp\/v2\/categories?post=494707"},{"taxonomy":"post_tag","embeddable":true,"href":"https:\/\/www.zunoticia.com\/noticias-de-hidalgo\/wp-json\/wp\/v2\/tags?post=494707"}],"curies":[{"name":"wp","href":"https:\/\/api.w.org\/{rel}","templated":true}]}}