{"id":494710,"date":"2023-07-19T18:07:43","date_gmt":"2023-07-20T00:07:43","guid":{"rendered":"https:\/\/www.zunoticia.com\/noticias-de-hidalgo\/?p=494710"},"modified":"2023-07-19T20:38:55","modified_gmt":"2023-07-20T02:38:55","slug":"esta-en-nuestras-manos-hacer-un-estado-prospero-para-las-nuevas-generaciones-edda-vite","status":"publish","type":"post","link":"https:\/\/www.zunoticia.com\/noticias-de-hidalgo\/2023\/07\/19\/esta-en-nuestras-manos-hacer-un-estado-prospero-para-las-nuevas-generaciones-edda-vite\/","title":{"rendered":"Edda Vite y Javier Rodr\u00edguez realizaron \u00faltima Reuni\u00f3n en la regi\u00f3n 12"},"content":{"rendered":"<aside class=\"mashsb-container mashsb-main mashsb-stretched\"><div class=\"mashsb-box\"><div class=\"mashsb-count mash-large\" style=\"float:left\"><div class=\"counts mashsbcount\">18<\/div><span class=\"mashsb-sharetext\">SHARES<\/span><\/div><div class=\"mashsb-buttons\"><a class=\"mashicon-facebook mash-large mash-center mashsb-noshadow\" href=\"https:\/\/www.facebook.com\/sharer.php?u=https%3A%2F%2Fwww.zunoticia.com%2Fnoticias-de-hidalgo%2F2023%2F07%2F19%2Festa-en-nuestras-manos-hacer-un-estado-prospero-para-las-nuevas-generaciones-edda-vite%2F\" target=\"_top\" rel=\"nofollow\"><span class=\"icon\"><\/span><span class=\"text\">Share<\/span><\/a><a class=\"mashicon-twitter mash-large mash-center mashsb-noshadow\" href=\"https:\/\/twitter.com\/intent\/tweet?text=&amp;url=https:\/\/www.zunoticia.com\/noticias-de-hidalgo\/2023\/07\/19\/esta-en-nuestras-manos-hacer-un-estado-prospero-para-las-nuevas-generaciones-edda-vite\/\" target=\"_top\" rel=\"nofollow\"><span class=\"icon\"><\/span><span class=\"text\">Tweet<\/span><\/a><div class=\"onoffswitch2 mash-large mashsb-noshadow\" style=\"display:none\"><\/div><\/div>\n            <\/div>\n                <div style=\"clear:both\"><\/div><div class=\"mashsb-toggle-container\"><\/div><\/aside>\n            <!-- Share buttons by mashshare.net - Version: 4.0.47-->\n<ul class=\"wp-block-list\">\n<li>Exhort\u00f3 a las autoridades de los SMDIF a apostar por la educaci\u00f3n y la prevenci\u00f3n para acortar la brecha de desigualdad.<\/li>\n<\/ul>\n\n\n\n<p><em>Por Redacci\u00f3n\/Zunoticia<\/em><\/p>\n\n\n\n<p><strong>Pachuca de Soto, Hgo<\/strong>.- Edda Vite, presidente del Patronato del DIF Hidalgo, y Javier Rodr\u00edguez, titular del Sistema Estatal, realizaron la \u00faltima Reuni\u00f3n, con cabecera en la regi\u00f3n n\u00famero 12. El encuentro tuvo como objetivo dar a conocer los programas del organismo a quienes encabezan los DIF municipales de Chapulhuac\u00e1n, Jacala, Pacula, Pisaflores, La Misi\u00f3n y Zimap\u00e1n.<\/p>\n\n\n\n<p>Durante su mensaje, Edda Vite asegur\u00f3 que, como resultado del encuentro, el \u00f3rgano a su cargo establecer\u00e1 compromisos, pues el DIF Hidalgo de hoy es una instituci\u00f3n cercana, que escucha a su gente. Enfatiz\u00f3 que no habr\u00e1 lugar a la indolencia ante las carencias del pueblo, ya que la radiograf\u00eda de la Regi\u00f3n arroja altos \u00edndices de marginaci\u00f3n educativa y alta presencia de riesgos psicosociales.<\/p>\n\n\n\n<p>De igual forma, insisti\u00f3 en que deben impulsarse pol\u00edticas p\u00fablicas apegadas a las necesidades de los municipios y sus comunidades, sustentadas en las bondades de cada regi\u00f3n. Por ello, resalt\u00f3 la obligaci\u00f3n de responder a la confianza de quienes los eligieron para gobernar:&nbsp;<\/p>\n\n\n\n<p>\u201cAs\u00ed como nos vamos a comprometer nosotros, eso espero de ustedes: el trabajo real y directo con la gente que m\u00e1s lo necesita. Est\u00e1 en nuestras manos sacar adelante a nuestro estado, est\u00e1 en nuestras manos hacer un Hidalgo pr\u00f3spero. Basta de la marginaci\u00f3n, basta de la pobreza, de la indiferencia de funcionarios; est\u00e1 en nuestras manos hacer la diferencia. Las invito a que luchemos por ese Hidalgo que nos merecemos\u201d.&nbsp;&nbsp;<\/p>\n\n\n\n<p>Por su parte, Javier Rodr\u00edguez reconoci\u00f3 que en esta regi\u00f3n existen grandes \u00e1reas de oportunidad en materia de asistencia social. Por ello, subray\u00f3 que el objetivo de la mesa es plantear estrategias entre el Sistema Estatal y los SMDIF para juntas y juntos superar las diversas dificultades a las que se enfrentan las familias y grupos prioritarios de la zona.&nbsp;<\/p>\n\n\n\n<p>Para concluir la Reuni\u00f3n Regional, las titulares de los Sistemas de Chapulhuac\u00e1n, Jacala, Pacula, Pisaflores, La Misi\u00f3n y Zimap\u00e1n externaron que es la primera vez en la historia que una presidenta del \u00f3rgano estatal realiza una gira de trabajo de esta magnitud, para establecer un di\u00e1logo con las presidentas y presidentes de los sistemas en los 84 municipios. Este cierre de las Reuniones Regionales representa un parteaguas en la generaci\u00f3n de bienestar para los grupos prioritarios de la entidad.<\/p>\n\n\n\n<figure class=\"wp-block-image size-full\"><img fetchpriority=\"high\" decoding=\"async\" width=\"940\" height=\"788\" src=\"https:\/\/www.zunoticia.com\/noticias-de-hidalgo\/wp-content\/uploads\/2023\/07\/Diseno-sin-titulo-1-71.png\" alt=\"\" class=\"wp-image-494712\" srcset=\"https:\/\/www.zunoticia.com\/noticias-de-hidalgo\/wp-content\/uploads\/2023\/07\/Diseno-sin-titulo-1-71.png 940w, https:\/\/www.zunoticia.com\/noticias-de-hidalgo\/wp-content\/uploads\/2023\/07\/Diseno-sin-titulo-1-71-300x251.png 300w, https:\/\/www.zunoticia.com\/noticias-de-hidalgo\/wp-content\/uploads\/2023\/07\/Diseno-sin-titulo-1-71-768x644.png 768w\" sizes=\"(max-width: 940px) 100vw, 940px\" \/><\/figure>\n","protected":false},"excerpt":{"rendered":"<p>Por Redacci\u00f3n\/Zunoticia Pachuca de Soto, Hgo.- Edda Vite, presidente del Patronato del DIF Hidalgo, y Javier Rodr\u00edguez, titular del Sistema Estatal, realizaron la \u00faltima Reuni\u00f3n, con cabecera en la regi\u00f3n n\u00famero 12. El encuentro tuvo como objetivo dar a conocer los programas del organismo a quienes encabezan los DIF municipales de Chapulhuac\u00e1n, Jacala, Pacula, Pisaflores,&hellip; <a class=\"more-link\" href=\"https:\/\/www.zunoticia.com\/noticias-de-hidalgo\/2023\/07\/19\/esta-en-nuestras-manos-hacer-un-estado-prospero-para-las-nuevas-generaciones-edda-vite\/\">Seguir leyendo <span class=\"screen-reader-text\">Edda Vite y Javier Rodr\u00edguez realizaron \u00faltima Reuni\u00f3n en la regi\u00f3n 12<\/span><\/a><\/p>\n","protected":false},"author":20,"featured_media":494711,"comment_status":"closed","ping_status":"open","sticky":false,"template":"","format":"standard","meta":{"rop_custom_images_group":[],"rop_custom_messages_group":[],"rop_publish_now":"initial","rop_publish_now_accounts":{"facebook_10159540855086992_322828327761733":""},"rop_publish_now_history":[],"rop_publish_now_status":"pending","footnotes":""},"categories":[208],"tags":[214],"class_list":["post-494710","post","type-post","status-publish","format-standard","has-post-thumbnail","hentry","category-estado","tag-estado","entry"],"_links":{"self":[{"href":"https:\/\/www.zunoticia.com\/noticias-de-hidalgo\/wp-json\/wp\/v2\/posts\/494710","targetHints":{"allow":["GET"]}}],"collection":[{"href":"https:\/\/www.zunoticia.com\/noticias-de-hidalgo\/wp-json\/wp\/v2\/posts"}],"about":[{"href":"https:\/\/www.zunoticia.com\/noticias-de-hidalgo\/wp-json\/wp\/v2\/types\/post"}],"author":[{"embeddable":true,"href":"https:\/\/www.zunoticia.com\/noticias-de-hidalgo\/wp-json\/wp\/v2\/users\/20"}],"replies":[{"embeddable":true,"href":"https:\/\/www.zunoticia.com\/noticias-de-hidalgo\/wp-json\/wp\/v2\/comments?post=494710"}],"version-history":[{"count":2,"href":"https:\/\/www.zunoticia.com\/noticias-de-hidalgo\/wp-json\/wp\/v2\/posts\/494710\/revisions"}],"predecessor-version":[{"id":494761,"href":"https:\/\/www.zunoticia.com\/noticias-de-hidalgo\/wp-json\/wp\/v2\/posts\/494710\/revisions\/494761"}],"wp:featuredmedia":[{"embeddable":true,"href":"https:\/\/www.zunoticia.com\/noticias-de-hidalgo\/wp-json\/wp\/v2\/media\/494711"}],"wp:attachment":[{"href":"https:\/\/www.zunoticia.com\/noticias-de-hidalgo\/wp-json\/wp\/v2\/media?parent=494710"}],"wp:term":[{"taxonomy":"category","embeddable":true,"href":"https:\/\/www.zunoticia.com\/noticias-de-hidalgo\/wp-json\/wp\/v2\/categories?post=494710"},{"taxonomy":"post_tag","embeddable":true,"href":"https:\/\/www.zunoticia.com\/noticias-de-hidalgo\/wp-json\/wp\/v2\/tags?post=494710"}],"curies":[{"name":"wp","href":"https:\/\/api.w.org\/{rel}","templated":true}]}}