{"id":494727,"date":"2023-07-19T18:44:36","date_gmt":"2023-07-20T00:44:36","guid":{"rendered":"https:\/\/www.zunoticia.com\/noticias-de-hidalgo\/?p=494727"},"modified":"2023-07-19T18:44:37","modified_gmt":"2023-07-20T00:44:37","slug":"sedeco-va-por-cambio-profundo-en-el-sector-economico-de-hidalgo","status":"publish","type":"post","link":"https:\/\/www.zunoticia.com\/noticias-de-hidalgo\/2023\/07\/19\/sedeco-va-por-cambio-profundo-en-el-sector-economico-de-hidalgo\/","title":{"rendered":"Sedeco va por cambio profundo en el sector econ\u00f3mico de Hidalgo"},"content":{"rendered":"<aside class=\"mashsb-container mashsb-main mashsb-stretched\"><div class=\"mashsb-box\"><div class=\"mashsb-count mash-large\" style=\"float:left\"><div class=\"counts mashsbcount\">0<\/div><span class=\"mashsb-sharetext\">SHARES<\/span><\/div><div class=\"mashsb-buttons\"><a class=\"mashicon-facebook mash-large mash-center mashsb-noshadow\" href=\"https:\/\/www.facebook.com\/sharer.php?u=https%3A%2F%2Fwww.zunoticia.com%2Fnoticias-de-hidalgo%2F2023%2F07%2F19%2Fsedeco-va-por-cambio-profundo-en-el-sector-economico-de-hidalgo%2F\" target=\"_top\" rel=\"nofollow\"><span class=\"icon\"><\/span><span class=\"text\">Share<\/span><\/a><a class=\"mashicon-twitter mash-large mash-center mashsb-noshadow\" href=\"https:\/\/twitter.com\/intent\/tweet?text=&amp;url=https:\/\/www.zunoticia.com\/noticias-de-hidalgo\/2023\/07\/19\/sedeco-va-por-cambio-profundo-en-el-sector-economico-de-hidalgo\/\" target=\"_top\" rel=\"nofollow\"><span class=\"icon\"><\/span><span class=\"text\">Tweet<\/span><\/a><div class=\"onoffswitch2 mash-large mashsb-noshadow\" style=\"display:none\"><\/div><\/div>\n            <\/div>\n                <div style=\"clear:both\"><\/div><div class=\"mashsb-toggle-container\"><\/div><\/aside>\n            <!-- Share buttons by mashshare.net - Version: 4.0.47-->\n<ul class=\"wp-block-list\">\n<li>Reconoce titular de INAES la gran visi\u00f3n de Hidalgo&nbsp;para tener un mejor futuro.<\/li>\n<\/ul>\n\n\n\n<p><em>Por Redacci\u00f3n\/Zunoticia<\/em><\/p>\n\n\n\n<p>Pachuca de Soto, Hgo.- Con las aportaciones del primer Seminario \u201cIntroducci\u00f3n a la Econom\u00eda Social y Solidaria como Modelo de Transformaci\u00f3n en la Administraci\u00f3n P\u00fablica\u201d, Hidalgo camina hacia una nueva perspectiva en materia econ\u00f3mica.<\/p>\n\n\n\n<p>En el marco de la inauguraci\u00f3n de esta capacitaci\u00f3n, y con la presencia del director general del Instituto Nacional de la Econom\u00eda Social (INAES), Juan Manuel Mart\u00ednez Louvier, el secretario de Desarrollo Econ\u00f3mico, Carlos Henkel Escorza, resalt\u00f3 que este concepto de econom\u00eda social y solidaria, favorecer\u00e1 a tener m\u00e1s oportunidades e igualdad para las familias; ello apegado a la visi\u00f3n del gobernador Julio Menchaca, de hacer de Hidalgo una potencia.<\/p>\n\n\n\n<p>\u201cBuscamos que todas las regiones se vuelvan productivas, que la riqueza se distribuya equitativamente, apoyar a quienes desean emprender, impulsar los grupos de trabajo y las cooperativas, y en ese sentido el desarrollo econ\u00f3mico beneficie al crecimiento de las comunidades\u201d, enfatiz\u00f3.&nbsp;<\/p>\n\n\n\n<p>A\u00f1adi\u00f3 que ese progreso no debe quedarse solamente en las zonas industrializadas y en los sectores empresariales y sus trabajadores, sino que debe ser incluyente y arropar a todas las regiones, principalmente aquellas con problemas de marginaci\u00f3n.<\/p>\n\n\n\n<p>A su vez, Juan Manuel Mart\u00ednez Louvier, enfatiz\u00f3 que el titular de la Sedeco se distingue por tener la sensibilidad de distinguir que ya toca un cambio profundo en el sector econ\u00f3mico de Hidalgo; y activar las fuerzas productivas son pieza fundamental. \u201cMi reconocimiento por tener una gran visi\u00f3n de un mejor futuro para Hidalgo\u201d, expres\u00f3.<\/p>\n\n\n\n<p>Estim\u00f3 que al compartir el enfoque de la econom\u00eda social al estado de Hidalgo, es el comienzo de un proceso que m\u00e1s all\u00e1 de ser funcionarios p\u00fablicos, sean ciudadanos que buscan un M\u00e9xico m\u00e1s pr\u00f3spero, justo y digno para todas y todos.<\/p>\n\n\n\n<p>En su oportunidad, Alexis Antonio Vera S\u00e1nchez, coordinador general de Operaci\u00f3n, Formaci\u00f3n y Cultura de Econom\u00eda Social del INAES, reconoci\u00f3 la visi\u00f3n del secretario Carlos Henkel de querer un desarrollo econ\u00f3mico diferente para su estado, y en ese sentido el INAES se suma para compartir y enriquecer esa perspectiva a fin de promover un desarrollo m\u00e1s incluyente, m\u00e1s justo, equitativo parejo y democr\u00e1tico.<\/p>\n\n\n\n<p>\u201cEs de los pocos estados del pa\u00eds que han puesto inter\u00e9s en la econom\u00eda social, por ello hoy somos aliados con Hidalgo y se inicia una nueva etapa para el desarrollo econ\u00f3mico estatal al voltear a ver este rubro con seriedad y sumarse a un proyecto econ\u00f3mico que pasar\u00e1 de ser un sector a un vector que atraviese a todos los sectores de la econom\u00eda y sea un eje rector para el bienestar\u201d, expres\u00f3.<\/p>\n\n\n\n<p>En su oportunidad, el subsecretario de Fomento Econ\u00f3mico, Horacio R\u00edos Cano, resalt\u00f3 que este Seminario aportar\u00e1 nuevos mecanismos para que todas aquellas \u00e1reas del gobierno del estado que tienen contacto con la ciudadan\u00eda impulsen iniciativas productivas y posteriormente se conviertan en iniciativas empresariales.<\/p>\n\n\n\n<p>Durante este 19 y 20 de julio, se abordar\u00e1n temas relativos a proyectos productivos y su desarrollo hacia iniciativas eficientes de actividad empresarial; cooperativas de compra y consumo; aspectos de energ\u00eda con visi\u00f3n social y solidaria; cooperativas de ahorro y pr\u00e9stamo; y alternativas de acci\u00f3n social y comunitaria que impliquen un beneficio directo para la poblaci\u00f3n hidalguense.<\/p>\n\n\n\n<p>Participan representantes de diversas dependencias de gobierno, incluyendo el sector de educaci\u00f3n superior, que de alguna manera est\u00e1n relacionadas con la atenci\u00f3n de los sectores sociales, los sectores productivos y la poblaci\u00f3n vulnerable.<\/p>\n\n\n\n<figure class=\"wp-block-image size-full\"><img fetchpriority=\"high\" decoding=\"async\" width=\"940\" height=\"788\" src=\"https:\/\/www.zunoticia.com\/noticias-de-hidalgo\/wp-content\/uploads\/2023\/07\/Diseno-sin-titulo-3-1.png\" alt=\"\" class=\"wp-image-494729\" srcset=\"https:\/\/www.zunoticia.com\/noticias-de-hidalgo\/wp-content\/uploads\/2023\/07\/Diseno-sin-titulo-3-1.png 940w, https:\/\/www.zunoticia.com\/noticias-de-hidalgo\/wp-content\/uploads\/2023\/07\/Diseno-sin-titulo-3-1-300x251.png 300w, https:\/\/www.zunoticia.com\/noticias-de-hidalgo\/wp-content\/uploads\/2023\/07\/Diseno-sin-titulo-3-1-768x644.png 768w\" sizes=\"(max-width: 940px) 100vw, 940px\" \/><\/figure>\n","protected":false},"excerpt":{"rendered":"<p>Por Redacci\u00f3n\/Zunoticia Pachuca de Soto, Hgo.- Con las aportaciones del primer Seminario \u201cIntroducci\u00f3n a la Econom\u00eda Social y Solidaria como Modelo de Transformaci\u00f3n en la Administraci\u00f3n P\u00fablica\u201d, Hidalgo camina hacia una nueva perspectiva en materia econ\u00f3mica. En el marco de la inauguraci\u00f3n de esta capacitaci\u00f3n, y con la presencia del director general del Instituto Nacional&hellip; <a class=\"more-link\" href=\"https:\/\/www.zunoticia.com\/noticias-de-hidalgo\/2023\/07\/19\/sedeco-va-por-cambio-profundo-en-el-sector-economico-de-hidalgo\/\">Seguir leyendo <span class=\"screen-reader-text\">Sedeco va por cambio profundo en el sector econ\u00f3mico de Hidalgo<\/span><\/a><\/p>\n","protected":false},"author":20,"featured_media":494728,"comment_status":"closed","ping_status":"open","sticky":false,"template":"","format":"standard","meta":{"rop_custom_images_group":[],"rop_custom_messages_group":[],"rop_publish_now":"initial","rop_publish_now_accounts":{"facebook_10159540855086992_322828327761733":""},"rop_publish_now_history":[],"rop_publish_now_status":"pending","footnotes":""},"categories":[208],"tags":[214],"class_list":["post-494727","post","type-post","status-publish","format-standard","has-post-thumbnail","hentry","category-estado","tag-estado","entry"],"_links":{"self":[{"href":"https:\/\/www.zunoticia.com\/noticias-de-hidalgo\/wp-json\/wp\/v2\/posts\/494727","targetHints":{"allow":["GET"]}}],"collection":[{"href":"https:\/\/www.zunoticia.com\/noticias-de-hidalgo\/wp-json\/wp\/v2\/posts"}],"about":[{"href":"https:\/\/www.zunoticia.com\/noticias-de-hidalgo\/wp-json\/wp\/v2\/types\/post"}],"author":[{"embeddable":true,"href":"https:\/\/www.zunoticia.com\/noticias-de-hidalgo\/wp-json\/wp\/v2\/users\/20"}],"replies":[{"embeddable":true,"href":"https:\/\/www.zunoticia.com\/noticias-de-hidalgo\/wp-json\/wp\/v2\/comments?post=494727"}],"version-history":[{"count":1,"href":"https:\/\/www.zunoticia.com\/noticias-de-hidalgo\/wp-json\/wp\/v2\/posts\/494727\/revisions"}],"predecessor-version":[{"id":494730,"href":"https:\/\/www.zunoticia.com\/noticias-de-hidalgo\/wp-json\/wp\/v2\/posts\/494727\/revisions\/494730"}],"wp:featuredmedia":[{"embeddable":true,"href":"https:\/\/www.zunoticia.com\/noticias-de-hidalgo\/wp-json\/wp\/v2\/media\/494728"}],"wp:attachment":[{"href":"https:\/\/www.zunoticia.com\/noticias-de-hidalgo\/wp-json\/wp\/v2\/media?parent=494727"}],"wp:term":[{"taxonomy":"category","embeddable":true,"href":"https:\/\/www.zunoticia.com\/noticias-de-hidalgo\/wp-json\/wp\/v2\/categories?post=494727"},{"taxonomy":"post_tag","embeddable":true,"href":"https:\/\/www.zunoticia.com\/noticias-de-hidalgo\/wp-json\/wp\/v2\/tags?post=494727"}],"curies":[{"name":"wp","href":"https:\/\/api.w.org\/{rel}","templated":true}]}}