{"id":494743,"date":"2023-07-19T20:24:49","date_gmt":"2023-07-20T02:24:49","guid":{"rendered":"https:\/\/www.zunoticia.com\/noticias-de-hidalgo\/?p=494743"},"modified":"2023-07-19T20:24:51","modified_gmt":"2023-07-20T02:24:51","slug":"proyectos-de-los-proximos-anos-emanan-de-las-demandas-ciudadanas-miguel-tello","status":"publish","type":"post","link":"https:\/\/www.zunoticia.com\/noticias-de-hidalgo\/2023\/07\/19\/proyectos-de-los-proximos-anos-emanan-de-las-demandas-ciudadanas-miguel-tello\/","title":{"rendered":"Proyectos de los pr\u00f3ximos a\u00f1os emanan de las demandas ciudadanas: Miguel Tello"},"content":{"rendered":"<aside class=\"mashsb-container mashsb-main mashsb-stretched\"><div class=\"mashsb-box\"><div class=\"mashsb-count mash-large\" style=\"float:left\"><div class=\"counts mashsbcount\">1<\/div><span class=\"mashsb-sharetext\">SHARES<\/span><\/div><div class=\"mashsb-buttons\"><a class=\"mashicon-facebook mash-large mash-center mashsb-noshadow\" href=\"https:\/\/www.facebook.com\/sharer.php?u=https%3A%2F%2Fwww.zunoticia.com%2Fnoticias-de-hidalgo%2F2023%2F07%2F19%2Fproyectos-de-los-proximos-anos-emanan-de-las-demandas-ciudadanas-miguel-tello%2F\" target=\"_top\" rel=\"nofollow\"><span class=\"icon\"><\/span><span class=\"text\">Share<\/span><\/a><a class=\"mashicon-twitter mash-large mash-center mashsb-noshadow\" href=\"https:\/\/twitter.com\/intent\/tweet?text=&amp;url=https:\/\/www.zunoticia.com\/noticias-de-hidalgo\/2023\/07\/19\/proyectos-de-los-proximos-anos-emanan-de-las-demandas-ciudadanas-miguel-tello\/\" target=\"_top\" rel=\"nofollow\"><span class=\"icon\"><\/span><span class=\"text\">Tweet<\/span><\/a><div class=\"onoffswitch2 mash-large mashsb-noshadow\" style=\"display:none\"><\/div><\/div>\n            <\/div>\n                <div style=\"clear:both\"><\/div><div class=\"mashsb-toggle-container\"><\/div><\/aside>\n            <!-- Share buttons by mashshare.net - Version: 4.0.47-->\n<ul class=\"wp-block-list\">\n<li>El gobernador, Julio Menchaca, estar\u00e1 presente en la pr\u00f3xima audiencia p\u00fablica en Pachuca, adelantaron.<\/li>\n<\/ul>\n\n\n\n<p><em>Por Redacci\u00f3n\/Zunoticia<\/em><\/p>\n\n\n\n<p><strong>Apan,<\/strong><strong>&nbsp;<\/strong><strong>Hgo.-<\/strong> El gobierno de Hidalgo, en colaboraci\u00f3n con los ayuntamientos, instal\u00f3 el Comit\u00e9 de Planeaci\u00f3n para el Desarrollo Regional (Coplader) en la regi\u00f3n de Apan, as\u00ed como la Audiencia P\u00fablica Acuerdo con el Pueblo, con el objetivo de fomentar la participaci\u00f3n ciudadana, pero tambi\u00e9n la de reafirmar su compromiso de escuchar de viva voz y atender sus necesidades.<\/p>\n\n\n\n<p>Durante este encuentro y ante decenas de ciudadanos provenientes de los municipios de Almoloya, Apan, Emiliano Zapata, Tepeapulco y Tlanalapa, pertenecientes a la Regi\u00f3n X del estado, se escucharon uno a uno los temas que m\u00e1s preocupan y afectan m\u00e1s a la poblaci\u00f3n de esta zona.<\/p>\n\n\n\n<p>Al respecto, el titular de la Unidad de Planeaci\u00f3n y Prospectiva, Miguel Tello, precis\u00f3 que es precisamente a trav\u00e9s de este tipo de ejercicios que se han identificado los proyectos que ser\u00e1n realizados durante los primeros a\u00f1os de esta administraci\u00f3n, los cuales incluyen acciones concretas como la construcci\u00f3n de nuevas carreteras, libramientos y cl\u00ednicas para ampliar los servicios en las nuevas regiones. &nbsp;<\/p>\n\n\n\n<figure class=\"wp-block-image size-full\"><img fetchpriority=\"high\" decoding=\"async\" width=\"1024\" height=\"576\" src=\"https:\/\/www.zunoticia.com\/noticias-de-hidalgo\/wp-content\/uploads\/2023\/07\/eZy-Watermark-19-07-2023-08-14-56-0380p.m..jpg\" alt=\"\" class=\"wp-image-494745\" srcset=\"https:\/\/www.zunoticia.com\/noticias-de-hidalgo\/wp-content\/uploads\/2023\/07\/eZy-Watermark-19-07-2023-08-14-56-0380p.m..jpg 1024w, https:\/\/www.zunoticia.com\/noticias-de-hidalgo\/wp-content\/uploads\/2023\/07\/eZy-Watermark-19-07-2023-08-14-56-0380p.m.-300x169.jpg 300w, https:\/\/www.zunoticia.com\/noticias-de-hidalgo\/wp-content\/uploads\/2023\/07\/eZy-Watermark-19-07-2023-08-14-56-0380p.m.-768x432.jpg 768w\" sizes=\"(max-width: 1024px) 100vw, 1024px\" \/><\/figure>\n\n\n\n<p>Adem\u00e1s, como parte de estos acercamientos, adelant\u00f3 que la pr\u00f3xima audiencia, a celebrarse en Pachuca, contar\u00e1 con la presencia del gobernador, Julio Menchaca.<\/p>\n\n\n\n<p>En su oportunidad, Zorayda Robles Barrera, secretaria de Salud en la entidad, inform\u00f3 que, para acabar con la corrupci\u00f3n que imperaba, desapareci\u00f3 el Patronato del Hospital General del Altiplano y, en su lugar Patrimonio Social se encarga de brindar ayudas funcionales, apoyos para cirug\u00edas de emergencia y medicamentos que no se encuentran en el cuadro b\u00e1sico, sin lucrar con la necesidad de las personas.<\/p>\n\n\n\n<p>Adem\u00e1s, resalt\u00f3 que all\u00ed se inaugur\u00f3 el primer consultorio de telemedicina, para otorgar consultas de especialidad como cardiolog\u00eda, neumolog\u00eda, psiquiatr\u00eda, entre otras; por lo que la poblaci\u00f3n ya no tiene que trasladarse a la capital para tener atenci\u00f3n de tercer nivel.<\/p>\n\n\n\n<p>En su mensaje, Lyzbeth Robles, titular de la Secretar\u00eda de Movilidad y Transporte, exhort\u00f3 a las alcald\u00edas a planear sus obras y acercarse a la dependencia para realizar un estudio de impacto a la movilidad. Adem\u00e1s, pidi\u00f3 apoyo para vigilar y, en su caso, sancionar al transporte p\u00fablico que incurra en infracciones al Reglamento de Tr\u00e1nsito y Vialidad, a trav\u00e9s de la instancia de seguridad municipal.<\/p>\n\n\n\n<p>La secretaria de Medio Ambiente y Recursos Naturales, M\u00f3nica Patricia Mixtega Trejo, dio a conocer que contin\u00faan los trabajos del Programa de Restauraci\u00f3n Ecol\u00f3gica de la Laguna de Tecocomulco, de la cual se han retirado 169.03 hect\u00e1reas de lirio acu\u00e1tico, y que est\u00e1 involucrada de forma activa en la primera etapa de un proyecto ecotur\u00edstico en Cocinillas, Apan.<\/p>\n\n\n\n<p>Respecto a las peticiones presentadas por los alcaldes de los municipios de la regi\u00f3n, se hizo hincapi\u00e9 en la necesidad de mejorar las carreteras y caminos, as\u00ed como en la importancia de brindar apoyos sociales y la creaci\u00f3n de una casa de retiro para personas adultas mayores. En cuanto al tema de seguridad, se solicit\u00f3 la construcci\u00f3n de un Centro de Readaptaci\u00f3n Social.<\/p>\n","protected":false},"excerpt":{"rendered":"<p>Por Redacci\u00f3n\/Zunoticia Apan,&nbsp;Hgo.- El gobierno de Hidalgo, en colaboraci\u00f3n con los ayuntamientos, instal\u00f3 el Comit\u00e9 de Planeaci\u00f3n para el Desarrollo Regional (Coplader) en la regi\u00f3n de Apan, as\u00ed como la Audiencia P\u00fablica Acuerdo con el Pueblo, con el objetivo de fomentar la participaci\u00f3n ciudadana, pero tambi\u00e9n la de reafirmar su compromiso de escuchar de viva&hellip; <a class=\"more-link\" href=\"https:\/\/www.zunoticia.com\/noticias-de-hidalgo\/2023\/07\/19\/proyectos-de-los-proximos-anos-emanan-de-las-demandas-ciudadanas-miguel-tello\/\">Seguir leyendo <span class=\"screen-reader-text\">Proyectos de los pr\u00f3ximos a\u00f1os emanan de las demandas ciudadanas: Miguel Tello<\/span><\/a><\/p>\n","protected":false},"author":12,"featured_media":494744,"comment_status":"closed","ping_status":"open","sticky":false,"template":"","format":"standard","meta":{"rop_custom_images_group":[],"rop_custom_messages_group":[],"rop_publish_now":"initial","rop_publish_now_accounts":{"facebook_10159540855086992_322828327761733":""},"rop_publish_now_history":[],"rop_publish_now_status":"pending","footnotes":""},"categories":[208],"tags":[214],"class_list":["post-494743","post","type-post","status-publish","format-standard","has-post-thumbnail","hentry","category-estado","tag-estado","entry"],"_links":{"self":[{"href":"https:\/\/www.zunoticia.com\/noticias-de-hidalgo\/wp-json\/wp\/v2\/posts\/494743","targetHints":{"allow":["GET"]}}],"collection":[{"href":"https:\/\/www.zunoticia.com\/noticias-de-hidalgo\/wp-json\/wp\/v2\/posts"}],"about":[{"href":"https:\/\/www.zunoticia.com\/noticias-de-hidalgo\/wp-json\/wp\/v2\/types\/post"}],"author":[{"embeddable":true,"href":"https:\/\/www.zunoticia.com\/noticias-de-hidalgo\/wp-json\/wp\/v2\/users\/12"}],"replies":[{"embeddable":true,"href":"https:\/\/www.zunoticia.com\/noticias-de-hidalgo\/wp-json\/wp\/v2\/comments?post=494743"}],"version-history":[{"count":1,"href":"https:\/\/www.zunoticia.com\/noticias-de-hidalgo\/wp-json\/wp\/v2\/posts\/494743\/revisions"}],"predecessor-version":[{"id":494756,"href":"https:\/\/www.zunoticia.com\/noticias-de-hidalgo\/wp-json\/wp\/v2\/posts\/494743\/revisions\/494756"}],"wp:featuredmedia":[{"embeddable":true,"href":"https:\/\/www.zunoticia.com\/noticias-de-hidalgo\/wp-json\/wp\/v2\/media\/494744"}],"wp:attachment":[{"href":"https:\/\/www.zunoticia.com\/noticias-de-hidalgo\/wp-json\/wp\/v2\/media?parent=494743"}],"wp:term":[{"taxonomy":"category","embeddable":true,"href":"https:\/\/www.zunoticia.com\/noticias-de-hidalgo\/wp-json\/wp\/v2\/categories?post=494743"},{"taxonomy":"post_tag","embeddable":true,"href":"https:\/\/www.zunoticia.com\/noticias-de-hidalgo\/wp-json\/wp\/v2\/tags?post=494743"}],"curies":[{"name":"wp","href":"https:\/\/api.w.org\/{rel}","templated":true}]}}