{"id":495107,"date":"2023-07-21T12:08:23","date_gmt":"2023-07-21T18:08:23","guid":{"rendered":"https:\/\/www.zunoticia.com\/noticias-de-hidalgo\/?p=495107"},"modified":"2023-07-21T12:08:25","modified_gmt":"2023-07-21T18:08:25","slug":"erika-saab-firma-convenio-con-la-cfe-y-el-subsecretario-de-gobierno","status":"publish","type":"post","link":"https:\/\/www.zunoticia.com\/noticias-de-hidalgo\/2023\/07\/21\/erika-saab-firma-convenio-con-la-cfe-y-el-subsecretario-de-gobierno\/","title":{"rendered":"Erika Saab firma convenio con la CFE y el subsecretario de Gobierno"},"content":{"rendered":"<aside class=\"mashsb-container mashsb-main mashsb-stretched\"><div class=\"mashsb-box\"><div class=\"mashsb-count mash-large\" style=\"float:left\"><div class=\"counts mashsbcount\">2<\/div><span class=\"mashsb-sharetext\">SHARES<\/span><\/div><div class=\"mashsb-buttons\"><a class=\"mashicon-facebook mash-large mash-center mashsb-noshadow\" href=\"https:\/\/www.facebook.com\/sharer.php?u=https%3A%2F%2Fwww.zunoticia.com%2Fnoticias-de-hidalgo%2F2023%2F07%2F21%2Ferika-saab-firma-convenio-con-la-cfe-y-el-subsecretario-de-gobierno%2F\" target=\"_top\" rel=\"nofollow\"><span class=\"icon\"><\/span><span class=\"text\">Share<\/span><\/a><a class=\"mashicon-twitter mash-large mash-center mashsb-noshadow\" href=\"https:\/\/twitter.com\/intent\/tweet?text=&amp;url=https:\/\/www.zunoticia.com\/noticias-de-hidalgo\/2023\/07\/21\/erika-saab-firma-convenio-con-la-cfe-y-el-subsecretario-de-gobierno\/\" target=\"_top\" rel=\"nofollow\"><span class=\"icon\"><\/span><span class=\"text\">Tweet<\/span><\/a><div class=\"onoffswitch2 mash-large mashsb-noshadow\" style=\"display:none\"><\/div><\/div>\n            <\/div>\n                <div style=\"clear:both\"><\/div><div class=\"mashsb-toggle-container\"><\/div><\/aside>\n            <!-- Share buttons by mashshare.net - Version: 4.0.47-->\n<p><em>Por Redacci\u00f3n\/Zunoticia<\/em><\/p>\n\n\n\n<p><strong>San Felipe Orizatl\u00e1n, Hgo<\/strong>.- Este viernes la presidenta municipal, Erika Saab Lara, se reuni\u00f3 con el personal de la Comisi\u00f3n Federal de Electricidad (CFE) y el subsecretario de Gobierno en la huasteca, Marco Antonio Ramos Moguel, en donde se abordaron temas de los constantes apagones que se han registrado en los \u00faltimos d\u00edas, que a su vez derivan en afectaciones a las bombas de agua de la cabecera municipal y de las localidades, as\u00ed como a la poblaci\u00f3n en general.<\/p>\n\n\n\n<p>Por lo que la edil insisti\u00f3 al personal de la CFE, realizar un operativo emergente de reactivaci\u00f3n de equipos, as\u00ed como de revisi\u00f3n de los cableados para verificar las fallas.<\/p>\n\n\n\n<p>Con esta reuni\u00f3n se buscan concretar mecanismos de prevenci\u00f3n para evitar los constantes apagones, as\u00ed como la atenci\u00f3n inmediata.<\/p>\n\n\n\n<p>Por su parte, Marco Antonio Ramos Moguel mencion\u00f3 la importancia de trabajar de manera coordinada y as\u00ed evitar los conflictos con la ciudadan\u00eda.<\/p>\n\n\n\n<p>Posteriormente, se llev\u00f3 a cabo una firma de acuerdos entre la alcaldesa, el superintendente de la CFE y el subsecretario de Gobierno.<\/p>\n\n\n\n<figure class=\"wp-block-gallery has-nested-images columns-default is-cropped wp-block-gallery-1 is-layout-flex wp-block-gallery-is-layout-flex\">\n<figure class=\"wp-block-image size-large\"><img fetchpriority=\"high\" decoding=\"async\" width=\"940\" height=\"788\" data-id=\"495109\" src=\"https:\/\/www.zunoticia.com\/noticias-de-hidalgo\/wp-content\/uploads\/2023\/07\/Diseno-sin-titulo-3-5.png\" alt=\"\" class=\"wp-image-495109\" srcset=\"https:\/\/www.zunoticia.com\/noticias-de-hidalgo\/wp-content\/uploads\/2023\/07\/Diseno-sin-titulo-3-5.png 940w, https:\/\/www.zunoticia.com\/noticias-de-hidalgo\/wp-content\/uploads\/2023\/07\/Diseno-sin-titulo-3-5-300x251.png 300w, https:\/\/www.zunoticia.com\/noticias-de-hidalgo\/wp-content\/uploads\/2023\/07\/Diseno-sin-titulo-3-5-768x644.png 768w\" sizes=\"(max-width: 940px) 100vw, 940px\" \/><\/figure>\n\n\n\n<figure class=\"wp-block-image size-large\"><img decoding=\"async\" width=\"940\" height=\"788\" data-id=\"495110\" src=\"https:\/\/www.zunoticia.com\/noticias-de-hidalgo\/wp-content\/uploads\/2023\/07\/Diseno-sin-titulo-2-19.png\" alt=\"\" class=\"wp-image-495110\" srcset=\"https:\/\/www.zunoticia.com\/noticias-de-hidalgo\/wp-content\/uploads\/2023\/07\/Diseno-sin-titulo-2-19.png 940w, https:\/\/www.zunoticia.com\/noticias-de-hidalgo\/wp-content\/uploads\/2023\/07\/Diseno-sin-titulo-2-19-300x251.png 300w, https:\/\/www.zunoticia.com\/noticias-de-hidalgo\/wp-content\/uploads\/2023\/07\/Diseno-sin-titulo-2-19-768x644.png 768w\" sizes=\"(max-width: 940px) 100vw, 940px\" \/><\/figure>\n<\/figure>\n","protected":false},"excerpt":{"rendered":"<p>Por Redacci\u00f3n\/Zunoticia San Felipe Orizatl\u00e1n, Hgo.- Este viernes la presidenta municipal, Erika Saab Lara, se reuni\u00f3 con el personal de la Comisi\u00f3n Federal de Electricidad (CFE) y el subsecretario de Gobierno en la huasteca, Marco Antonio Ramos Moguel, en donde se abordaron temas de los constantes apagones que se han registrado en los \u00faltimos d\u00edas,&hellip; <a class=\"more-link\" href=\"https:\/\/www.zunoticia.com\/noticias-de-hidalgo\/2023\/07\/21\/erika-saab-firma-convenio-con-la-cfe-y-el-subsecretario-de-gobierno\/\">Seguir leyendo <span class=\"screen-reader-text\">Erika Saab firma convenio con la CFE y el subsecretario de Gobierno<\/span><\/a><\/p>\n","protected":false},"author":20,"featured_media":495108,"comment_status":"closed","ping_status":"open","sticky":false,"template":"","format":"standard","meta":{"rop_custom_images_group":[],"rop_custom_messages_group":[],"rop_publish_now":"initial","rop_publish_now_accounts":{"facebook_10159540855086992_322828327761733":""},"rop_publish_now_history":[],"rop_publish_now_status":"pending","footnotes":""},"categories":[180],"tags":[129],"class_list":["post-495107","post","type-post","status-publish","format-standard","has-post-thumbnail","hentry","category-orizatlan","tag-orizatlan","entry"],"_links":{"self":[{"href":"https:\/\/www.zunoticia.com\/noticias-de-hidalgo\/wp-json\/wp\/v2\/posts\/495107","targetHints":{"allow":["GET"]}}],"collection":[{"href":"https:\/\/www.zunoticia.com\/noticias-de-hidalgo\/wp-json\/wp\/v2\/posts"}],"about":[{"href":"https:\/\/www.zunoticia.com\/noticias-de-hidalgo\/wp-json\/wp\/v2\/types\/post"}],"author":[{"embeddable":true,"href":"https:\/\/www.zunoticia.com\/noticias-de-hidalgo\/wp-json\/wp\/v2\/users\/20"}],"replies":[{"embeddable":true,"href":"https:\/\/www.zunoticia.com\/noticias-de-hidalgo\/wp-json\/wp\/v2\/comments?post=495107"}],"version-history":[{"count":1,"href":"https:\/\/www.zunoticia.com\/noticias-de-hidalgo\/wp-json\/wp\/v2\/posts\/495107\/revisions"}],"predecessor-version":[{"id":495111,"href":"https:\/\/www.zunoticia.com\/noticias-de-hidalgo\/wp-json\/wp\/v2\/posts\/495107\/revisions\/495111"}],"wp:featuredmedia":[{"embeddable":true,"href":"https:\/\/www.zunoticia.com\/noticias-de-hidalgo\/wp-json\/wp\/v2\/media\/495108"}],"wp:attachment":[{"href":"https:\/\/www.zunoticia.com\/noticias-de-hidalgo\/wp-json\/wp\/v2\/media?parent=495107"}],"wp:term":[{"taxonomy":"category","embeddable":true,"href":"https:\/\/www.zunoticia.com\/noticias-de-hidalgo\/wp-json\/wp\/v2\/categories?post=495107"},{"taxonomy":"post_tag","embeddable":true,"href":"https:\/\/www.zunoticia.com\/noticias-de-hidalgo\/wp-json\/wp\/v2\/tags?post=495107"}],"curies":[{"name":"wp","href":"https:\/\/api.w.org\/{rel}","templated":true}]}}