{"id":495115,"date":"2023-07-21T12:58:46","date_gmt":"2023-07-21T18:58:46","guid":{"rendered":"https:\/\/www.zunoticia.com\/noticias-de-hidalgo\/?p=495115"},"modified":"2023-07-21T12:58:47","modified_gmt":"2023-07-21T18:58:47","slug":"mediante-charla-brindaran-elementos-para-formalizar-empresas-culturales","status":"publish","type":"post","link":"https:\/\/www.zunoticia.com\/noticias-de-hidalgo\/2023\/07\/21\/mediante-charla-brindaran-elementos-para-formalizar-empresas-culturales\/","title":{"rendered":"Mediante charla, brindar\u00e1n elementos para formalizar empresas culturales"},"content":{"rendered":"<aside class=\"mashsb-container mashsb-main mashsb-stretched\"><div class=\"mashsb-box\"><div class=\"mashsb-count mash-large\" style=\"float:left\"><div class=\"counts mashsbcount\">64<\/div><span class=\"mashsb-sharetext\">SHARES<\/span><\/div><div class=\"mashsb-buttons\"><a class=\"mashicon-facebook mash-large mash-center mashsb-noshadow\" href=\"https:\/\/www.facebook.com\/sharer.php?u=https%3A%2F%2Fwww.zunoticia.com%2Fnoticias-de-hidalgo%2F2023%2F07%2F21%2Fmediante-charla-brindaran-elementos-para-formalizar-empresas-culturales%2F\" target=\"_top\" rel=\"nofollow\"><span class=\"icon\"><\/span><span class=\"text\">Share<\/span><\/a><a class=\"mashicon-twitter mash-large mash-center mashsb-noshadow\" href=\"https:\/\/twitter.com\/intent\/tweet?text=&amp;url=https:\/\/www.zunoticia.com\/noticias-de-hidalgo\/2023\/07\/21\/mediante-charla-brindaran-elementos-para-formalizar-empresas-culturales\/\" target=\"_top\" rel=\"nofollow\"><span class=\"icon\"><\/span><span class=\"text\">Tweet<\/span><\/a><div class=\"onoffswitch2 mash-large mashsb-noshadow\" style=\"display:none\"><\/div><\/div>\n            <\/div>\n                <div style=\"clear:both\"><\/div><div class=\"mashsb-toggle-container\"><\/div><\/aside>\n            <!-- Share buttons by mashshare.net - Version: 4.0.47-->\n<ul class=\"wp-block-list\">\n<li>28 Revenue, accounting &amp; finance capacitar\u00e1 a personas del \u00e1mbito art\u00edstico y cultural en el Centro de Cultura Digital el 28 de julio.<\/li>\n<\/ul>\n\n\n\n<p><em>Por Redacci\u00f3n\/Zunoticia<\/em><\/p>\n\n\n\n<p><strong>Pachuca de Soto, Hgo.-<\/strong> La Secretar\u00eda de Cultura, dirigida por Tania Meza Escorza, a trav\u00e9s del Centro de Cultura Digital, invita a personas del \u00e1mbito art\u00edstico y cultural a la charla gratuita\u201cElementos para formalizar una empresa cultural y creativa\u201d, a cargo de 28 Revenue, accounting &amp; finance, el pr\u00f3ximo 28 de julio, a las 10:00 horas.&nbsp;<\/p>\n\n\n\n<p>Keivin Wedell Reyes, director general de Innovaci\u00f3n y Emprendimiento Cultural de la dependencia estatal, coment\u00f3 que el objetivo de la actividad es potenciar empresas culturales y creativas desde la asesor\u00eda especializada en materia fiscal y administraci\u00f3n, donde adem\u00e1s las y los asistentes podr\u00e1n obtener orientaci\u00f3n legal, contable y financiera.<\/p>\n\n\n\n<p>De acuerdo con Sa\u00fal L\u00f3pez y Brenda L\u00f3pez, consultores de 28 Revenue, accounting &amp; finance, la cultura y la creatividad son elementos esenciales en la identidad de M\u00e9xico, as\u00ed como su potencial econ\u00f3mico y social, por ello, las y los emprendedores en este campo tienen el potencial de generar empleo, promover la diversidad cultural y enriquecer la vida de las personas a trav\u00e9s de sus proyectos; sin embargo, el camino para establecer y hacer crecer una empresa cultural y creativa puede ser desafiante debido a las particularidades del sector.<\/p>\n\n\n\n<p>Algunos de los temas a tratar ser\u00e1n la asesor\u00eda especializada en materia fiscal, donde se abordar\u00e1n temas como beneficios fiscales espec\u00edficos del sector; asimismo, recomendaciones sobre el r\u00e9gimen legal y fiscal m\u00e1s adecuada para empresarios y empresarias.<\/p>\n\n\n\n<p>Adem\u00e1s, aprender\u00e1n sobre administraci\u00f3n financiera y el tratamiento contable de las fuentes de financiamiento para las y los empresarios culturales, por lo que quienes asistan deber\u00e1n externar sus principales problem\u00e1ticas en materia legal, contable y financiera.<\/p>\n\n\n\n<p>La charla estar\u00e1 a cargo de Sa\u00fal L\u00f3pez, profesional del an\u00e1lisis financiero y los negocios con siete a\u00f1os de experiencia en asesor\u00eda financiera a Peque\u00f1as y Medianas Empresas; responsable de cartera de cr\u00e9ditos y especialista en reducir procesos y volver eficiente el capital.<\/p>\n\n\n\n<p>Brenda L\u00f3pez, profesional con m\u00e1s de diez a\u00f1os de experiencia en el sector gubernamental. Amplia experiencia en planeaci\u00f3n, ejecuci\u00f3n y solventaci\u00f3n de auditor\u00eda para el sector p\u00fablico y privado.<\/p>\n\n\n\n<p>Finalmente, Wedell Reyes inform\u00f3 que las personas interesadas en asistir a \u201cElementos para formalizar una empresa cultural y creativa\u201d, debe registrarse en la liga <a href=\"https:\/\/docs.google.com\/forms\/d\/e\/1FAIpQLSeLvsZZMITW9NhUSK-91A6AxWRISqilloFuVZ34DUnf9gI9tg\/viewform\">Formaci\u00f3n continua DGIEC &#8211; 28 Revenue Accounting &amp; Finance, 18 de julio de 2023 (google.com)<\/a>.<\/p>\n","protected":false},"excerpt":{"rendered":"<p>Por Redacci\u00f3n\/Zunoticia Pachuca de Soto, Hgo.- La Secretar\u00eda de Cultura, dirigida por Tania Meza Escorza, a trav\u00e9s del Centro de Cultura Digital, invita a personas del \u00e1mbito art\u00edstico y cultural a la charla gratuita\u201cElementos para formalizar una empresa cultural y creativa\u201d, a cargo de 28 Revenue, accounting &amp; finance, el pr\u00f3ximo 28 de julio, a&hellip; <a class=\"more-link\" href=\"https:\/\/www.zunoticia.com\/noticias-de-hidalgo\/2023\/07\/21\/mediante-charla-brindaran-elementos-para-formalizar-empresas-culturales\/\">Seguir leyendo <span class=\"screen-reader-text\">Mediante charla, brindar\u00e1n elementos para formalizar empresas culturales<\/span><\/a><\/p>\n","protected":false},"author":20,"featured_media":495116,"comment_status":"closed","ping_status":"open","sticky":false,"template":"","format":"standard","meta":{"rop_custom_images_group":[],"rop_custom_messages_group":[],"rop_publish_now":"initial","rop_publish_now_accounts":{"facebook_10159540855086992_322828327761733":""},"rop_publish_now_history":[],"rop_publish_now_status":"pending","footnotes":""},"categories":[208],"tags":[214],"class_list":["post-495115","post","type-post","status-publish","format-standard","has-post-thumbnail","hentry","category-estado","tag-estado","entry"],"_links":{"self":[{"href":"https:\/\/www.zunoticia.com\/noticias-de-hidalgo\/wp-json\/wp\/v2\/posts\/495115","targetHints":{"allow":["GET"]}}],"collection":[{"href":"https:\/\/www.zunoticia.com\/noticias-de-hidalgo\/wp-json\/wp\/v2\/posts"}],"about":[{"href":"https:\/\/www.zunoticia.com\/noticias-de-hidalgo\/wp-json\/wp\/v2\/types\/post"}],"author":[{"embeddable":true,"href":"https:\/\/www.zunoticia.com\/noticias-de-hidalgo\/wp-json\/wp\/v2\/users\/20"}],"replies":[{"embeddable":true,"href":"https:\/\/www.zunoticia.com\/noticias-de-hidalgo\/wp-json\/wp\/v2\/comments?post=495115"}],"version-history":[{"count":1,"href":"https:\/\/www.zunoticia.com\/noticias-de-hidalgo\/wp-json\/wp\/v2\/posts\/495115\/revisions"}],"predecessor-version":[{"id":495117,"href":"https:\/\/www.zunoticia.com\/noticias-de-hidalgo\/wp-json\/wp\/v2\/posts\/495115\/revisions\/495117"}],"wp:featuredmedia":[{"embeddable":true,"href":"https:\/\/www.zunoticia.com\/noticias-de-hidalgo\/wp-json\/wp\/v2\/media\/495116"}],"wp:attachment":[{"href":"https:\/\/www.zunoticia.com\/noticias-de-hidalgo\/wp-json\/wp\/v2\/media?parent=495115"}],"wp:term":[{"taxonomy":"category","embeddable":true,"href":"https:\/\/www.zunoticia.com\/noticias-de-hidalgo\/wp-json\/wp\/v2\/categories?post=495115"},{"taxonomy":"post_tag","embeddable":true,"href":"https:\/\/www.zunoticia.com\/noticias-de-hidalgo\/wp-json\/wp\/v2\/tags?post=495115"}],"curies":[{"name":"wp","href":"https:\/\/api.w.org\/{rel}","templated":true}]}}