{"id":495118,"date":"2023-07-21T13:19:09","date_gmt":"2023-07-21T19:19:09","guid":{"rendered":"https:\/\/www.zunoticia.com\/noticias-de-hidalgo\/?p=495118"},"modified":"2023-07-21T13:19:11","modified_gmt":"2023-07-21T19:19:11","slug":"realizan-vacunacion-antirrabica-para-caninos-y-felinos","status":"publish","type":"post","link":"https:\/\/www.zunoticia.com\/noticias-de-hidalgo\/2023\/07\/21\/realizan-vacunacion-antirrabica-para-caninos-y-felinos\/","title":{"rendered":"Realizan Vacunaci\u00f3n antirr\u00e1bica para caninos y felinos"},"content":{"rendered":"<aside class=\"mashsb-container mashsb-main mashsb-stretched\"><div class=\"mashsb-box\"><div class=\"mashsb-count mash-large\" style=\"float:left\"><div class=\"counts mashsbcount\">0<\/div><span class=\"mashsb-sharetext\">SHARES<\/span><\/div><div class=\"mashsb-buttons\"><a class=\"mashicon-facebook mash-large mash-center mashsb-noshadow\" href=\"https:\/\/www.facebook.com\/sharer.php?u=https%3A%2F%2Fwww.zunoticia.com%2Fnoticias-de-hidalgo%2F2023%2F07%2F21%2Frealizan-vacunacion-antirrabica-para-caninos-y-felinos%2F\" target=\"_top\" rel=\"nofollow\"><span class=\"icon\"><\/span><span class=\"text\">Share<\/span><\/a><a class=\"mashicon-twitter mash-large mash-center mashsb-noshadow\" href=\"https:\/\/twitter.com\/intent\/tweet?text=&amp;url=https:\/\/www.zunoticia.com\/noticias-de-hidalgo\/2023\/07\/21\/realizan-vacunacion-antirrabica-para-caninos-y-felinos\/\" target=\"_top\" rel=\"nofollow\"><span class=\"icon\"><\/span><span class=\"text\">Tweet<\/span><\/a><div class=\"onoffswitch2 mash-large mashsb-noshadow\" style=\"display:none\"><\/div><\/div>\n            <\/div>\n                <div style=\"clear:both\"><\/div><div class=\"mashsb-toggle-container\"><\/div><\/aside>\n            <!-- Share buttons by mashshare.net - Version: 4.0.47-->\n<p><em>Por Enedino Hern\u00e1ndez\/Zunoticia<\/em><\/p>\n\n\n\n<p><strong>Huejutla, Hgo<\/strong>.- En el marco de la celebraci\u00f3n del D\u00eda del Perro, en la plaza 21 de Mayo de esta ciudad de Huejutla de Reyes se llev\u00f3 a cabo la Vacunaci\u00f3n antirr\u00e1bica para caninos y felinos.<\/p>\n\n\n\n<p>Las acciones citadas fueron aplicadas por la Direcci\u00f3n de Ecolog\u00eda y Sustentabilidad en coordinaci\u00f3n con el Medio Ambiente de la presidencia municipal de Huejutla y el \u00e1rea de Zoonosis de la Jurisdicci\u00f3n Sanitaria.<\/p>\n\n\n\n<p>Se destaca que, es importante prevenir por lo que oportunamente se invit\u00f3 a la poblaci\u00f3n en general para que acudiera con sus perros y gatos a vacunarlos.<\/p>\n\n\n\n<p>Asimismo, se destaca que, la oportuna vacunaci\u00f3n canina y felina antirr\u00e1bica en su momento ha permitido reducir los casos de rabia transmitida por estas especies.<\/p>\n\n\n\n<p>La vacunaci\u00f3n antirr\u00e1bica canina y felina generalmente es aplicada de manera gratuita y sobre todo, es la de m\u00e1s alta calidad para las&nbsp; mascotas.<\/p>\n\n\n\n<figure class=\"wp-block-image size-full\"><img fetchpriority=\"high\" decoding=\"async\" width=\"940\" height=\"788\" src=\"https:\/\/www.zunoticia.com\/noticias-de-hidalgo\/wp-content\/uploads\/2023\/07\/Diseno-sin-titulo-2-20.png\" alt=\"\" class=\"wp-image-495120\" srcset=\"https:\/\/www.zunoticia.com\/noticias-de-hidalgo\/wp-content\/uploads\/2023\/07\/Diseno-sin-titulo-2-20.png 940w, https:\/\/www.zunoticia.com\/noticias-de-hidalgo\/wp-content\/uploads\/2023\/07\/Diseno-sin-titulo-2-20-300x251.png 300w, https:\/\/www.zunoticia.com\/noticias-de-hidalgo\/wp-content\/uploads\/2023\/07\/Diseno-sin-titulo-2-20-768x644.png 768w\" sizes=\"(max-width: 940px) 100vw, 940px\" \/><\/figure>\n","protected":false},"excerpt":{"rendered":"<p>Por Enedino Hern\u00e1ndez\/Zunoticia Huejutla, Hgo.- En el marco de la celebraci\u00f3n del D\u00eda del Perro, en la plaza 21 de Mayo de esta ciudad de Huejutla de Reyes se llev\u00f3 a cabo la Vacunaci\u00f3n antirr\u00e1bica para caninos y felinos. Las acciones citadas fueron aplicadas por la Direcci\u00f3n de Ecolog\u00eda y Sustentabilidad en coordinaci\u00f3n con el&hellip; <a class=\"more-link\" href=\"https:\/\/www.zunoticia.com\/noticias-de-hidalgo\/2023\/07\/21\/realizan-vacunacion-antirrabica-para-caninos-y-felinos\/\">Seguir leyendo <span class=\"screen-reader-text\">Realizan Vacunaci\u00f3n antirr\u00e1bica para caninos y felinos<\/span><\/a><\/p>\n","protected":false},"author":20,"featured_media":495119,"comment_status":"closed","ping_status":"open","sticky":false,"template":"","format":"standard","meta":{"rop_custom_images_group":[],"rop_custom_messages_group":[],"rop_publish_now":"initial","rop_publish_now_accounts":{"facebook_10159540855086992_322828327761733":""},"rop_publish_now_history":[],"rop_publish_now_status":"pending","footnotes":""},"categories":[181],"tags":[121],"class_list":["post-495118","post","type-post","status-publish","format-standard","has-post-thumbnail","hentry","category-huejutla","tag-huejutla","entry"],"_links":{"self":[{"href":"https:\/\/www.zunoticia.com\/noticias-de-hidalgo\/wp-json\/wp\/v2\/posts\/495118","targetHints":{"allow":["GET"]}}],"collection":[{"href":"https:\/\/www.zunoticia.com\/noticias-de-hidalgo\/wp-json\/wp\/v2\/posts"}],"about":[{"href":"https:\/\/www.zunoticia.com\/noticias-de-hidalgo\/wp-json\/wp\/v2\/types\/post"}],"author":[{"embeddable":true,"href":"https:\/\/www.zunoticia.com\/noticias-de-hidalgo\/wp-json\/wp\/v2\/users\/20"}],"replies":[{"embeddable":true,"href":"https:\/\/www.zunoticia.com\/noticias-de-hidalgo\/wp-json\/wp\/v2\/comments?post=495118"}],"version-history":[{"count":1,"href":"https:\/\/www.zunoticia.com\/noticias-de-hidalgo\/wp-json\/wp\/v2\/posts\/495118\/revisions"}],"predecessor-version":[{"id":495121,"href":"https:\/\/www.zunoticia.com\/noticias-de-hidalgo\/wp-json\/wp\/v2\/posts\/495118\/revisions\/495121"}],"wp:featuredmedia":[{"embeddable":true,"href":"https:\/\/www.zunoticia.com\/noticias-de-hidalgo\/wp-json\/wp\/v2\/media\/495119"}],"wp:attachment":[{"href":"https:\/\/www.zunoticia.com\/noticias-de-hidalgo\/wp-json\/wp\/v2\/media?parent=495118"}],"wp:term":[{"taxonomy":"category","embeddable":true,"href":"https:\/\/www.zunoticia.com\/noticias-de-hidalgo\/wp-json\/wp\/v2\/categories?post=495118"},{"taxonomy":"post_tag","embeddable":true,"href":"https:\/\/www.zunoticia.com\/noticias-de-hidalgo\/wp-json\/wp\/v2\/tags?post=495118"}],"curies":[{"name":"wp","href":"https:\/\/api.w.org\/{rel}","templated":true}]}}