{"id":495162,"date":"2023-07-21T17:51:59","date_gmt":"2023-07-21T23:51:59","guid":{"rendered":"https:\/\/www.zunoticia.com\/noticias-de-hidalgo\/?p=495162"},"modified":"2023-07-21T17:52:00","modified_gmt":"2023-07-21T23:52:00","slug":"la-alcaldesa-y-la-titular-de-iaameh-supervisaron-las-instalaciones-de-la-unidad-de-gerontologico-integral","status":"publish","type":"post","link":"https:\/\/www.zunoticia.com\/noticias-de-hidalgo\/2023\/07\/21\/la-alcaldesa-y-la-titular-de-iaameh-supervisaron-las-instalaciones-de-la-unidad-de-gerontologico-integral\/","title":{"rendered":"La alcaldesa y la titular de IAAMEH supervisaron las instalaciones de la Unidad de Gerontol\u00f3gico Integral"},"content":{"rendered":"<aside class=\"mashsb-container mashsb-main mashsb-stretched\"><div class=\"mashsb-box\"><div class=\"mashsb-count mash-large\" style=\"float:left\"><div class=\"counts mashsbcount\">7<\/div><span class=\"mashsb-sharetext\">SHARES<\/span><\/div><div class=\"mashsb-buttons\"><a class=\"mashicon-facebook mash-large mash-center mashsb-noshadow\" href=\"https:\/\/www.facebook.com\/sharer.php?u=https%3A%2F%2Fwww.zunoticia.com%2Fnoticias-de-hidalgo%2F2023%2F07%2F21%2Fla-alcaldesa-y-la-titular-de-iaameh-supervisaron-las-instalaciones-de-la-unidad-de-gerontologico-integral%2F\" target=\"_top\" rel=\"nofollow\"><span class=\"icon\"><\/span><span class=\"text\">Share<\/span><\/a><a class=\"mashicon-twitter mash-large mash-center mashsb-noshadow\" href=\"https:\/\/twitter.com\/intent\/tweet?text=&amp;url=https:\/\/www.zunoticia.com\/noticias-de-hidalgo\/2023\/07\/21\/la-alcaldesa-y-la-titular-de-iaameh-supervisaron-las-instalaciones-de-la-unidad-de-gerontologico-integral\/\" target=\"_top\" rel=\"nofollow\"><span class=\"icon\"><\/span><span class=\"text\">Tweet<\/span><\/a><div class=\"onoffswitch2 mash-large mashsb-noshadow\" style=\"display:none\"><\/div><\/div>\n            <\/div>\n                <div style=\"clear:both\"><\/div><div class=\"mashsb-toggle-container\"><\/div><\/aside>\n            <!-- Share buttons by mashshare.net - Version: 4.0.47-->\n<p><em>Por Redacci\u00f3n\/Zunoticia<\/em><\/p>\n\n\n\n<p><strong>San Felipe Orizatl\u00e1n, Hgo<\/strong>.- Este viernes la presidenta municipal, Erika Saab Lara y Ariadna Penelope Apodaca Sinsel, directora general del Instituto del Adulto Mayor en Hidalgo, junto con Griselda Ram\u00edrez en representaci\u00f3n de Marco Antonio Ramos Moguel, subsecretario de Gobierno en la huasteca, realizaron una supervisi\u00f3n en las instalaciones de la Unidad de Gerontol\u00f3gica Integral.<\/p>\n\n\n\n<p>Esto con el objetivo de verificar los \u00faltimos detalles b\u00e1sicos de las instalaciones, para brindar una mejor atenci\u00f3n a las personas de tercera edad.<\/p>\n\n\n\n<p>El Gobierno del Estado que encabeza Julio Menchaca Salazar, a trav\u00e9s de la Secretar\u00eda de Bienestar e Inclusi\u00f3n Social de Hidalgo, bajo la direcci\u00f3n de la IAAMEH en coordinaci\u00f3n con el Gobierno Municipal, pretende que se d\u00e9 marcha a los trabajos en esta unidad para que se pueda brindar atenci\u00f3n a quienes requieran el servicio.<\/p>\n\n\n\n<p>Por ellos, la alcaldesa Erika Saab Lara, ha estado muy pendiente de los trabajos y avances de dicho espacio, para poder tenerlo en funciones cuanto antes, por lo que mencion\u00f3, que no dejar\u00e1 de trabajar de manera coordinada para traer m\u00e1s y mejores oportunidades para las y los orizatlenses, por lo que agradeci\u00f3 al Gobierno de Hidalgo por el respaldo que ha tenido su administraci\u00f3n.<\/p>\n\n\n\n<figure class=\"wp-block-gallery has-nested-images columns-default is-cropped wp-block-gallery-1 is-layout-flex wp-block-gallery-is-layout-flex\">\n<figure class=\"wp-block-image size-large\"><img fetchpriority=\"high\" decoding=\"async\" width=\"940\" height=\"788\" data-id=\"495165\" src=\"https:\/\/www.zunoticia.com\/noticias-de-hidalgo\/wp-content\/uploads\/2023\/07\/Diseno-sin-titulo-2-22.png\" alt=\"\" class=\"wp-image-495165\" srcset=\"https:\/\/www.zunoticia.com\/noticias-de-hidalgo\/wp-content\/uploads\/2023\/07\/Diseno-sin-titulo-2-22.png 940w, https:\/\/www.zunoticia.com\/noticias-de-hidalgo\/wp-content\/uploads\/2023\/07\/Diseno-sin-titulo-2-22-300x251.png 300w, https:\/\/www.zunoticia.com\/noticias-de-hidalgo\/wp-content\/uploads\/2023\/07\/Diseno-sin-titulo-2-22-768x644.png 768w\" sizes=\"(max-width: 940px) 100vw, 940px\" \/><\/figure>\n\n\n\n<figure class=\"wp-block-image size-large\"><img decoding=\"async\" width=\"940\" height=\"788\" data-id=\"495164\" src=\"https:\/\/www.zunoticia.com\/noticias-de-hidalgo\/wp-content\/uploads\/2023\/07\/Diseno-sin-titulo-1-103.png\" alt=\"\" class=\"wp-image-495164\" srcset=\"https:\/\/www.zunoticia.com\/noticias-de-hidalgo\/wp-content\/uploads\/2023\/07\/Diseno-sin-titulo-1-103.png 940w, https:\/\/www.zunoticia.com\/noticias-de-hidalgo\/wp-content\/uploads\/2023\/07\/Diseno-sin-titulo-1-103-300x251.png 300w, https:\/\/www.zunoticia.com\/noticias-de-hidalgo\/wp-content\/uploads\/2023\/07\/Diseno-sin-titulo-1-103-768x644.png 768w\" sizes=\"(max-width: 940px) 100vw, 940px\" \/><\/figure>\n<\/figure>\n","protected":false},"excerpt":{"rendered":"<p>Por Redacci\u00f3n\/Zunoticia San Felipe Orizatl\u00e1n, Hgo.- Este viernes la presidenta municipal, Erika Saab Lara y Ariadna Penelope Apodaca Sinsel, directora general del Instituto del Adulto Mayor en Hidalgo, junto con Griselda Ram\u00edrez en representaci\u00f3n de Marco Antonio Ramos Moguel, subsecretario de Gobierno en la huasteca, realizaron una supervisi\u00f3n en las instalaciones de la Unidad de&hellip; <a class=\"more-link\" href=\"https:\/\/www.zunoticia.com\/noticias-de-hidalgo\/2023\/07\/21\/la-alcaldesa-y-la-titular-de-iaameh-supervisaron-las-instalaciones-de-la-unidad-de-gerontologico-integral\/\">Seguir leyendo <span class=\"screen-reader-text\">La alcaldesa y la titular de IAAMEH supervisaron las instalaciones de la Unidad de Gerontol\u00f3gico Integral<\/span><\/a><\/p>\n","protected":false},"author":20,"featured_media":495163,"comment_status":"closed","ping_status":"open","sticky":false,"template":"","format":"standard","meta":{"rop_custom_images_group":[],"rop_custom_messages_group":[],"rop_publish_now":"initial","rop_publish_now_accounts":{"facebook_10159540855086992_322828327761733":""},"rop_publish_now_history":[],"rop_publish_now_status":"pending","footnotes":""},"categories":[180],"tags":[129],"class_list":["post-495162","post","type-post","status-publish","format-standard","has-post-thumbnail","hentry","category-orizatlan","tag-orizatlan","entry"],"_links":{"self":[{"href":"https:\/\/www.zunoticia.com\/noticias-de-hidalgo\/wp-json\/wp\/v2\/posts\/495162","targetHints":{"allow":["GET"]}}],"collection":[{"href":"https:\/\/www.zunoticia.com\/noticias-de-hidalgo\/wp-json\/wp\/v2\/posts"}],"about":[{"href":"https:\/\/www.zunoticia.com\/noticias-de-hidalgo\/wp-json\/wp\/v2\/types\/post"}],"author":[{"embeddable":true,"href":"https:\/\/www.zunoticia.com\/noticias-de-hidalgo\/wp-json\/wp\/v2\/users\/20"}],"replies":[{"embeddable":true,"href":"https:\/\/www.zunoticia.com\/noticias-de-hidalgo\/wp-json\/wp\/v2\/comments?post=495162"}],"version-history":[{"count":1,"href":"https:\/\/www.zunoticia.com\/noticias-de-hidalgo\/wp-json\/wp\/v2\/posts\/495162\/revisions"}],"predecessor-version":[{"id":495166,"href":"https:\/\/www.zunoticia.com\/noticias-de-hidalgo\/wp-json\/wp\/v2\/posts\/495162\/revisions\/495166"}],"wp:featuredmedia":[{"embeddable":true,"href":"https:\/\/www.zunoticia.com\/noticias-de-hidalgo\/wp-json\/wp\/v2\/media\/495163"}],"wp:attachment":[{"href":"https:\/\/www.zunoticia.com\/noticias-de-hidalgo\/wp-json\/wp\/v2\/media?parent=495162"}],"wp:term":[{"taxonomy":"category","embeddable":true,"href":"https:\/\/www.zunoticia.com\/noticias-de-hidalgo\/wp-json\/wp\/v2\/categories?post=495162"},{"taxonomy":"post_tag","embeddable":true,"href":"https:\/\/www.zunoticia.com\/noticias-de-hidalgo\/wp-json\/wp\/v2\/tags?post=495162"}],"curies":[{"name":"wp","href":"https:\/\/api.w.org\/{rel}","templated":true}]}}