{"id":495169,"date":"2023-07-21T18:02:40","date_gmt":"2023-07-22T00:02:40","guid":{"rendered":"https:\/\/www.zunoticia.com\/noticias-de-hidalgo\/?p=495169"},"modified":"2023-07-21T18:02:41","modified_gmt":"2023-07-22T00:02:41","slug":"el-mercado-municipal-es-de-todos-no-de-nadie-en-especial","status":"publish","type":"post","link":"https:\/\/www.zunoticia.com\/noticias-de-hidalgo\/2023\/07\/21\/el-mercado-municipal-es-de-todos-no-de-nadie-en-especial\/","title":{"rendered":"\u201cEl mercado municipal es de todos, no de nadie en especial\u201d"},"content":{"rendered":"<aside class=\"mashsb-container mashsb-main mashsb-stretched\"><div class=\"mashsb-box\"><div class=\"mashsb-count mash-large\" style=\"float:left\"><div class=\"counts mashsbcount\">14<\/div><span class=\"mashsb-sharetext\">SHARES<\/span><\/div><div class=\"mashsb-buttons\"><a class=\"mashicon-facebook mash-large mash-center mashsb-noshadow\" href=\"https:\/\/www.facebook.com\/sharer.php?u=https%3A%2F%2Fwww.zunoticia.com%2Fnoticias-de-hidalgo%2F2023%2F07%2F21%2Fel-mercado-municipal-es-de-todos-no-de-nadie-en-especial%2F\" target=\"_top\" rel=\"nofollow\"><span class=\"icon\"><\/span><span class=\"text\">Share<\/span><\/a><a class=\"mashicon-twitter mash-large mash-center mashsb-noshadow\" href=\"https:\/\/twitter.com\/intent\/tweet?text=&amp;url=https:\/\/www.zunoticia.com\/noticias-de-hidalgo\/2023\/07\/21\/el-mercado-municipal-es-de-todos-no-de-nadie-en-especial\/\" target=\"_top\" rel=\"nofollow\"><span class=\"icon\"><\/span><span class=\"text\">Tweet<\/span><\/a><div class=\"onoffswitch2 mash-large mashsb-noshadow\" style=\"display:none\"><\/div><\/div>\n            <\/div>\n                <div style=\"clear:both\"><\/div><div class=\"mashsb-toggle-container\"><\/div><\/aside>\n            <!-- Share buttons by mashshare.net - Version: 4.0.47-->\n<p><em>Por Salvador Altamirano\/Zunoticia<\/em><\/p>\n\n\n\n<p><strong>Huejutla, Hgo<\/strong>.- Comerciantes establecidos en el mercado municipal, propietarios de locales no renteros, enfatizaron que ya es tiempo de que hagan valer sus derechos, designando a trav\u00e9s de asamblea general, de manera democr\u00e1tica, a un dirigente que sirva a los intereses de todos, no de unos cuantos o grupos oscuros.<\/p>\n\n\n\n<p>Subrayaron que los ex &#8211; secretarios anteriores fueron designados por &#8220;dedazo&#8221;, no de manera democr\u00e1tica y el actual, Jorge Lara Garc\u00eda, fue puesto por medios violentos por un grupo de ex &#8211; dirigentes que ya no tienen nada que hacer en el comit\u00e9 directivo, ya pas\u00f3 su tiempo, cuestionaron cu\u00e1l es el inter\u00e9s de seguir ah\u00ed. \u201cNo creemos que de servir, porque no han hecho nada por el mercado, solo han creado conflictos\u201d.<\/p>\n\n\n\n<p>Lo integrantes de la llamada &#8220;Planilla Roja&#8221;, a trav\u00e9s de Pr\u00f3spero Hern\u00e1ndez Hern\u00e1ndez, integrante de la misma, dejaron en claro que, &#8220;el mercado municipal es de todos los locatarios y no de nadie en especial, por lo que ahora con el cambio de siglas partidistas en el Estado de Hidalgo las cosas est\u00e1n cambiando, y Huejutla no debe de ser la excepci\u00f3n, es tiempo propicio para que el pr\u00f3ximo dirigente no sea impuesto por mezquinos acuerdos, que nos ha perjudicado a la mayor\u00eda y beneficiado a unos cuantos\u201d.<\/p>\n\n\n\n<p>Agreg\u00f3 que, la toma de las oficinas de la UCLA por la actual dirigencia fue por &#8220;supuestos&#8221; malos manejos de la anterior, \u201cas\u00ed se nos dijo a todos, pero ahora nos preguntamos, Por qu\u00e9 el nuevo comit\u00e9 que se form\u00f3 renunci\u00f3 casi en su mayor\u00eda desde un principio\u201d.<\/p>\n\n\n\n<p>Para finalizar, Hern\u00e1ndez Hern\u00e1ndez refiri\u00f3 que, esa es una pregunta que Jorge Lara Garc\u00eda tiene la obligaci\u00f3n de contestar, \u201cpero calla, sobre todo porque la mayor\u00eda de los agremiados que tenemos la facultad no reclamamos nuestros derechos, como debe de ser y tampoco exigimos que se emplee el dinero que siempre nos dicen que hay en caja, en mejorar nuestros locales, los de nuestra propiedad y por ende, nuestro centro de trabajo que vergonzosamente estamos permitiendo que est\u00e9 en ruinas\u201d.<\/p>\n\n\n\n<figure class=\"wp-block-image size-full\"><img fetchpriority=\"high\" decoding=\"async\" width=\"940\" height=\"788\" src=\"https:\/\/www.zunoticia.com\/noticias-de-hidalgo\/wp-content\/uploads\/2023\/07\/Diseno-sin-titulo-1-104.png\" alt=\"\" class=\"wp-image-495171\" srcset=\"https:\/\/www.zunoticia.com\/noticias-de-hidalgo\/wp-content\/uploads\/2023\/07\/Diseno-sin-titulo-1-104.png 940w, https:\/\/www.zunoticia.com\/noticias-de-hidalgo\/wp-content\/uploads\/2023\/07\/Diseno-sin-titulo-1-104-300x251.png 300w, https:\/\/www.zunoticia.com\/noticias-de-hidalgo\/wp-content\/uploads\/2023\/07\/Diseno-sin-titulo-1-104-768x644.png 768w\" sizes=\"(max-width: 940px) 100vw, 940px\" \/><\/figure>\n","protected":false},"excerpt":{"rendered":"<p>Por Salvador Altamirano\/Zunoticia Huejutla, Hgo.- Comerciantes establecidos en el mercado municipal, propietarios de locales no renteros, enfatizaron que ya es tiempo de que hagan valer sus derechos, designando a trav\u00e9s de asamblea general, de manera democr\u00e1tica, a un dirigente que sirva a los intereses de todos, no de unos cuantos o grupos oscuros. Subrayaron que&hellip; <a class=\"more-link\" href=\"https:\/\/www.zunoticia.com\/noticias-de-hidalgo\/2023\/07\/21\/el-mercado-municipal-es-de-todos-no-de-nadie-en-especial\/\">Seguir leyendo <span class=\"screen-reader-text\">\u201cEl mercado municipal es de todos, no de nadie en especial\u201d<\/span><\/a><\/p>\n","protected":false},"author":20,"featured_media":495170,"comment_status":"closed","ping_status":"open","sticky":false,"template":"","format":"standard","meta":{"rop_custom_images_group":[],"rop_custom_messages_group":[],"rop_publish_now":"initial","rop_publish_now_accounts":{"facebook_10159540855086992_322828327761733":""},"rop_publish_now_history":[],"rop_publish_now_status":"pending","footnotes":""},"categories":[181],"tags":[121],"class_list":["post-495169","post","type-post","status-publish","format-standard","has-post-thumbnail","hentry","category-huejutla","tag-huejutla","entry"],"_links":{"self":[{"href":"https:\/\/www.zunoticia.com\/noticias-de-hidalgo\/wp-json\/wp\/v2\/posts\/495169","targetHints":{"allow":["GET"]}}],"collection":[{"href":"https:\/\/www.zunoticia.com\/noticias-de-hidalgo\/wp-json\/wp\/v2\/posts"}],"about":[{"href":"https:\/\/www.zunoticia.com\/noticias-de-hidalgo\/wp-json\/wp\/v2\/types\/post"}],"author":[{"embeddable":true,"href":"https:\/\/www.zunoticia.com\/noticias-de-hidalgo\/wp-json\/wp\/v2\/users\/20"}],"replies":[{"embeddable":true,"href":"https:\/\/www.zunoticia.com\/noticias-de-hidalgo\/wp-json\/wp\/v2\/comments?post=495169"}],"version-history":[{"count":1,"href":"https:\/\/www.zunoticia.com\/noticias-de-hidalgo\/wp-json\/wp\/v2\/posts\/495169\/revisions"}],"predecessor-version":[{"id":495172,"href":"https:\/\/www.zunoticia.com\/noticias-de-hidalgo\/wp-json\/wp\/v2\/posts\/495169\/revisions\/495172"}],"wp:featuredmedia":[{"embeddable":true,"href":"https:\/\/www.zunoticia.com\/noticias-de-hidalgo\/wp-json\/wp\/v2\/media\/495170"}],"wp:attachment":[{"href":"https:\/\/www.zunoticia.com\/noticias-de-hidalgo\/wp-json\/wp\/v2\/media?parent=495169"}],"wp:term":[{"taxonomy":"category","embeddable":true,"href":"https:\/\/www.zunoticia.com\/noticias-de-hidalgo\/wp-json\/wp\/v2\/categories?post=495169"},{"taxonomy":"post_tag","embeddable":true,"href":"https:\/\/www.zunoticia.com\/noticias-de-hidalgo\/wp-json\/wp\/v2\/tags?post=495169"}],"curies":[{"name":"wp","href":"https:\/\/api.w.org\/{rel}","templated":true}]}}