{"id":495191,"date":"2023-07-21T18:21:55","date_gmt":"2023-07-22T00:21:55","guid":{"rendered":"https:\/\/www.zunoticia.com\/noticias-de-hidalgo\/?p=495191"},"modified":"2023-07-21T18:21:56","modified_gmt":"2023-07-22T00:21:56","slug":"convocan-a-la-2a-edicion-del-concurso-proyectos-cientificos-culturales-y-deportivos-para-ninas-y-adolescentes","status":"publish","type":"post","link":"https:\/\/www.zunoticia.com\/noticias-de-hidalgo\/2023\/07\/21\/convocan-a-la-2a-edicion-del-concurso-proyectos-cientificos-culturales-y-deportivos-para-ninas-y-adolescentes\/","title":{"rendered":"Convocan a la 2\u00aa Edici\u00f3n del Concurso Proyectos Cient\u00edficos, Culturales y Deportivos para Ni\u00f1as y Adolescentes"},"content":{"rendered":"<aside class=\"mashsb-container mashsb-main mashsb-stretched\"><div class=\"mashsb-box\"><div class=\"mashsb-count mash-large\" style=\"float:left\"><div class=\"counts mashsbcount\">0<\/div><span class=\"mashsb-sharetext\">SHARES<\/span><\/div><div class=\"mashsb-buttons\"><a class=\"mashicon-facebook mash-large mash-center mashsb-noshadow\" href=\"https:\/\/www.facebook.com\/sharer.php?u=https%3A%2F%2Fwww.zunoticia.com%2Fnoticias-de-hidalgo%2F2023%2F07%2F21%2Fconvocan-a-la-2a-edicion-del-concurso-proyectos-cientificos-culturales-y-deportivos-para-ninas-y-adolescentes%2F\" target=\"_top\" rel=\"nofollow\"><span class=\"icon\"><\/span><span class=\"text\">Share<\/span><\/a><a class=\"mashicon-twitter mash-large mash-center mashsb-noshadow\" href=\"https:\/\/twitter.com\/intent\/tweet?text=&amp;url=https:\/\/www.zunoticia.com\/noticias-de-hidalgo\/2023\/07\/21\/convocan-a-la-2a-edicion-del-concurso-proyectos-cientificos-culturales-y-deportivos-para-ninas-y-adolescentes\/\" target=\"_top\" rel=\"nofollow\"><span class=\"icon\"><\/span><span class=\"text\">Tweet<\/span><\/a><div class=\"onoffswitch2 mash-large mashsb-noshadow\" style=\"display:none\"><\/div><\/div>\n            <\/div>\n                <div style=\"clear:both\"><\/div><div class=\"mashsb-toggle-container\"><\/div><\/aside>\n            <!-- Share buttons by mashshare.net - Version: 4.0.47-->\n<p><em>Por \u00c1ngel Silverio\/ Zunoticia<\/em><\/p>\n\n\n\n<p><strong>Jaltoc\u00e1n, Hgo<\/strong>.- El \u00e1rea de la Instancia de la Mujer, dio a conocer que se ha lanzado la convocatoria para participar en concurso de Proyectos cient\u00edficos, culturales y deportivos para ni\u00f1os y adolescentes, por lo que invit\u00f3 a los jaltocaneses a ser part\u00edcipes .<\/p>\n\n\n\n<p>Idalia Lara Ram\u00edrez, se\u00f1al\u00f3 que, este concurso es organizado por el Instituto Nacional de la Mujeres en coordinaci\u00f3n con diversas instituciones y tiene como objetivo que las ni\u00f1as y las mujeres adolescentes mexicanas, impulsen su creatividad y su capacidad de liderazgo creando proyectos escritos o audiovisuales que promuevan la igualdad entre mujeres y hombres sobre tres temas principales: ciencia, cultura o deporte.<\/p>\n\n\n\n<p>La convocatoria est\u00e1 dirigida a ni\u00f1as o mujeres adolescentes, de entre 10 y 19 a\u00f1os de edad, quienes podr\u00e1n integrar un equipo de cinco participantes, que pueden ser amigas, hermanas, primas o compa\u00f1eras de escuela y que vivan en cualquier Estado del pa\u00eds, no importa el lugar de residencia de cada una de las participantes al formar el equipo.<\/p>\n\n\n\n<p>Cada equipo deber\u00e1 elaborar un proyecto en alguno de los siguientes temas: ciencia, cultura o deporte. Para registrar los proyectos, los equipos deber\u00e1n clasificarse de acuerdo con las siguientes categor\u00edas: categor\u00eda A, Ni\u00f1as con una edad de entre 10 y 14 a\u00f1os cumplidos un d\u00eda antes de la emisi\u00f3n de las presentes bases; B. Adolescentes (mujeres) con una edad de entre 15 y 19 a\u00f1os cumplidos un d\u00eda antes de la emisi\u00f3n de las presentes bases.<\/p>\n\n\n\n<p>La recepci\u00f3n de proyectos estar\u00e1 abierta hasta el cierre de esta, el mi\u00e9rcoles 9 de agosto de 2023, antes de las 23:59 horas y los proyectos deber\u00e1n ser registrados en los formularios que a continuaci\u00f3n se indican, dependiendo de la categor\u00eda y el eje tem\u00e1tico seleccionado, Categor\u00eda A, Categor\u00eda B Proyecto Cient\u00edfico,https:\/\/forms.gle\/Uk8yHVYzTWuZLAZW7, https:\/\/forms.gle\/FpsNF5TUJeZq71eM8, Proyecto Cultural ,https:\/\/forms.gle\/z21xpMq1oafv5HPE8, https:\/\/forms.gle\/Lc2N5L9ddUBHPhLM9 Proyecto Deportivo https:\/\/forms.gle\/tJepb2UCN1gTcVr47, https:\/\/forms.gle\/B5RvUrviripa75au6<\/p>\n","protected":false},"excerpt":{"rendered":"<p>Por \u00c1ngel Silverio\/ Zunoticia Jaltoc\u00e1n, Hgo.- El \u00e1rea de la Instancia de la Mujer, dio a conocer que se ha lanzado la convocatoria para participar en concurso de Proyectos cient\u00edficos, culturales y deportivos para ni\u00f1os y adolescentes, por lo que invit\u00f3 a los jaltocaneses a ser part\u00edcipes . Idalia Lara Ram\u00edrez, se\u00f1al\u00f3 que, este concurso&hellip; <a class=\"more-link\" href=\"https:\/\/www.zunoticia.com\/noticias-de-hidalgo\/2023\/07\/21\/convocan-a-la-2a-edicion-del-concurso-proyectos-cientificos-culturales-y-deportivos-para-ninas-y-adolescentes\/\">Seguir leyendo <span class=\"screen-reader-text\">Convocan a la 2\u00aa Edici\u00f3n del Concurso Proyectos Cient\u00edficos, Culturales y Deportivos para Ni\u00f1as y Adolescentes<\/span><\/a><\/p>\n","protected":false},"author":20,"featured_media":495192,"comment_status":"closed","ping_status":"open","sticky":false,"template":"","format":"standard","meta":{"rop_custom_images_group":[],"rop_custom_messages_group":[],"rop_publish_now":"initial","rop_publish_now_accounts":{"facebook_10159540855086992_322828327761733":""},"rop_publish_now_history":[],"rop_publish_now_status":"pending","footnotes":""},"categories":[200],"tags":[131],"class_list":["post-495191","post","type-post","status-publish","format-standard","has-post-thumbnail","hentry","category-jaltocan","tag-jaltocan","entry"],"_links":{"self":[{"href":"https:\/\/www.zunoticia.com\/noticias-de-hidalgo\/wp-json\/wp\/v2\/posts\/495191","targetHints":{"allow":["GET"]}}],"collection":[{"href":"https:\/\/www.zunoticia.com\/noticias-de-hidalgo\/wp-json\/wp\/v2\/posts"}],"about":[{"href":"https:\/\/www.zunoticia.com\/noticias-de-hidalgo\/wp-json\/wp\/v2\/types\/post"}],"author":[{"embeddable":true,"href":"https:\/\/www.zunoticia.com\/noticias-de-hidalgo\/wp-json\/wp\/v2\/users\/20"}],"replies":[{"embeddable":true,"href":"https:\/\/www.zunoticia.com\/noticias-de-hidalgo\/wp-json\/wp\/v2\/comments?post=495191"}],"version-history":[{"count":1,"href":"https:\/\/www.zunoticia.com\/noticias-de-hidalgo\/wp-json\/wp\/v2\/posts\/495191\/revisions"}],"predecessor-version":[{"id":495193,"href":"https:\/\/www.zunoticia.com\/noticias-de-hidalgo\/wp-json\/wp\/v2\/posts\/495191\/revisions\/495193"}],"wp:featuredmedia":[{"embeddable":true,"href":"https:\/\/www.zunoticia.com\/noticias-de-hidalgo\/wp-json\/wp\/v2\/media\/495192"}],"wp:attachment":[{"href":"https:\/\/www.zunoticia.com\/noticias-de-hidalgo\/wp-json\/wp\/v2\/media?parent=495191"}],"wp:term":[{"taxonomy":"category","embeddable":true,"href":"https:\/\/www.zunoticia.com\/noticias-de-hidalgo\/wp-json\/wp\/v2\/categories?post=495191"},{"taxonomy":"post_tag","embeddable":true,"href":"https:\/\/www.zunoticia.com\/noticias-de-hidalgo\/wp-json\/wp\/v2\/tags?post=495191"}],"curies":[{"name":"wp","href":"https:\/\/api.w.org\/{rel}","templated":true}]}}