{"id":495245,"date":"2023-07-21T21:10:16","date_gmt":"2023-07-22T03:10:16","guid":{"rendered":"https:\/\/www.zunoticia.com\/noticias-de-hidalgo\/?p=495245"},"modified":"2023-07-21T21:10:18","modified_gmt":"2023-07-22T03:10:18","slug":"recuerdan-11-anos-de-la-tragedia-en-santa-teresa","status":"publish","type":"post","link":"https:\/\/www.zunoticia.com\/noticias-de-hidalgo\/2023\/07\/21\/recuerdan-11-anos-de-la-tragedia-en-santa-teresa\/","title":{"rendered":"Recuerdan 11 a\u00f1os de la tragedia en Santa Teresa"},"content":{"rendered":"<aside class=\"mashsb-container mashsb-main mashsb-stretched\"><div class=\"mashsb-box\"><div class=\"mashsb-count mash-large\" style=\"float:left\"><div class=\"counts mashsbcount\">70<\/div><span class=\"mashsb-sharetext\">SHARES<\/span><\/div><div class=\"mashsb-buttons\"><a class=\"mashicon-facebook mash-large mash-center mashsb-noshadow\" href=\"https:\/\/www.facebook.com\/sharer.php?u=https%3A%2F%2Fwww.zunoticia.com%2Fnoticias-de-hidalgo%2F2023%2F07%2F21%2Frecuerdan-11-anos-de-la-tragedia-en-santa-teresa%2F\" target=\"_top\" rel=\"nofollow\"><span class=\"icon\"><\/span><span class=\"text\">Share<\/span><\/a><a class=\"mashicon-twitter mash-large mash-center mashsb-noshadow\" href=\"https:\/\/twitter.com\/intent\/tweet?text=&amp;url=https:\/\/www.zunoticia.com\/noticias-de-hidalgo\/2023\/07\/21\/recuerdan-11-anos-de-la-tragedia-en-santa-teresa\/\" target=\"_top\" rel=\"nofollow\"><span class=\"icon\"><\/span><span class=\"text\">Tweet<\/span><\/a><div class=\"onoffswitch2 mash-large mashsb-noshadow\" style=\"display:none\"><\/div><\/div>\n            <\/div>\n                <div style=\"clear:both\"><\/div><div class=\"mashsb-toggle-container\"><\/div><\/aside>\n            <!-- Share buttons by mashshare.net - Version: 4.0.47-->\n<p><em>Por Roberto Meza\/Zunoticia<\/em><\/p>\n\n\n\n<p><strong>Yahualica, Hgo.-<\/strong> Habitantes de la comunidad de Santa Teresa de este municipio, recordaron la tragedia que hace 11 a\u00f1os los sorprendi\u00f3; un deslizamiento de tierra que afect\u00f3 a decenas de familias, adem\u00e1s hubo muchos heridos y una muerta, a 11 a\u00f1os de ese hecho hoy los sigue invadiendo la tristeza de haber perdido todo lo que ten\u00edan.<\/p>\n\n\n\n<figure class=\"wp-block-image size-full\"><img fetchpriority=\"high\" decoding=\"async\" width=\"720\" height=\"473\" src=\"https:\/\/www.zunoticia.com\/noticias-de-hidalgo\/wp-content\/uploads\/2023\/07\/Imagen-de-WhatsApp-2023-07-21-a-las-17.12.13.jpg\" alt=\"\" class=\"wp-image-495231\" srcset=\"https:\/\/www.zunoticia.com\/noticias-de-hidalgo\/wp-content\/uploads\/2023\/07\/Imagen-de-WhatsApp-2023-07-21-a-las-17.12.13.jpg 720w, https:\/\/www.zunoticia.com\/noticias-de-hidalgo\/wp-content\/uploads\/2023\/07\/Imagen-de-WhatsApp-2023-07-21-a-las-17.12.13-300x197.jpg 300w\" sizes=\"(max-width: 720px) 100vw, 720px\" \/><\/figure>\n\n\n\n<p>Fue un s\u00e1bado 21 de julio del a\u00f1o 2012, un d\u00eda de tianguis cualquiera en ese pueblo, sorpresivamente en la tarde los sorprendi\u00f3 el deslizamiento de tierra, destruyendo todo a su paso, muchas personas estaban atrapadas entre los escombros y que fueron rescatadas con vida.<\/p>\n\n\n\n<figure class=\"wp-block-image size-large\"><img decoding=\"async\" width=\"1024\" height=\"472\" src=\"https:\/\/www.zunoticia.com\/noticias-de-hidalgo\/wp-content\/uploads\/2023\/07\/Imagen-de-WhatsApp-2023-07-21-a-las-17.12.141-1024x472.jpg\" alt=\"\" class=\"wp-image-495233\" srcset=\"https:\/\/www.zunoticia.com\/noticias-de-hidalgo\/wp-content\/uploads\/2023\/07\/Imagen-de-WhatsApp-2023-07-21-a-las-17.12.141-1024x472.jpg 1024w, https:\/\/www.zunoticia.com\/noticias-de-hidalgo\/wp-content\/uploads\/2023\/07\/Imagen-de-WhatsApp-2023-07-21-a-las-17.12.141-300x138.jpg 300w, https:\/\/www.zunoticia.com\/noticias-de-hidalgo\/wp-content\/uploads\/2023\/07\/Imagen-de-WhatsApp-2023-07-21-a-las-17.12.141-768x354.jpg 768w, https:\/\/www.zunoticia.com\/noticias-de-hidalgo\/wp-content\/uploads\/2023\/07\/Imagen-de-WhatsApp-2023-07-21-a-las-17.12.141.jpg 1280w\" sizes=\"(max-width: 1024px) 100vw, 1024px\" \/><\/figure>\n\n\n\n<p>El desastre natural afect\u00f3 de manera directa a 50 familias, de 52 viviendas que se cayeron, desplazando a m\u00e1s de 300 personas, as\u00ed mismo una mujer de la tercera edad falleci\u00f3, ya que hab\u00eda ido a ofertar sus productos en el tianguis sabatino de esa localidad y no alcanz\u00f3 a irse del lugar.<\/p>\n\n\n\n<figure class=\"wp-block-image size-full\"><img decoding=\"async\" width=\"720\" height=\"452\" src=\"https:\/\/www.zunoticia.com\/noticias-de-hidalgo\/wp-content\/uploads\/2023\/07\/Imagen-de-WhatsApp-2023-07-21-a-las-17.12.142.jpg\" alt=\"\" class=\"wp-image-495234\" srcset=\"https:\/\/www.zunoticia.com\/noticias-de-hidalgo\/wp-content\/uploads\/2023\/07\/Imagen-de-WhatsApp-2023-07-21-a-las-17.12.142.jpg 720w, https:\/\/www.zunoticia.com\/noticias-de-hidalgo\/wp-content\/uploads\/2023\/07\/Imagen-de-WhatsApp-2023-07-21-a-las-17.12.142-300x188.jpg 300w\" sizes=\"(max-width: 720px) 100vw, 720px\" \/><\/figure>\n\n\n\n<p>Tras varios a\u00f1os de lucha y gestiones, las m\u00e1s de 50 familias afectadas lograron que se les apoyara con sus viviendas, fundando la colonia 21 de Julio, y este d\u00eda en esa poblaci\u00f3n efectuaron una misa de acci\u00f3n de gracias, como una forma de agradecer a Dios por haberles permitido enfrentar esta desgracia.<\/p>\n\n\n\n<p>El licenciado Ad\u00e1n Mart\u00ednez Cruz, vecino de esa localidad, dijo que un d\u00eda como hoy, pero del a\u00f1o 2012, se un\u00edan ante una desgracia natural &#8220;vi a mi pueblo olvidar diferencias, vi la solidaridad, empat\u00eda y humanismo entre vecinos&#8221;.<\/p>\n","protected":false},"excerpt":{"rendered":"<p>Por Roberto Meza\/Zunoticia Yahualica, Hgo.- Habitantes de la comunidad de Santa Teresa de este municipio, recordaron la tragedia que hace 11 a\u00f1os los sorprendi\u00f3; un deslizamiento de tierra que afect\u00f3 a decenas de familias, adem\u00e1s hubo muchos heridos y una muerta, a 11 a\u00f1os de ese hecho hoy los sigue invadiendo la tristeza de haber&hellip; <a class=\"more-link\" href=\"https:\/\/www.zunoticia.com\/noticias-de-hidalgo\/2023\/07\/21\/recuerdan-11-anos-de-la-tragedia-en-santa-teresa\/\">Seguir leyendo <span class=\"screen-reader-text\">Recuerdan 11 a\u00f1os de la tragedia en Santa Teresa<\/span><\/a><\/p>\n","protected":false},"author":12,"featured_media":495232,"comment_status":"closed","ping_status":"open","sticky":false,"template":"","format":"standard","meta":{"rop_custom_images_group":[],"rop_custom_messages_group":[],"rop_publish_now":"initial","rop_publish_now_accounts":{"facebook_10159540855086992_322828327761733":""},"rop_publish_now_history":[],"rop_publish_now_status":"pending","footnotes":""},"categories":[178],"tags":[259],"class_list":["post-495245","post","type-post","status-publish","format-standard","has-post-thumbnail","hentry","category-policiaca","tag-policiaca","entry"],"_links":{"self":[{"href":"https:\/\/www.zunoticia.com\/noticias-de-hidalgo\/wp-json\/wp\/v2\/posts\/495245","targetHints":{"allow":["GET"]}}],"collection":[{"href":"https:\/\/www.zunoticia.com\/noticias-de-hidalgo\/wp-json\/wp\/v2\/posts"}],"about":[{"href":"https:\/\/www.zunoticia.com\/noticias-de-hidalgo\/wp-json\/wp\/v2\/types\/post"}],"author":[{"embeddable":true,"href":"https:\/\/www.zunoticia.com\/noticias-de-hidalgo\/wp-json\/wp\/v2\/users\/12"}],"replies":[{"embeddable":true,"href":"https:\/\/www.zunoticia.com\/noticias-de-hidalgo\/wp-json\/wp\/v2\/comments?post=495245"}],"version-history":[{"count":1,"href":"https:\/\/www.zunoticia.com\/noticias-de-hidalgo\/wp-json\/wp\/v2\/posts\/495245\/revisions"}],"predecessor-version":[{"id":495248,"href":"https:\/\/www.zunoticia.com\/noticias-de-hidalgo\/wp-json\/wp\/v2\/posts\/495245\/revisions\/495248"}],"wp:featuredmedia":[{"embeddable":true,"href":"https:\/\/www.zunoticia.com\/noticias-de-hidalgo\/wp-json\/wp\/v2\/media\/495232"}],"wp:attachment":[{"href":"https:\/\/www.zunoticia.com\/noticias-de-hidalgo\/wp-json\/wp\/v2\/media?parent=495245"}],"wp:term":[{"taxonomy":"category","embeddable":true,"href":"https:\/\/www.zunoticia.com\/noticias-de-hidalgo\/wp-json\/wp\/v2\/categories?post=495245"},{"taxonomy":"post_tag","embeddable":true,"href":"https:\/\/www.zunoticia.com\/noticias-de-hidalgo\/wp-json\/wp\/v2\/tags?post=495245"}],"curies":[{"name":"wp","href":"https:\/\/api.w.org\/{rel}","templated":true}]}}