{"id":495251,"date":"2023-07-21T21:33:33","date_gmt":"2023-07-22T03:33:33","guid":{"rendered":"https:\/\/www.zunoticia.com\/noticias-de-hidalgo\/?p=495251"},"modified":"2023-07-21T21:33:34","modified_gmt":"2023-07-22T03:33:34","slug":"realiza-menchaca-inauguracion-de-oficinas-de-la-procuraduria-agraria","status":"publish","type":"post","link":"https:\/\/www.zunoticia.com\/noticias-de-hidalgo\/2023\/07\/21\/realiza-menchaca-inauguracion-de-oficinas-de-la-procuraduria-agraria\/","title":{"rendered":"Realiza Menchaca inauguraci\u00f3n de oficinas de la Procuradur\u00eda Agraria"},"content":{"rendered":"<aside class=\"mashsb-container mashsb-main mashsb-stretched\"><div class=\"mashsb-box\"><div class=\"mashsb-count mash-large\" style=\"float:left\"><div class=\"counts mashsbcount\">0<\/div><span class=\"mashsb-sharetext\">SHARES<\/span><\/div><div class=\"mashsb-buttons\"><a class=\"mashicon-facebook mash-large mash-center mashsb-noshadow\" href=\"https:\/\/www.facebook.com\/sharer.php?u=https%3A%2F%2Fwww.zunoticia.com%2Fnoticias-de-hidalgo%2F2023%2F07%2F21%2Frealiza-menchaca-inauguracion-de-oficinas-de-la-procuraduria-agraria%2F\" target=\"_top\" rel=\"nofollow\"><span class=\"icon\"><\/span><span class=\"text\">Share<\/span><\/a><a class=\"mashicon-twitter mash-large mash-center mashsb-noshadow\" href=\"https:\/\/twitter.com\/intent\/tweet?text=&amp;url=https:\/\/www.zunoticia.com\/noticias-de-hidalgo\/2023\/07\/21\/realiza-menchaca-inauguracion-de-oficinas-de-la-procuraduria-agraria\/\" target=\"_top\" rel=\"nofollow\"><span class=\"icon\"><\/span><span class=\"text\">Tweet<\/span><\/a><div class=\"onoffswitch2 mash-large mashsb-noshadow\" style=\"display:none\"><\/div><\/div>\n            <\/div>\n                <div style=\"clear:both\"><\/div><div class=\"mashsb-toggle-container\"><\/div><\/aside>\n            <!-- Share buttons by mashshare.net - Version: 4.0.47-->\n<ul class=\"wp-block-list\">\n<li>Tras una d\u00e9cada improvisando oficinas para dar atenci\u00f3n a las y los campesinos, hoy se les brinda un espacio digno.<\/li>\n<\/ul>\n\n\n\n<p><em>Por Redacci\u00f3n\/Zunoticia<\/em><\/p>\n\n\n\n<p><strong>Pachuca de Soto, Hgo.-<\/strong> Al inaugurar las oficinas de la representaci\u00f3n en Hidalgo de la Procuradur\u00eda Agraria, el gobernador Julio Menchaca Salazar, asegur\u00f3 que la ruta que ha marcado el presidente Andr\u00e9s Manuel L\u00f3pez Obrador, es trabajar con altura de miras, con el objetivo de transformar el pa\u00eds, los estados, los municipios y las comunidades.<\/p>\n\n\n\n<p>En compa\u00f1\u00eda del procurador agrario, Andr\u00e9s Vel\u00e1zquez V\u00e1zquez, el mandatario estatal refiri\u00f3 que este organismo le brinda certeza jur\u00eddica a todo el sector campesino y busca transformarlo de fondo: \u201cPor eso, el que hoy estemos en un lugar que ofrece atenci\u00f3n digna, que ofrece un espacio de atenci\u00f3n, de prestaci\u00f3n de un servicio fundamental, es motivo de satisfacci\u00f3n\u201d.<\/p>\n\n\n\n<figure class=\"wp-block-image size-large\"><img fetchpriority=\"high\" decoding=\"async\" width=\"1024\" height=\"683\" src=\"https:\/\/www.zunoticia.com\/noticias-de-hidalgo\/wp-content\/uploads\/2023\/07\/eZy-Watermark-21-07-2023-09-30-47-4160p.m.-1024x683.jpg\" alt=\"\" class=\"wp-image-495257\" srcset=\"https:\/\/www.zunoticia.com\/noticias-de-hidalgo\/wp-content\/uploads\/2023\/07\/eZy-Watermark-21-07-2023-09-30-47-4160p.m.-1024x683.jpg 1024w, https:\/\/www.zunoticia.com\/noticias-de-hidalgo\/wp-content\/uploads\/2023\/07\/eZy-Watermark-21-07-2023-09-30-47-4160p.m.-300x200.jpg 300w, https:\/\/www.zunoticia.com\/noticias-de-hidalgo\/wp-content\/uploads\/2023\/07\/eZy-Watermark-21-07-2023-09-30-47-4160p.m.-768x512.jpg 768w, https:\/\/www.zunoticia.com\/noticias-de-hidalgo\/wp-content\/uploads\/2023\/07\/eZy-Watermark-21-07-2023-09-30-47-4160p.m..jpg 1280w\" sizes=\"(max-width: 1024px) 100vw, 1024px\" \/><\/figure>\n\n\n\n<p>De igual forma, Menchaca Salazar enfatiz\u00f3 que se est\u00e1 trabajando para exista un Tribunal Agrario en la Huasteca y con ello evitar que las personas que necesitan llevar a cabo alg\u00fan tr\u00e1mite o gesti\u00f3n tengan que viajar hasta Tampico.<\/p>\n\n\n\n<p>En su mensaje, Vel\u00e1zquez V\u00e1zquez indic\u00f3 que este organismo descentralizado cuenta personalidad jur\u00eddica y patrimonio propio, y est\u00e1 dedicado a la defensa de ejidatarios y comuneros. Asimismo, se\u00f1al\u00f3 que en el estado de Hidalgo existen mil 171 n\u00facleos agrarios, mismos que ocupan el 65 % de su territorio.<\/p>\n\n\n\n<p>Agreg\u00f3 que quienes acudan a estas oficinas recibir\u00e1n asesor\u00eda y capacitaci\u00f3n con calidez, cordialidad y eficiencia, pues ser\u00e1n respaldados por servidores p\u00fablicos que tienen un perfil profesional en materia agraria.<\/p>\n\n\n\n<p>Mart\u00edn Careaga Olvera, coordinador general de Oficinas de Representaci\u00f3n de la Procuradur\u00eda Agraria, reconoci\u00f3 el trabajo y labor que ha hecho Julio Menchaca y manifest\u00f3: &#8220;Somos creyentes en la parte de la seguridad jur\u00eddica que debemos aportar a los n\u00facleos a los cuales nos debemos y si hay alguien que ha apoyado esas actividades, ha sido fundamentalmente el gobernador&#8221;.<\/p>\n\n\n\n<p>Asimismo, record\u00f3 que desde que Julio Menchaca era senador y presidente de la Comisi\u00f3n de Justicia, apoy\u00f3 los ajustes necesarios para que las leyes que brindar\u00e1n seguridad plena a las mujeres y los hombres del campo, y trabaj\u00f3 en pro de la igualdad de g\u00e9nero.<\/p>\n\n\n\n<p>Finalmente, puntualiz\u00f3 que esta dependencia tiene como objetivo dar certeza jur\u00eddica en la tenencia de la tierra, la renovaci\u00f3n de \u00f3rganos, as\u00ed como los padrones ejidales, solo por mencionar algunos.<\/p>\n","protected":false},"excerpt":{"rendered":"<p>Por Redacci\u00f3n\/Zunoticia Pachuca de Soto, Hgo.- Al inaugurar las oficinas de la representaci\u00f3n en Hidalgo de la Procuradur\u00eda Agraria, el gobernador Julio Menchaca Salazar, asegur\u00f3 que la ruta que ha marcado el presidente Andr\u00e9s Manuel L\u00f3pez Obrador, es trabajar con altura de miras, con el objetivo de transformar el pa\u00eds, los estados, los municipios y&hellip; <a class=\"more-link\" href=\"https:\/\/www.zunoticia.com\/noticias-de-hidalgo\/2023\/07\/21\/realiza-menchaca-inauguracion-de-oficinas-de-la-procuraduria-agraria\/\">Seguir leyendo <span class=\"screen-reader-text\">Realiza Menchaca inauguraci\u00f3n de oficinas de la Procuradur\u00eda Agraria<\/span><\/a><\/p>\n","protected":false},"author":12,"featured_media":495256,"comment_status":"closed","ping_status":"open","sticky":false,"template":"","format":"standard","meta":{"rop_custom_images_group":[],"rop_custom_messages_group":[],"rop_publish_now":"initial","rop_publish_now_accounts":{"facebook_10159540855086992_322828327761733":""},"rop_publish_now_history":[],"rop_publish_now_status":"pending","footnotes":""},"categories":[208],"tags":[214],"class_list":["post-495251","post","type-post","status-publish","format-standard","has-post-thumbnail","hentry","category-estado","tag-estado","entry"],"_links":{"self":[{"href":"https:\/\/www.zunoticia.com\/noticias-de-hidalgo\/wp-json\/wp\/v2\/posts\/495251","targetHints":{"allow":["GET"]}}],"collection":[{"href":"https:\/\/www.zunoticia.com\/noticias-de-hidalgo\/wp-json\/wp\/v2\/posts"}],"about":[{"href":"https:\/\/www.zunoticia.com\/noticias-de-hidalgo\/wp-json\/wp\/v2\/types\/post"}],"author":[{"embeddable":true,"href":"https:\/\/www.zunoticia.com\/noticias-de-hidalgo\/wp-json\/wp\/v2\/users\/12"}],"replies":[{"embeddable":true,"href":"https:\/\/www.zunoticia.com\/noticias-de-hidalgo\/wp-json\/wp\/v2\/comments?post=495251"}],"version-history":[{"count":1,"href":"https:\/\/www.zunoticia.com\/noticias-de-hidalgo\/wp-json\/wp\/v2\/posts\/495251\/revisions"}],"predecessor-version":[{"id":495260,"href":"https:\/\/www.zunoticia.com\/noticias-de-hidalgo\/wp-json\/wp\/v2\/posts\/495251\/revisions\/495260"}],"wp:featuredmedia":[{"embeddable":true,"href":"https:\/\/www.zunoticia.com\/noticias-de-hidalgo\/wp-json\/wp\/v2\/media\/495256"}],"wp:attachment":[{"href":"https:\/\/www.zunoticia.com\/noticias-de-hidalgo\/wp-json\/wp\/v2\/media?parent=495251"}],"wp:term":[{"taxonomy":"category","embeddable":true,"href":"https:\/\/www.zunoticia.com\/noticias-de-hidalgo\/wp-json\/wp\/v2\/categories?post=495251"},{"taxonomy":"post_tag","embeddable":true,"href":"https:\/\/www.zunoticia.com\/noticias-de-hidalgo\/wp-json\/wp\/v2\/tags?post=495251"}],"curies":[{"name":"wp","href":"https:\/\/api.w.org\/{rel}","templated":true}]}}