{"id":495261,"date":"2023-07-21T21:49:18","date_gmt":"2023-07-22T03:49:18","guid":{"rendered":"https:\/\/www.zunoticia.com\/noticias-de-hidalgo\/?p=495261"},"modified":"2023-07-21T21:49:19","modified_gmt":"2023-07-22T03:49:19","slug":"impacta-falta-de-lluvias-apicultores-pasan-por-temporada-critica","status":"publish","type":"post","link":"https:\/\/www.zunoticia.com\/noticias-de-hidalgo\/2023\/07\/21\/impacta-falta-de-lluvias-apicultores-pasan-por-temporada-critica\/","title":{"rendered":"Impacta falta de lluvias; apicultores pasan por temporada cr\u00edtica"},"content":{"rendered":"<aside class=\"mashsb-container mashsb-main mashsb-stretched\"><div class=\"mashsb-box\"><div class=\"mashsb-count mash-large\" style=\"float:left\"><div class=\"counts mashsbcount\">20<\/div><span class=\"mashsb-sharetext\">SHARES<\/span><\/div><div class=\"mashsb-buttons\"><a class=\"mashicon-facebook mash-large mash-center mashsb-noshadow\" href=\"https:\/\/www.facebook.com\/sharer.php?u=https%3A%2F%2Fwww.zunoticia.com%2Fnoticias-de-hidalgo%2F2023%2F07%2F21%2Fimpacta-falta-de-lluvias-apicultores-pasan-por-temporada-critica%2F\" target=\"_top\" rel=\"nofollow\"><span class=\"icon\"><\/span><span class=\"text\">Share<\/span><\/a><a class=\"mashicon-twitter mash-large mash-center mashsb-noshadow\" href=\"https:\/\/twitter.com\/intent\/tweet?text=&amp;url=https:\/\/www.zunoticia.com\/noticias-de-hidalgo\/2023\/07\/21\/impacta-falta-de-lluvias-apicultores-pasan-por-temporada-critica\/\" target=\"_top\" rel=\"nofollow\"><span class=\"icon\"><\/span><span class=\"text\">Tweet<\/span><\/a><div class=\"onoffswitch2 mash-large mashsb-noshadow\" style=\"display:none\"><\/div><\/div>\n            <\/div>\n                <div style=\"clear:both\"><\/div><div class=\"mashsb-toggle-container\"><\/div><\/aside>\n            <!-- Share buttons by mashshare.net - Version: 4.0.47-->\n<p><em>Por Enedino Hern\u00e1ndez\/Zunoticia<\/em><\/p>\n\n\n\n<p><strong>Huejutla, Hgo.-<\/strong> Ante la falta de lluvias en esta zona de la huasteca, los Apicultores al momento pasan por una temporada muy cr\u00edtica, confirma el representantes de los productores de la miel, Ismael Marcos Juli\u00e1n; se\u00f1alando que las temperaturas se han elevado y eso provoca que las colmenas tengan un mayor problema para la producci\u00f3n.<\/p>\n\n\n\n<p>Expone que, en los meses de julio y agosto no se tiene o no hay floraci\u00f3n, eso incrementa el problema, se complica la situaci\u00f3n, se sufre m\u00e1s y los apicultores deben de estar mucho m\u00e1s pendientes de las abejas, debe de proporcion\u00e1rseles jarabes; las abejas necesitan de un reforzamiento alimenticio.<\/p>\n\n\n\n<p>Considera que es muy necesario estar m\u00e1s atentos en el cuidado de las abejas, ya que de lo contrario suelen emigrar ante la falta de alimento. Los apicultores deben de aplicar las estrategias necesarias para poder conservar sus colmenas, se tienen que buscar muchas maneras para que las abejas no vayan a la baja.<\/p>\n\n\n\n<p>A\u00f1ade que, en ocasiones, aun d\u00e1ndoles la alimentaci\u00f3n suelen emigrar, por lo que es necesario fortalecer los cuidados para mantener las abejas en la colmena, definitivamente todos los apicultores pasan por una crisis en estos momentos.<\/p>\n\n\n\n<p>Ismael Marcos concluye mencionando que, la temporada m\u00e1s cr\u00edtica del a\u00f1o por la cual atraviesan los apicultores generalmente es de junio, julio y agosto, esto se tiene a\u00f1o con a\u00f1o ante la falta de alimentos, pero en esta ocasi\u00f3n la situaci\u00f3n es peor porque las temperaturas se han elevado demasiado, por ello se debe de ver la alimentaci\u00f3n para las abejas.<\/p>\n","protected":false},"excerpt":{"rendered":"<p>Por Enedino Hern\u00e1ndez\/Zunoticia Huejutla, Hgo.- Ante la falta de lluvias en esta zona de la huasteca, los Apicultores al momento pasan por una temporada muy cr\u00edtica, confirma el representantes de los productores de la miel, Ismael Marcos Juli\u00e1n; se\u00f1alando que las temperaturas se han elevado y eso provoca que las colmenas tengan un mayor problema&hellip; <a class=\"more-link\" href=\"https:\/\/www.zunoticia.com\/noticias-de-hidalgo\/2023\/07\/21\/impacta-falta-de-lluvias-apicultores-pasan-por-temporada-critica\/\">Seguir leyendo <span class=\"screen-reader-text\">Impacta falta de lluvias; apicultores pasan por temporada cr\u00edtica<\/span><\/a><\/p>\n","protected":false},"author":12,"featured_media":495224,"comment_status":"closed","ping_status":"open","sticky":false,"template":"","format":"standard","meta":{"rop_custom_images_group":[],"rop_custom_messages_group":[],"rop_publish_now":"initial","rop_publish_now_accounts":{"facebook_10159540855086992_322828327761733":""},"rop_publish_now_history":[],"rop_publish_now_status":"pending","footnotes":""},"categories":[181],"tags":[121],"class_list":["post-495261","post","type-post","status-publish","format-standard","has-post-thumbnail","hentry","category-huejutla","tag-huejutla","entry"],"_links":{"self":[{"href":"https:\/\/www.zunoticia.com\/noticias-de-hidalgo\/wp-json\/wp\/v2\/posts\/495261","targetHints":{"allow":["GET"]}}],"collection":[{"href":"https:\/\/www.zunoticia.com\/noticias-de-hidalgo\/wp-json\/wp\/v2\/posts"}],"about":[{"href":"https:\/\/www.zunoticia.com\/noticias-de-hidalgo\/wp-json\/wp\/v2\/types\/post"}],"author":[{"embeddable":true,"href":"https:\/\/www.zunoticia.com\/noticias-de-hidalgo\/wp-json\/wp\/v2\/users\/12"}],"replies":[{"embeddable":true,"href":"https:\/\/www.zunoticia.com\/noticias-de-hidalgo\/wp-json\/wp\/v2\/comments?post=495261"}],"version-history":[{"count":1,"href":"https:\/\/www.zunoticia.com\/noticias-de-hidalgo\/wp-json\/wp\/v2\/posts\/495261\/revisions"}],"predecessor-version":[{"id":495264,"href":"https:\/\/www.zunoticia.com\/noticias-de-hidalgo\/wp-json\/wp\/v2\/posts\/495261\/revisions\/495264"}],"wp:featuredmedia":[{"embeddable":true,"href":"https:\/\/www.zunoticia.com\/noticias-de-hidalgo\/wp-json\/wp\/v2\/media\/495224"}],"wp:attachment":[{"href":"https:\/\/www.zunoticia.com\/noticias-de-hidalgo\/wp-json\/wp\/v2\/media?parent=495261"}],"wp:term":[{"taxonomy":"category","embeddable":true,"href":"https:\/\/www.zunoticia.com\/noticias-de-hidalgo\/wp-json\/wp\/v2\/categories?post=495261"},{"taxonomy":"post_tag","embeddable":true,"href":"https:\/\/www.zunoticia.com\/noticias-de-hidalgo\/wp-json\/wp\/v2\/tags?post=495261"}],"curies":[{"name":"wp","href":"https:\/\/api.w.org\/{rel}","templated":true}]}}