{"id":495262,"date":"2023-07-21T21:48:28","date_gmt":"2023-07-22T03:48:28","guid":{"rendered":"https:\/\/www.zunoticia.com\/noticias-de-hidalgo\/?p=495262"},"modified":"2023-07-21T21:48:30","modified_gmt":"2023-07-22T03:48:30","slug":"con-jornada-de-vacunacion-se-protege-a-poblacion-canina-y-felina","status":"publish","type":"post","link":"https:\/\/www.zunoticia.com\/noticias-de-hidalgo\/2023\/07\/21\/con-jornada-de-vacunacion-se-protege-a-poblacion-canina-y-felina\/","title":{"rendered":"Con jornada de vacunaci\u00f3n se protege a poblaci\u00f3n canina y felina"},"content":{"rendered":"<aside class=\"mashsb-container mashsb-main mashsb-stretched\"><div class=\"mashsb-box\"><div class=\"mashsb-count mash-large\" style=\"float:left\"><div class=\"counts mashsbcount\">0<\/div><span class=\"mashsb-sharetext\">SHARES<\/span><\/div><div class=\"mashsb-buttons\"><a class=\"mashicon-facebook mash-large mash-center mashsb-noshadow\" href=\"https:\/\/www.facebook.com\/sharer.php?u=https%3A%2F%2Fwww.zunoticia.com%2Fnoticias-de-hidalgo%2F2023%2F07%2F21%2Fcon-jornada-de-vacunacion-se-protege-a-poblacion-canina-y-felina%2F\" target=\"_top\" rel=\"nofollow\"><span class=\"icon\"><\/span><span class=\"text\">Share<\/span><\/a><a class=\"mashicon-twitter mash-large mash-center mashsb-noshadow\" href=\"https:\/\/twitter.com\/intent\/tweet?text=&amp;url=https:\/\/www.zunoticia.com\/noticias-de-hidalgo\/2023\/07\/21\/con-jornada-de-vacunacion-se-protege-a-poblacion-canina-y-felina\/\" target=\"_top\" rel=\"nofollow\"><span class=\"icon\"><\/span><span class=\"text\">Tweet<\/span><\/a><div class=\"onoffswitch2 mash-large mashsb-noshadow\" style=\"display:none\"><\/div><\/div>\n            <\/div>\n                <div style=\"clear:both\"><\/div><div class=\"mashsb-toggle-container\"><\/div><\/aside>\n            <!-- Share buttons by mashshare.net - Version: 4.0.47-->\n<ul class=\"wp-block-list\">\n<li>En un acto de responsabilidad social, propietarios de perros y gatos acudieron al m\u00f3dulo de vacunaci\u00f3n que el Gobierno Municipal de Huejutla instal\u00f3 en la zona Centro de la ciudad durante este viernes 21 de julio.<\/li>\n<\/ul>\n\n\n\n<p><em>Por Redacci\u00f3n\/Zunoticia<\/em><\/p>\n\n\n\n<p><strong>Huejutla, Hgo.-<\/strong> En el marco del D\u00eda Mundial del Perro y con el objetivo de evitar la presencia de casos de rabia entre la poblaci\u00f3n canina y felina del municipio, el Gobierno Municipal, con el apoyo del \u00e1rea de Zoonosis de la Jurisdicci\u00f3n Sanitaria Huejutla, instal\u00f3 un m\u00f3dulo de vacunaci\u00f3n en la Plaza 21 de Mayo de la zona Centro de la Ciudad.<\/p>\n\n\n\n<figure class=\"wp-block-image size-large\"><img fetchpriority=\"high\" decoding=\"async\" width=\"1024\" height=\"682\" src=\"https:\/\/www.zunoticia.com\/noticias-de-hidalgo\/wp-content\/uploads\/2023\/07\/eZy-Watermark-21-07-2023-08-08-03-8660p.m.-1024x682.jpg\" alt=\"\" class=\"wp-image-495225\" srcset=\"https:\/\/www.zunoticia.com\/noticias-de-hidalgo\/wp-content\/uploads\/2023\/07\/eZy-Watermark-21-07-2023-08-08-03-8660p.m.-1024x682.jpg 1024w, https:\/\/www.zunoticia.com\/noticias-de-hidalgo\/wp-content\/uploads\/2023\/07\/eZy-Watermark-21-07-2023-08-08-03-8660p.m.-300x200.jpg 300w, https:\/\/www.zunoticia.com\/noticias-de-hidalgo\/wp-content\/uploads\/2023\/07\/eZy-Watermark-21-07-2023-08-08-03-8660p.m.-768x512.jpg 768w, https:\/\/www.zunoticia.com\/noticias-de-hidalgo\/wp-content\/uploads\/2023\/07\/eZy-Watermark-21-07-2023-08-08-03-8660p.m.-1536x1023.jpg 1536w, https:\/\/www.zunoticia.com\/noticias-de-hidalgo\/wp-content\/uploads\/2023\/07\/eZy-Watermark-21-07-2023-08-08-03-8660p.m.-1568x1045.jpg 1568w, https:\/\/www.zunoticia.com\/noticias-de-hidalgo\/wp-content\/uploads\/2023\/07\/eZy-Watermark-21-07-2023-08-08-03-8660p.m..jpg 1600w\" sizes=\"(max-width: 1024px) 100vw, 1024px\" \/><\/figure>\n\n\n\n<p>La aplicaci\u00f3n del biol\u00f3gico comenz\u00f3 desde temprana hora del viernes 21 de julio y culmin\u00f3 a las 3:00 pm, lapso en el que varios huejutlenses, en un acto de responsabilidad social, aprovecharon para llevar a vacunar a sus mascotas y de esa manera demostrarles el gran cari\u00f1o que les tienen al protegerlos contra dicho padecimiento.<\/p>\n\n\n\n<p>El m\u00f3dulo que estuvo bajo la coordinaci\u00f3n del personal adscrito al Departamento de Medio Ambiente y Recursos Naturales, adem\u00e1s de la aplicaci\u00f3n del biol\u00f3gico, se invitaba a quienes llevaban a sus perros y gatos, a mantener esa actitud responsable y estar siempre al pendiente de las necesidades que tengan sus mascotas.<\/p>\n\n\n\n<figure class=\"wp-block-image size-large\"><img decoding=\"async\" width=\"1024\" height=\"682\" src=\"https:\/\/www.zunoticia.com\/noticias-de-hidalgo\/wp-content\/uploads\/2023\/07\/eZy-Watermark-21-07-2023-08-07-47-8780p.m.-1024x682.jpg\" alt=\"\" class=\"wp-image-495227\" srcset=\"https:\/\/www.zunoticia.com\/noticias-de-hidalgo\/wp-content\/uploads\/2023\/07\/eZy-Watermark-21-07-2023-08-07-47-8780p.m.-1024x682.jpg 1024w, https:\/\/www.zunoticia.com\/noticias-de-hidalgo\/wp-content\/uploads\/2023\/07\/eZy-Watermark-21-07-2023-08-07-47-8780p.m.-300x200.jpg 300w, https:\/\/www.zunoticia.com\/noticias-de-hidalgo\/wp-content\/uploads\/2023\/07\/eZy-Watermark-21-07-2023-08-07-47-8780p.m.-768x512.jpg 768w, https:\/\/www.zunoticia.com\/noticias-de-hidalgo\/wp-content\/uploads\/2023\/07\/eZy-Watermark-21-07-2023-08-07-47-8780p.m.-1536x1023.jpg 1536w, https:\/\/www.zunoticia.com\/noticias-de-hidalgo\/wp-content\/uploads\/2023\/07\/eZy-Watermark-21-07-2023-08-07-47-8780p.m.-1568x1045.jpg 1568w, https:\/\/www.zunoticia.com\/noticias-de-hidalgo\/wp-content\/uploads\/2023\/07\/eZy-Watermark-21-07-2023-08-07-47-8780p.m..jpg 1600w\" sizes=\"(max-width: 1024px) 100vw, 1024px\" \/><\/figure>\n\n\n\n<p>Al respecto, quienes estuvieron al frente de dicha actividad agradecieron la disposici\u00f3n de la ciudadan\u00eda que tom\u00f3 la acertada decisi\u00f3n de sumarse a esta jornada e hicieron un exhorto a los propietarios y propietarias de mascotas a mantenerse atentos a las campa\u00f1as que se implementen en lo sucesivo y participar activamente en cada&nbsp;una&nbsp;de&nbsp;ellas.<\/p>\n","protected":false},"excerpt":{"rendered":"<p>Por Redacci\u00f3n\/Zunoticia Huejutla, Hgo.- En el marco del D\u00eda Mundial del Perro y con el objetivo de evitar la presencia de casos de rabia entre la poblaci\u00f3n canina y felina del municipio, el Gobierno Municipal, con el apoyo del \u00e1rea de Zoonosis de la Jurisdicci\u00f3n Sanitaria Huejutla, instal\u00f3 un m\u00f3dulo de vacunaci\u00f3n en la Plaza&hellip; <a class=\"more-link\" href=\"https:\/\/www.zunoticia.com\/noticias-de-hidalgo\/2023\/07\/21\/con-jornada-de-vacunacion-se-protege-a-poblacion-canina-y-felina\/\">Seguir leyendo <span class=\"screen-reader-text\">Con jornada de vacunaci\u00f3n se protege a poblaci\u00f3n canina y felina<\/span><\/a><\/p>\n","protected":false},"author":12,"featured_media":495228,"comment_status":"closed","ping_status":"open","sticky":false,"template":"","format":"standard","meta":{"rop_custom_images_group":[],"rop_custom_messages_group":[],"rop_publish_now":"initial","rop_publish_now_accounts":{"facebook_10159540855086992_322828327761733":""},"rop_publish_now_history":[],"rop_publish_now_status":"pending","footnotes":""},"categories":[181],"tags":[121],"class_list":["post-495262","post","type-post","status-publish","format-standard","has-post-thumbnail","hentry","category-huejutla","tag-huejutla","entry"],"_links":{"self":[{"href":"https:\/\/www.zunoticia.com\/noticias-de-hidalgo\/wp-json\/wp\/v2\/posts\/495262","targetHints":{"allow":["GET"]}}],"collection":[{"href":"https:\/\/www.zunoticia.com\/noticias-de-hidalgo\/wp-json\/wp\/v2\/posts"}],"about":[{"href":"https:\/\/www.zunoticia.com\/noticias-de-hidalgo\/wp-json\/wp\/v2\/types\/post"}],"author":[{"embeddable":true,"href":"https:\/\/www.zunoticia.com\/noticias-de-hidalgo\/wp-json\/wp\/v2\/users\/12"}],"replies":[{"embeddable":true,"href":"https:\/\/www.zunoticia.com\/noticias-de-hidalgo\/wp-json\/wp\/v2\/comments?post=495262"}],"version-history":[{"count":1,"href":"https:\/\/www.zunoticia.com\/noticias-de-hidalgo\/wp-json\/wp\/v2\/posts\/495262\/revisions"}],"predecessor-version":[{"id":495263,"href":"https:\/\/www.zunoticia.com\/noticias-de-hidalgo\/wp-json\/wp\/v2\/posts\/495262\/revisions\/495263"}],"wp:featuredmedia":[{"embeddable":true,"href":"https:\/\/www.zunoticia.com\/noticias-de-hidalgo\/wp-json\/wp\/v2\/media\/495228"}],"wp:attachment":[{"href":"https:\/\/www.zunoticia.com\/noticias-de-hidalgo\/wp-json\/wp\/v2\/media?parent=495262"}],"wp:term":[{"taxonomy":"category","embeddable":true,"href":"https:\/\/www.zunoticia.com\/noticias-de-hidalgo\/wp-json\/wp\/v2\/categories?post=495262"},{"taxonomy":"post_tag","embeddable":true,"href":"https:\/\/www.zunoticia.com\/noticias-de-hidalgo\/wp-json\/wp\/v2\/tags?post=495262"}],"curies":[{"name":"wp","href":"https:\/\/api.w.org\/{rel}","templated":true}]}}