{"id":495270,"date":"2023-07-21T22:06:51","date_gmt":"2023-07-22T04:06:51","guid":{"rendered":"https:\/\/www.zunoticia.com\/noticias-de-hidalgo\/?p=495270"},"modified":"2023-07-21T22:06:54","modified_gmt":"2023-07-22T04:06:54","slug":"piden-transportistas-arreglo-de-la-carretera-huejutla-atlapexco","status":"publish","type":"post","link":"https:\/\/www.zunoticia.com\/noticias-de-hidalgo\/2023\/07\/21\/piden-transportistas-arreglo-de-la-carretera-huejutla-atlapexco\/","title":{"rendered":"Piden transportistas arreglo de la carretera Huejutla \u2013 Atlapexco"},"content":{"rendered":"<aside class=\"mashsb-container mashsb-main mashsb-stretched\"><div class=\"mashsb-box\"><div class=\"mashsb-count mash-large\" style=\"float:left\"><div class=\"counts mashsbcount\">1<\/div><span class=\"mashsb-sharetext\">SHARES<\/span><\/div><div class=\"mashsb-buttons\"><a class=\"mashicon-facebook mash-large mash-center mashsb-noshadow\" href=\"https:\/\/www.facebook.com\/sharer.php?u=https%3A%2F%2Fwww.zunoticia.com%2Fnoticias-de-hidalgo%2F2023%2F07%2F21%2Fpiden-transportistas-arreglo-de-la-carretera-huejutla-atlapexco%2F\" target=\"_top\" rel=\"nofollow\"><span class=\"icon\"><\/span><span class=\"text\">Share<\/span><\/a><a class=\"mashicon-twitter mash-large mash-center mashsb-noshadow\" href=\"https:\/\/twitter.com\/intent\/tweet?text=&amp;url=https:\/\/www.zunoticia.com\/noticias-de-hidalgo\/2023\/07\/21\/piden-transportistas-arreglo-de-la-carretera-huejutla-atlapexco\/\" target=\"_top\" rel=\"nofollow\"><span class=\"icon\"><\/span><span class=\"text\">Tweet<\/span><\/a><div class=\"onoffswitch2 mash-large mashsb-noshadow\" style=\"display:none\"><\/div><\/div>\n            <\/div>\n                <div style=\"clear:both\"><\/div><div class=\"mashsb-toggle-container\"><\/div><\/aside>\n            <!-- Share buttons by mashshare.net - Version: 4.0.47-->\n<p><em>Por Karen Rivera\/Zunoticia<\/em><\/p>\n\n\n\n<p><strong>Atlapexco, Hgo.- <\/strong>Enormes baches son los que se han formado sobre el tramo carretero federal \u00c1lamo \u2013 Tamazunchale, situaci\u00f3n que ha generado inconformidad entre los automovilistas y transportistas, quienes solicitan a las autoridades reparen los hoyos de la r\u00faa.<\/p>\n\n\n\n<p>Eduardo Hern\u00e1ndez, de oficio transportista, mencion\u00f3 que, desde hace un tiempo sobre la r\u00faa federal 102, del trayecto de Candelaria, Humotitla a la cabecera de Atlapexco, se han formado enormes cr\u00e1teres que impiden el tr\u00e1nsito correcto de las unidades motrices, lo que en muchas ocasiones han generado la necesidad de invadir carril, provocando accidentes.<\/p>\n\n\n\n<figure class=\"wp-block-image size-large\"><img fetchpriority=\"high\" decoding=\"async\" width=\"1024\" height=\"577\" src=\"https:\/\/www.zunoticia.com\/noticias-de-hidalgo\/wp-content\/uploads\/2023\/07\/eZy-Watermark-21-07-2023-08-14-04-8660p.m.-1024x577.jpg\" alt=\"\" class=\"wp-image-495212\" srcset=\"https:\/\/www.zunoticia.com\/noticias-de-hidalgo\/wp-content\/uploads\/2023\/07\/eZy-Watermark-21-07-2023-08-14-04-8660p.m.-1024x577.jpg 1024w, https:\/\/www.zunoticia.com\/noticias-de-hidalgo\/wp-content\/uploads\/2023\/07\/eZy-Watermark-21-07-2023-08-14-04-8660p.m.-300x169.jpg 300w, https:\/\/www.zunoticia.com\/noticias-de-hidalgo\/wp-content\/uploads\/2023\/07\/eZy-Watermark-21-07-2023-08-14-04-8660p.m.-768x433.jpg 768w, https:\/\/www.zunoticia.com\/noticias-de-hidalgo\/wp-content\/uploads\/2023\/07\/eZy-Watermark-21-07-2023-08-14-04-8660p.m..jpg 1280w\" sizes=\"(max-width: 1024px) 100vw, 1024px\" \/><figcaption class=\"wp-element-caption\">Transportistas piden la rehabilitaci\u00f3n de la carretera.<\/figcaption><\/figure>\n\n\n\n<p>Indic\u00f3 que, las reparaciones de las piezas de los veh\u00edculos son costosas, y ahorita en temporada vacacional es dif\u00edcil costear dichos gastos, porque tanto alumnos y maestros son quienes hacen fuerte la econom\u00eda, que se reduce cuando es receso.<\/p>\n\n\n\n<p>Por lo antes expuesto, hizo un llamado a la Secretar\u00eda de Comunicaciones y Transportes (SCT), principalmente al \u00e1rea de Mantenimiento de Infraestructura Carretera, que tome cartas en el asunto y mejoren las condiciones de la r\u00faa federal.<\/p>\n","protected":false},"excerpt":{"rendered":"<p>Por Karen Rivera\/Zunoticia Atlapexco, Hgo.- Enormes baches son los que se han formado sobre el tramo carretero federal \u00c1lamo \u2013 Tamazunchale, situaci\u00f3n que ha generado inconformidad entre los automovilistas y transportistas, quienes solicitan a las autoridades reparen los hoyos de la r\u00faa. Eduardo Hern\u00e1ndez, de oficio transportista, mencion\u00f3 que, desde hace un tiempo sobre la&hellip; <a class=\"more-link\" href=\"https:\/\/www.zunoticia.com\/noticias-de-hidalgo\/2023\/07\/21\/piden-transportistas-arreglo-de-la-carretera-huejutla-atlapexco\/\">Seguir leyendo <span class=\"screen-reader-text\">Piden transportistas arreglo de la carretera Huejutla \u2013 Atlapexco<\/span><\/a><\/p>\n","protected":false},"author":12,"featured_media":495213,"comment_status":"closed","ping_status":"open","sticky":false,"template":"","format":"standard","meta":{"rop_custom_images_group":[],"rop_custom_messages_group":[],"rop_publish_now":"initial","rop_publish_now_accounts":{"facebook_10159540855086992_322828327761733":""},"rop_publish_now_history":[],"rop_publish_now_status":"pending","footnotes":""},"categories":[182],"tags":[133],"class_list":["post-495270","post","type-post","status-publish","format-standard","has-post-thumbnail","hentry","category-atlapexco","tag-atlapexco","entry"],"_links":{"self":[{"href":"https:\/\/www.zunoticia.com\/noticias-de-hidalgo\/wp-json\/wp\/v2\/posts\/495270","targetHints":{"allow":["GET"]}}],"collection":[{"href":"https:\/\/www.zunoticia.com\/noticias-de-hidalgo\/wp-json\/wp\/v2\/posts"}],"about":[{"href":"https:\/\/www.zunoticia.com\/noticias-de-hidalgo\/wp-json\/wp\/v2\/types\/post"}],"author":[{"embeddable":true,"href":"https:\/\/www.zunoticia.com\/noticias-de-hidalgo\/wp-json\/wp\/v2\/users\/12"}],"replies":[{"embeddable":true,"href":"https:\/\/www.zunoticia.com\/noticias-de-hidalgo\/wp-json\/wp\/v2\/comments?post=495270"}],"version-history":[{"count":1,"href":"https:\/\/www.zunoticia.com\/noticias-de-hidalgo\/wp-json\/wp\/v2\/posts\/495270\/revisions"}],"predecessor-version":[{"id":495272,"href":"https:\/\/www.zunoticia.com\/noticias-de-hidalgo\/wp-json\/wp\/v2\/posts\/495270\/revisions\/495272"}],"wp:featuredmedia":[{"embeddable":true,"href":"https:\/\/www.zunoticia.com\/noticias-de-hidalgo\/wp-json\/wp\/v2\/media\/495213"}],"wp:attachment":[{"href":"https:\/\/www.zunoticia.com\/noticias-de-hidalgo\/wp-json\/wp\/v2\/media?parent=495270"}],"wp:term":[{"taxonomy":"category","embeddable":true,"href":"https:\/\/www.zunoticia.com\/noticias-de-hidalgo\/wp-json\/wp\/v2\/categories?post=495270"},{"taxonomy":"post_tag","embeddable":true,"href":"https:\/\/www.zunoticia.com\/noticias-de-hidalgo\/wp-json\/wp\/v2\/tags?post=495270"}],"curies":[{"name":"wp","href":"https:\/\/api.w.org\/{rel}","templated":true}]}}