{"id":495280,"date":"2023-07-21T23:21:09","date_gmt":"2023-07-22T05:21:09","guid":{"rendered":"https:\/\/www.zunoticia.com\/noticias-de-hidalgo\/?p=495280"},"modified":"2023-07-21T23:21:11","modified_gmt":"2023-07-22T05:21:11","slug":"queda-establecido-descansar-los-martes-liberando-calles-aledanas-al-mercado","status":"publish","type":"post","link":"https:\/\/www.zunoticia.com\/noticias-de-hidalgo\/2023\/07\/21\/queda-establecido-descansar-los-martes-liberando-calles-aledanas-al-mercado\/","title":{"rendered":"Queda establecido descansar los martes liberando calles aleda\u00f1as al mercado"},"content":{"rendered":"<aside class=\"mashsb-container mashsb-main mashsb-stretched\"><div class=\"mashsb-box\"><div class=\"mashsb-count mash-large\" style=\"float:left\"><div class=\"counts mashsbcount\">31<\/div><span class=\"mashsb-sharetext\">SHARES<\/span><\/div><div class=\"mashsb-buttons\"><a class=\"mashicon-facebook mash-large mash-center mashsb-noshadow\" href=\"https:\/\/www.facebook.com\/sharer.php?u=https%3A%2F%2Fwww.zunoticia.com%2Fnoticias-de-hidalgo%2F2023%2F07%2F21%2Fqueda-establecido-descansar-los-martes-liberando-calles-aledanas-al-mercado%2F\" target=\"_top\" rel=\"nofollow\"><span class=\"icon\"><\/span><span class=\"text\">Share<\/span><\/a><a class=\"mashicon-twitter mash-large mash-center mashsb-noshadow\" href=\"https:\/\/twitter.com\/intent\/tweet?text=&amp;url=https:\/\/www.zunoticia.com\/noticias-de-hidalgo\/2023\/07\/21\/queda-establecido-descansar-los-martes-liberando-calles-aledanas-al-mercado\/\" target=\"_top\" rel=\"nofollow\"><span class=\"icon\"><\/span><span class=\"text\">Tweet<\/span><\/a><div class=\"onoffswitch2 mash-large mashsb-noshadow\" style=\"display:none\"><\/div><\/div>\n            <\/div>\n                <div style=\"clear:both\"><\/div><div class=\"mashsb-toggle-container\"><\/div><\/aside>\n            <!-- Share buttons by mashshare.net - Version: 4.0.47-->\n<p><em>Por Enedino Hern\u00e1ndez\/Zunoticia<\/em><\/p>\n\n\n\n<p><strong>Huejutla, Hgo.-<\/strong> Finalmente ha quedado establecido descansar durante los martes de cada semana para los comerciantes ambulantes que normalmente se ubican en las calles o arterias aleda\u00f1as a la zona del Mercado Municipal, se\u00f1ala el Director de Reglamentos en Huejutla, Miguel \u00c1ngel Vargas Castel\u00e1n.<\/p>\n\n\n\n<p>Dijo que, oportunamente la Presidencia Municipal, Reglamentos y los directivos de la UCTAHH y UCLTARH, llegaron al acuerdo de descansar de su actividad comercial los martes de cada semana a efecto de dar tambi\u00e9n una respuesta a la ciudadan\u00eda para que las calles tengan la fluidez del tr\u00e1fico vehicular y peatonal que se requiere.<\/p>\n\n\n\n<p>Reconoce que esta situaci\u00f3n no ha sido f\u00e1cil, pero gracias a que los directivos de las organizaciones de comerciantes han sido conscientes fue como oportunamente se llegaron a estos acuerdos, los cuales tendr\u00e1n la permanencia correspondiente, siempre y cuando los gremios que tambi\u00e9n acordaron con el Presidente para cumplir se lleven a cabo, ya que de otra manera esto podr\u00eda complicar un poco al avance que se tiene.<\/p>\n\n\n\n<p>Miguel \u00c1ngel Vargas Castel\u00e1n expone que, hasta el momento las partes involucradas est\u00e1n cumpliendo con los acuerdos, las calles se mantienen despejadas los martes de cada semana; tambi\u00e9n se tienen acuerdos de parte de otra organizaci\u00f3n que deben de cumplirse, sobre todo que los pasillos de acceso principal externos a la UCLA deben de permanecer libres de mercanc\u00eda para poder cumplir con todos los acuerdos que se tienen.<\/p>\n","protected":false},"excerpt":{"rendered":"<p>Por Enedino Hern\u00e1ndez\/Zunoticia Huejutla, Hgo.- Finalmente ha quedado establecido descansar durante los martes de cada semana para los comerciantes ambulantes que normalmente se ubican en las calles o arterias aleda\u00f1as a la zona del Mercado Municipal, se\u00f1ala el Director de Reglamentos en Huejutla, Miguel \u00c1ngel Vargas Castel\u00e1n. Dijo que, oportunamente la Presidencia Municipal, Reglamentos y&hellip; <a class=\"more-link\" href=\"https:\/\/www.zunoticia.com\/noticias-de-hidalgo\/2023\/07\/21\/queda-establecido-descansar-los-martes-liberando-calles-aledanas-al-mercado\/\">Seguir leyendo <span class=\"screen-reader-text\">Queda establecido descansar los martes liberando calles aleda\u00f1as al mercado<\/span><\/a><\/p>\n","protected":false},"author":12,"featured_media":495221,"comment_status":"closed","ping_status":"open","sticky":false,"template":"","format":"standard","meta":{"rop_custom_images_group":[],"rop_custom_messages_group":[],"rop_publish_now":"initial","rop_publish_now_accounts":{"facebook_10159540855086992_322828327761733":""},"rop_publish_now_history":[],"rop_publish_now_status":"pending","footnotes":""},"categories":[181],"tags":[121],"class_list":["post-495280","post","type-post","status-publish","format-standard","has-post-thumbnail","hentry","category-huejutla","tag-huejutla","entry"],"_links":{"self":[{"href":"https:\/\/www.zunoticia.com\/noticias-de-hidalgo\/wp-json\/wp\/v2\/posts\/495280","targetHints":{"allow":["GET"]}}],"collection":[{"href":"https:\/\/www.zunoticia.com\/noticias-de-hidalgo\/wp-json\/wp\/v2\/posts"}],"about":[{"href":"https:\/\/www.zunoticia.com\/noticias-de-hidalgo\/wp-json\/wp\/v2\/types\/post"}],"author":[{"embeddable":true,"href":"https:\/\/www.zunoticia.com\/noticias-de-hidalgo\/wp-json\/wp\/v2\/users\/12"}],"replies":[{"embeddable":true,"href":"https:\/\/www.zunoticia.com\/noticias-de-hidalgo\/wp-json\/wp\/v2\/comments?post=495280"}],"version-history":[{"count":1,"href":"https:\/\/www.zunoticia.com\/noticias-de-hidalgo\/wp-json\/wp\/v2\/posts\/495280\/revisions"}],"predecessor-version":[{"id":495284,"href":"https:\/\/www.zunoticia.com\/noticias-de-hidalgo\/wp-json\/wp\/v2\/posts\/495280\/revisions\/495284"}],"wp:featuredmedia":[{"embeddable":true,"href":"https:\/\/www.zunoticia.com\/noticias-de-hidalgo\/wp-json\/wp\/v2\/media\/495221"}],"wp:attachment":[{"href":"https:\/\/www.zunoticia.com\/noticias-de-hidalgo\/wp-json\/wp\/v2\/media?parent=495280"}],"wp:term":[{"taxonomy":"category","embeddable":true,"href":"https:\/\/www.zunoticia.com\/noticias-de-hidalgo\/wp-json\/wp\/v2\/categories?post=495280"},{"taxonomy":"post_tag","embeddable":true,"href":"https:\/\/www.zunoticia.com\/noticias-de-hidalgo\/wp-json\/wp\/v2\/tags?post=495280"}],"curies":[{"name":"wp","href":"https:\/\/api.w.org\/{rel}","templated":true}]}}