{"id":496031,"date":"2023-07-28T06:04:14","date_gmt":"2023-07-28T12:04:14","guid":{"rendered":"https:\/\/www.zunoticia.com\/noticias-de-hidalgo\/?p=496031"},"modified":"2023-07-28T06:04:16","modified_gmt":"2023-07-28T12:04:16","slug":"concluira-1era-semana-de-curso-de-verano-de-voleibol","status":"publish","type":"post","link":"https:\/\/www.zunoticia.com\/noticias-de-hidalgo\/2023\/07\/28\/concluira-1era-semana-de-curso-de-verano-de-voleibol\/","title":{"rendered":"Concluir\u00e1 1era semana de curso de verano de voleibol"},"content":{"rendered":"<aside class=\"mashsb-container mashsb-main mashsb-stretched\"><div class=\"mashsb-box\"><div class=\"mashsb-count mash-large\" style=\"float:left\"><div class=\"counts mashsbcount\">16<\/div><span class=\"mashsb-sharetext\">SHARES<\/span><\/div><div class=\"mashsb-buttons\"><a class=\"mashicon-facebook mash-large mash-center mashsb-noshadow\" href=\"https:\/\/www.facebook.com\/sharer.php?u=https%3A%2F%2Fwww.zunoticia.com%2Fnoticias-de-hidalgo%2F2023%2F07%2F28%2Fconcluira-1era-semana-de-curso-de-verano-de-voleibol%2F\" target=\"_top\" rel=\"nofollow\"><span class=\"icon\"><\/span><span class=\"text\">Share<\/span><\/a><a class=\"mashicon-twitter mash-large mash-center mashsb-noshadow\" href=\"https:\/\/twitter.com\/intent\/tweet?text=&amp;url=https:\/\/www.zunoticia.com\/noticias-de-hidalgo\/2023\/07\/28\/concluira-1era-semana-de-curso-de-verano-de-voleibol\/\" target=\"_top\" rel=\"nofollow\"><span class=\"icon\"><\/span><span class=\"text\">Tweet<\/span><\/a><div class=\"onoffswitch2 mash-large mashsb-noshadow\" style=\"display:none\"><\/div><\/div>\n            <\/div>\n                <div style=\"clear:both\"><\/div><div class=\"mashsb-toggle-container\"><\/div><\/aside>\n            <!-- Share buttons by mashshare.net - Version: 4.0.47-->\n<p><em>Por Jos\u00e9 Luis Romero Ruiz\/Zunoticia<\/em><\/p>\n\n\n\n<p><strong>Huejutla, Hgo.- <\/strong>El viernes 28 de julio del a\u00f1o en curso concluir\u00e1 la primera semana del 1er curso de verano de voleibol, as\u00ed lo dio a conocer el jugador profesional y seleccionado nacional de voleibol Javier Alejandro Melo Mares.<\/p>\n\n\n\n<p>Melo Mares refiri\u00f3 que, el 1er curso de verano de voleibol tendr\u00e1 una duraci\u00f3n de 4 semanas (de lunes a viernes) del 24 de julio al 18 de agosto del presente a\u00f1o, y que este viernes finalizar\u00e1 la primera semana, y que, como estaba previsto se est\u00e1 utilizando el auditorio municipal y la unidad deportiva \u201cColalambre\u201d de esta ciudad, finaliz\u00f3.<\/p>\n","protected":false},"excerpt":{"rendered":"<p>Por Jos\u00e9 Luis Romero Ruiz\/Zunoticia Huejutla, Hgo.- El viernes 28 de julio del a\u00f1o en curso concluir\u00e1 la primera semana del 1er curso de verano de voleibol, as\u00ed lo dio a conocer el jugador profesional y seleccionado nacional de voleibol Javier Alejandro Melo Mares. Melo Mares refiri\u00f3 que, el 1er curso de verano de voleibol&hellip; <a class=\"more-link\" href=\"https:\/\/www.zunoticia.com\/noticias-de-hidalgo\/2023\/07\/28\/concluira-1era-semana-de-curso-de-verano-de-voleibol\/\">Seguir leyendo <span class=\"screen-reader-text\">Concluir\u00e1 1era semana de curso de verano de voleibol<\/span><\/a><\/p>\n","protected":false},"author":12,"featured_media":496035,"comment_status":"closed","ping_status":"open","sticky":false,"template":"","format":"standard","meta":{"rop_custom_images_group":[],"rop_custom_messages_group":[],"rop_publish_now":"initial","rop_publish_now_accounts":{"facebook_10159540855086992_322828327761733":""},"rop_publish_now_history":[],"rop_publish_now_status":"pending","footnotes":""},"categories":[177,181],"tags":[215],"class_list":["post-496031","post","type-post","status-publish","format-standard","has-post-thumbnail","hentry","category-deportes","category-huejutla","tag-deportes","entry"],"_links":{"self":[{"href":"https:\/\/www.zunoticia.com\/noticias-de-hidalgo\/wp-json\/wp\/v2\/posts\/496031","targetHints":{"allow":["GET"]}}],"collection":[{"href":"https:\/\/www.zunoticia.com\/noticias-de-hidalgo\/wp-json\/wp\/v2\/posts"}],"about":[{"href":"https:\/\/www.zunoticia.com\/noticias-de-hidalgo\/wp-json\/wp\/v2\/types\/post"}],"author":[{"embeddable":true,"href":"https:\/\/www.zunoticia.com\/noticias-de-hidalgo\/wp-json\/wp\/v2\/users\/12"}],"replies":[{"embeddable":true,"href":"https:\/\/www.zunoticia.com\/noticias-de-hidalgo\/wp-json\/wp\/v2\/comments?post=496031"}],"version-history":[{"count":1,"href":"https:\/\/www.zunoticia.com\/noticias-de-hidalgo\/wp-json\/wp\/v2\/posts\/496031\/revisions"}],"predecessor-version":[{"id":496036,"href":"https:\/\/www.zunoticia.com\/noticias-de-hidalgo\/wp-json\/wp\/v2\/posts\/496031\/revisions\/496036"}],"wp:featuredmedia":[{"embeddable":true,"href":"https:\/\/www.zunoticia.com\/noticias-de-hidalgo\/wp-json\/wp\/v2\/media\/496035"}],"wp:attachment":[{"href":"https:\/\/www.zunoticia.com\/noticias-de-hidalgo\/wp-json\/wp\/v2\/media?parent=496031"}],"wp:term":[{"taxonomy":"category","embeddable":true,"href":"https:\/\/www.zunoticia.com\/noticias-de-hidalgo\/wp-json\/wp\/v2\/categories?post=496031"},{"taxonomy":"post_tag","embeddable":true,"href":"https:\/\/www.zunoticia.com\/noticias-de-hidalgo\/wp-json\/wp\/v2\/tags?post=496031"}],"curies":[{"name":"wp","href":"https:\/\/api.w.org\/{rel}","templated":true}]}}