{"id":496055,"date":"2023-07-28T11:49:17","date_gmt":"2023-07-28T17:49:17","guid":{"rendered":"https:\/\/www.zunoticia.com\/noticias-de-hidalgo\/?p=496055"},"modified":"2023-07-28T11:49:18","modified_gmt":"2023-07-28T17:49:18","slug":"mediante-diversas-dinamicas-fortalecen-trabajo-en-el-crirh","status":"publish","type":"post","link":"https:\/\/www.zunoticia.com\/noticias-de-hidalgo\/2023\/07\/28\/mediante-diversas-dinamicas-fortalecen-trabajo-en-el-crirh\/","title":{"rendered":"Mediante diversas din\u00e1micas fortalecen trabajo en el CRIRH"},"content":{"rendered":"<aside class=\"mashsb-container mashsb-main mashsb-stretched\"><div class=\"mashsb-box\"><div class=\"mashsb-count mash-large\" style=\"float:left\"><div class=\"counts mashsbcount\">34<\/div><span class=\"mashsb-sharetext\">SHARES<\/span><\/div><div class=\"mashsb-buttons\"><a class=\"mashicon-facebook mash-large mash-center mashsb-noshadow\" href=\"https:\/\/www.facebook.com\/sharer.php?u=https%3A%2F%2Fwww.zunoticia.com%2Fnoticias-de-hidalgo%2F2023%2F07%2F28%2Fmediante-diversas-dinamicas-fortalecen-trabajo-en-el-crirh%2F\" target=\"_top\" rel=\"nofollow\"><span class=\"icon\"><\/span><span class=\"text\">Share<\/span><\/a><a class=\"mashicon-twitter mash-large mash-center mashsb-noshadow\" href=\"https:\/\/twitter.com\/intent\/tweet?text=&amp;url=https:\/\/www.zunoticia.com\/noticias-de-hidalgo\/2023\/07\/28\/mediante-diversas-dinamicas-fortalecen-trabajo-en-el-crirh\/\" target=\"_top\" rel=\"nofollow\"><span class=\"icon\"><\/span><span class=\"text\">Tweet<\/span><\/a><div class=\"onoffswitch2 mash-large mashsb-noshadow\" style=\"display:none\"><\/div><\/div>\n            <\/div>\n                <div style=\"clear:both\"><\/div><div class=\"mashsb-toggle-container\"><\/div><\/aside>\n            <!-- Share buttons by mashshare.net - Version: 4.0.47-->\n<p><em>Por Enedino Hern\u00e1ndez\/Zunoticia<\/em><\/p>\n\n\n\n<p><strong>Huejutla, Hgo<\/strong>.- Mediante la aplicaci\u00f3n de diversas din\u00e1micas al momento se fortalecen las actividades laborales en el Centro de Rehabilitaci\u00f3n Integral Regional Huejutla (CRIRH).<\/p>\n\n\n\n<p>Una de las din\u00e1micas aplicadas fue la celebraci\u00f3n el d\u00eda mi\u00e9rcoles de la presente semana, del cumplea\u00f1os de la directora del CRIRH, Anahi Sagah\u00f3n Rodr\u00edguez; quien reconoci\u00f3 el trabajo conjunto y en equipo que se aplica en este lugar.<\/p>\n\n\n\n<p>En su momento, destac\u00f3 que, durante la gesti\u00f3n se busca la integraci\u00f3n del equipo de trabajo con din\u00e1micas y actividades que favorezcan la mejora de las relaciones entre el personal.<\/p>\n\n\n\n<p>Es importante se\u00f1alar que, en el Centro de Rehabilitaci\u00f3n Integral Regional Huejutla se brinda atenci\u00f3n en: Terapia f\u00edsica, Estimulaci\u00f3n temprana, Terapia de lenguaje, Terapia ocupacional, Consulta m\u00e9dica de rehabilitaci\u00f3n, Psicolog\u00eda, Hidroterapia y Transporte DIF Contigo.<\/p>\n\n\n\n<p>Finalmente, se dio a conocer que la atenci\u00f3n en el CRIRH es de lunes a viernes, de 08:00 a las 16:00 horas, cuatro de la tarde y se ubica sobre carretera federal M\u00e9xico Tampico en el Km 210.<\/p>\n\n\n\n<figure class=\"wp-block-gallery has-nested-images columns-default is-cropped wp-block-gallery-1 is-layout-flex wp-block-gallery-is-layout-flex\">\n<figure class=\"wp-block-image size-large\"><img fetchpriority=\"high\" decoding=\"async\" width=\"940\" height=\"788\" data-id=\"496057\" src=\"https:\/\/www.zunoticia.com\/noticias-de-hidalgo\/wp-content\/uploads\/2023\/07\/Diseno-sin-titulo-2-36.png\" alt=\"\" class=\"wp-image-496057\" srcset=\"https:\/\/www.zunoticia.com\/noticias-de-hidalgo\/wp-content\/uploads\/2023\/07\/Diseno-sin-titulo-2-36.png 940w, https:\/\/www.zunoticia.com\/noticias-de-hidalgo\/wp-content\/uploads\/2023\/07\/Diseno-sin-titulo-2-36-300x251.png 300w, https:\/\/www.zunoticia.com\/noticias-de-hidalgo\/wp-content\/uploads\/2023\/07\/Diseno-sin-titulo-2-36-768x644.png 768w\" sizes=\"(max-width: 940px) 100vw, 940px\" \/><\/figure>\n\n\n\n<figure class=\"wp-block-image size-large\"><img decoding=\"async\" width=\"940\" height=\"788\" data-id=\"496058\" src=\"https:\/\/www.zunoticia.com\/noticias-de-hidalgo\/wp-content\/uploads\/2023\/07\/Diseno-sin-titulo-1-176.png\" alt=\"\" class=\"wp-image-496058\" srcset=\"https:\/\/www.zunoticia.com\/noticias-de-hidalgo\/wp-content\/uploads\/2023\/07\/Diseno-sin-titulo-1-176.png 940w, https:\/\/www.zunoticia.com\/noticias-de-hidalgo\/wp-content\/uploads\/2023\/07\/Diseno-sin-titulo-1-176-300x251.png 300w, https:\/\/www.zunoticia.com\/noticias-de-hidalgo\/wp-content\/uploads\/2023\/07\/Diseno-sin-titulo-1-176-768x644.png 768w\" sizes=\"(max-width: 940px) 100vw, 940px\" \/><\/figure>\n<\/figure>\n","protected":false},"excerpt":{"rendered":"<p>Por Enedino Hern\u00e1ndez\/Zunoticia Huejutla, Hgo.- Mediante la aplicaci\u00f3n de diversas din\u00e1micas al momento se fortalecen las actividades laborales en el Centro de Rehabilitaci\u00f3n Integral Regional Huejutla (CRIRH). Una de las din\u00e1micas aplicadas fue la celebraci\u00f3n el d\u00eda mi\u00e9rcoles de la presente semana, del cumplea\u00f1os de la directora del CRIRH, Anahi Sagah\u00f3n Rodr\u00edguez; quien reconoci\u00f3 el&hellip; <a class=\"more-link\" href=\"https:\/\/www.zunoticia.com\/noticias-de-hidalgo\/2023\/07\/28\/mediante-diversas-dinamicas-fortalecen-trabajo-en-el-crirh\/\">Seguir leyendo <span class=\"screen-reader-text\">Mediante diversas din\u00e1micas fortalecen trabajo en el CRIRH<\/span><\/a><\/p>\n","protected":false},"author":20,"featured_media":496056,"comment_status":"closed","ping_status":"open","sticky":false,"template":"","format":"standard","meta":{"rop_custom_images_group":[],"rop_custom_messages_group":[],"rop_publish_now":"initial","rop_publish_now_accounts":{"facebook_10159540855086992_322828327761733":""},"rop_publish_now_history":[],"rop_publish_now_status":"pending","footnotes":""},"categories":[181],"tags":[121],"class_list":["post-496055","post","type-post","status-publish","format-standard","has-post-thumbnail","hentry","category-huejutla","tag-huejutla","entry"],"_links":{"self":[{"href":"https:\/\/www.zunoticia.com\/noticias-de-hidalgo\/wp-json\/wp\/v2\/posts\/496055","targetHints":{"allow":["GET"]}}],"collection":[{"href":"https:\/\/www.zunoticia.com\/noticias-de-hidalgo\/wp-json\/wp\/v2\/posts"}],"about":[{"href":"https:\/\/www.zunoticia.com\/noticias-de-hidalgo\/wp-json\/wp\/v2\/types\/post"}],"author":[{"embeddable":true,"href":"https:\/\/www.zunoticia.com\/noticias-de-hidalgo\/wp-json\/wp\/v2\/users\/20"}],"replies":[{"embeddable":true,"href":"https:\/\/www.zunoticia.com\/noticias-de-hidalgo\/wp-json\/wp\/v2\/comments?post=496055"}],"version-history":[{"count":1,"href":"https:\/\/www.zunoticia.com\/noticias-de-hidalgo\/wp-json\/wp\/v2\/posts\/496055\/revisions"}],"predecessor-version":[{"id":496059,"href":"https:\/\/www.zunoticia.com\/noticias-de-hidalgo\/wp-json\/wp\/v2\/posts\/496055\/revisions\/496059"}],"wp:featuredmedia":[{"embeddable":true,"href":"https:\/\/www.zunoticia.com\/noticias-de-hidalgo\/wp-json\/wp\/v2\/media\/496056"}],"wp:attachment":[{"href":"https:\/\/www.zunoticia.com\/noticias-de-hidalgo\/wp-json\/wp\/v2\/media?parent=496055"}],"wp:term":[{"taxonomy":"category","embeddable":true,"href":"https:\/\/www.zunoticia.com\/noticias-de-hidalgo\/wp-json\/wp\/v2\/categories?post=496055"},{"taxonomy":"post_tag","embeddable":true,"href":"https:\/\/www.zunoticia.com\/noticias-de-hidalgo\/wp-json\/wp\/v2\/tags?post=496055"}],"curies":[{"name":"wp","href":"https:\/\/api.w.org\/{rel}","templated":true}]}}