{"id":496060,"date":"2023-07-28T11:56:46","date_gmt":"2023-07-28T17:56:46","guid":{"rendered":"https:\/\/www.zunoticia.com\/noticias-de-hidalgo\/?p=496060"},"modified":"2023-07-28T11:56:47","modified_gmt":"2023-07-28T17:56:47","slug":"desaparecio-adolescente-2","status":"publish","type":"post","link":"https:\/\/www.zunoticia.com\/noticias-de-hidalgo\/2023\/07\/28\/desaparecio-adolescente-2\/","title":{"rendered":"Desapareci\u00f3 adolescente"},"content":{"rendered":"<aside class=\"mashsb-container mashsb-main mashsb-stretched\"><div class=\"mashsb-box\"><div class=\"mashsb-count mash-large\" style=\"float:left\"><div class=\"counts mashsbcount\">63<\/div><span class=\"mashsb-sharetext\">SHARES<\/span><\/div><div class=\"mashsb-buttons\"><a class=\"mashicon-facebook mash-large mash-center mashsb-noshadow\" href=\"https:\/\/www.facebook.com\/sharer.php?u=https%3A%2F%2Fwww.zunoticia.com%2Fnoticias-de-hidalgo%2F2023%2F07%2F28%2Fdesaparecio-adolescente-2%2F\" target=\"_top\" rel=\"nofollow\"><span class=\"icon\"><\/span><span class=\"text\">Share<\/span><\/a><a class=\"mashicon-twitter mash-large mash-center mashsb-noshadow\" href=\"https:\/\/twitter.com\/intent\/tweet?text=&amp;url=https:\/\/www.zunoticia.com\/noticias-de-hidalgo\/2023\/07\/28\/desaparecio-adolescente-2\/\" target=\"_top\" rel=\"nofollow\"><span class=\"icon\"><\/span><span class=\"text\">Tweet<\/span><\/a><div class=\"onoffswitch2 mash-large mashsb-noshadow\" style=\"display:none\"><\/div><\/div>\n            <\/div>\n                <div style=\"clear:both\"><\/div><div class=\"mashsb-toggle-container\"><\/div><\/aside>\n            <!-- Share buttons by mashshare.net - Version: 4.0.47-->\n<p><em>Por Roberto Meza\/Zunoticia<\/em><\/p>\n\n\n\n<p><strong>San Felipe Orizatl\u00e1n, Hgo<\/strong>.- Familiares de un adolescente del municipio de San Felipe Orizatl\u00e1n, reportaron que un adolescente desapareci\u00f3, por lo que est\u00e1n solicitando de la colaboraci\u00f3n ciudadana para poder dar con el paradero del menor de edad.<\/p>\n\n\n\n<p>Se trata de Heber Michel Orta Hern\u00e1ndez, de 13 a\u00f1os de edad, de esa municipalidad, quien sali\u00f3 de su casa este jueves, aproximadamente a las 9:30 pm, viste playera y pantal\u00f3n de color negro, tenis blancos, lleva mochila en color gris con azul.<\/p>\n\n\n\n<p>Sus familiares est\u00e1n solicitando el apoyo de la ciudadan\u00eda para que brinden cualquier informaci\u00f3n que llegasen a tener o si llegan a ver este adolescente, pueden comunicarse a los siguientes n\u00fameros de celular 7713332268&nbsp;&nbsp; 7711879011.<\/p>\n\n\n\n<p><\/p>\n","protected":false},"excerpt":{"rendered":"<p>Por Roberto Meza\/Zunoticia San Felipe Orizatl\u00e1n, Hgo.- Familiares de un adolescente del municipio de San Felipe Orizatl\u00e1n, reportaron que un adolescente desapareci\u00f3, por lo que est\u00e1n solicitando de la colaboraci\u00f3n ciudadana para poder dar con el paradero del menor de edad. Se trata de Heber Michel Orta Hern\u00e1ndez, de 13 a\u00f1os de edad, de esa&hellip; <a class=\"more-link\" href=\"https:\/\/www.zunoticia.com\/noticias-de-hidalgo\/2023\/07\/28\/desaparecio-adolescente-2\/\">Seguir leyendo <span class=\"screen-reader-text\">Desapareci\u00f3 adolescente<\/span><\/a><\/p>\n","protected":false},"author":20,"featured_media":496061,"comment_status":"closed","ping_status":"open","sticky":false,"template":"","format":"standard","meta":{"rop_custom_images_group":[],"rop_custom_messages_group":[],"rop_publish_now":"initial","rop_publish_now_accounts":{"facebook_10159540855086992_322828327761733":""},"rop_publish_now_history":[],"rop_publish_now_status":"pending","footnotes":""},"categories":[178],"tags":[259],"class_list":["post-496060","post","type-post","status-publish","format-standard","has-post-thumbnail","hentry","category-policiaca","tag-policiaca","entry"],"_links":{"self":[{"href":"https:\/\/www.zunoticia.com\/noticias-de-hidalgo\/wp-json\/wp\/v2\/posts\/496060","targetHints":{"allow":["GET"]}}],"collection":[{"href":"https:\/\/www.zunoticia.com\/noticias-de-hidalgo\/wp-json\/wp\/v2\/posts"}],"about":[{"href":"https:\/\/www.zunoticia.com\/noticias-de-hidalgo\/wp-json\/wp\/v2\/types\/post"}],"author":[{"embeddable":true,"href":"https:\/\/www.zunoticia.com\/noticias-de-hidalgo\/wp-json\/wp\/v2\/users\/20"}],"replies":[{"embeddable":true,"href":"https:\/\/www.zunoticia.com\/noticias-de-hidalgo\/wp-json\/wp\/v2\/comments?post=496060"}],"version-history":[{"count":1,"href":"https:\/\/www.zunoticia.com\/noticias-de-hidalgo\/wp-json\/wp\/v2\/posts\/496060\/revisions"}],"predecessor-version":[{"id":496062,"href":"https:\/\/www.zunoticia.com\/noticias-de-hidalgo\/wp-json\/wp\/v2\/posts\/496060\/revisions\/496062"}],"wp:featuredmedia":[{"embeddable":true,"href":"https:\/\/www.zunoticia.com\/noticias-de-hidalgo\/wp-json\/wp\/v2\/media\/496061"}],"wp:attachment":[{"href":"https:\/\/www.zunoticia.com\/noticias-de-hidalgo\/wp-json\/wp\/v2\/media?parent=496060"}],"wp:term":[{"taxonomy":"category","embeddable":true,"href":"https:\/\/www.zunoticia.com\/noticias-de-hidalgo\/wp-json\/wp\/v2\/categories?post=496060"},{"taxonomy":"post_tag","embeddable":true,"href":"https:\/\/www.zunoticia.com\/noticias-de-hidalgo\/wp-json\/wp\/v2\/tags?post=496060"}],"curies":[{"name":"wp","href":"https:\/\/api.w.org\/{rel}","templated":true}]}}